{"id":124521,"date":"2025-12-24T03:35:10","date_gmt":"2025-12-24T03:35:10","guid":{"rendered":"https:\/\/www.europesays.com\/fi\/124521\/"},"modified":"2025-12-24T03:35:10","modified_gmt":"2025-12-24T03:35:10","slug":"passikuvaa-ei-voisi-jatkossa-ottaa-omin-pain-esitysluonnos-lahti-lausunnoille-uutisia-lyhyesti","status":"publish","type":"post","link":"https:\/\/www.europesays.com\/fi\/124521\/","title":{"rendered":"Passikuvaa ei voisi jatkossa ottaa omin p\u00e4in \u2013 esitysluonnos l\u00e4hti lausunnoille | Uutisia lyhyesti"},"content":{"rendered":"<p class=\"aw-1gybjub aw-1p7kakr kEtdKx cEmitX yle__article__paragraph\">Passikuvien vaatimuksia halutaan tiukentaa. Jatkossa esimerkiksi omaa passikuvaansa ei voisi en\u00e4\u00e4 ottaa itse, ilmenee hallituksen esitysluonnoksesta. Asian vahvistaa STT:lle sis\u00e4ministeri\u00f6n johtava asiantuntija <strong class=\"aw-ak79eh KyCXm yle__article__strong\">Mikko Cantell<\/strong>.<\/p>\n<p class=\"aw-1gybjub aw-1p7kakr kEtdKx cEmitX yle__article__paragraph\">Passikuvan ottajan pit\u00e4isi olla poikkeustilanteita lukuun ottamatta taho, jonka kaupparekisteriin merkittyn\u00e4 toimialana tai tarkoituksena on valokuvaustoiminta.<\/p>\n<p class=\"aw-1gybjub aw-1p7kakr kEtdKx cEmitX yle__article__paragraph\">Sis\u00e4ministeri\u00f6 l\u00e4hetti lausuntokierrokselle hallituksen esitysluonnoksen passilain ja henkil\u00f6korttilain muuttamiseksi tiistaina. Lakimuutoksilla on m\u00e4\u00e4r\u00e4 pident\u00e4\u00e4 passien ja henkil\u00f6korttien voimassaoloa 10 vuoteen.<\/p>\n","protected":false},"excerpt":{"rendered":"Passikuvien vaatimuksia halutaan tiukentaa. Jatkossa esimerkiksi omaa passikuvaansa ei voisi en\u00e4\u00e4 ottaa itse, ilmenee hallituksen esitysluonnoksesta. Asian vahvistaa&hellip;\n","protected":false},"author":2,"featured_media":124522,"comment_status":"","ping_status":"","sticky":false,"template":"","format":"standard","meta":{"footnotes":""},"categories":[5],"tags":[22,23,26,27,33,31,30,17,71,24,25,28,29,15,18,21,22213,22214,22120,637,32,19,20,16],"class_list":{"0":"post-124521","1":"post","2":"type-post","3":"status-publish","4":"format-standard","5":"has-post-thumbnail","7":"category-otsikot","8":"tag-breaking-news","9":"tag-breakingnews","10":"tag-featured-news","11":"tag-featurednews","12":"tag-fi","13":"tag-finland","14":"tag-finnish","15":"tag-headlines","16":"tag-kotimaa","17":"tag-latest-news","18":"tag-latestnews","19":"tag-main-news","20":"tag-mainnews","21":"tag-news","22":"tag-otsikot","23":"tag-paauutiset","24":"tag-passikuvat","25":"tag-passikuvaus","26":"tag-passit","27":"tag-politiikka","28":"tag-suomi","29":"tag-top-stories","30":"tag-topstories","31":"tag-uutiset"},"share_on_mastodon":{"url":"https:\/\/pubeurope.com\/@fi\/115772451922917122","error":""},"_links":{"self":[{"href":"https:\/\/www.europesays.com\/fi\/wp-json\/wp\/v2\/posts\/124521","targetHints":{"allow":["GET"]}}],"collection":[{"href":"https:\/\/www.europesays.com\/fi\/wp-json\/wp\/v2\/posts"}],"about":[{"href":"https:\/\/www.europesays.com\/fi\/wp-json\/wp\/v2\/types\/post"}],"author":[{"embeddable":true,"href":"https:\/\/www.europesays.com\/fi\/wp-json\/wp\/v2\/users\/2"}],"replies":[{"embeddable":true,"href":"https:\/\/www.europesays.com\/fi\/wp-json\/wp\/v2\/comments?post=124521"}],"version-history":[{"count":0,"href":"https:\/\/www.europesays.com\/fi\/wp-json\/wp\/v2\/posts\/124521\/revisions"}],"wp:featuredmedia":[{"embeddable":true,"href":"https:\/\/www.europesays.com\/fi\/wp-json\/wp\/v2\/media\/124522"}],"wp:attachment":[{"href":"https:\/\/www.europesays.com\/fi\/wp-json\/wp\/v2\/media?parent=124521"}],"wp:term":[{"taxonomy":"category","embeddable":true,"href":"https:\/\/www.europesays.com\/fi\/wp-json\/wp\/v2\/categories?post=124521"},{"taxonomy":"post_tag","embeddable":true,"href":"https:\/\/www.europesays.com\/fi\/wp-json\/wp\/v2\/tags?post=124521"}],"curies":[{"name":"wp","href":"https:\/\/api.w.org\/{rel}","templated":true}]}}