{"id":124528,"date":"2025-12-24T03:58:09","date_gmt":"2025-12-24T03:58:09","guid":{"rendered":"https:\/\/www.europesays.com\/fi\/124528\/"},"modified":"2025-12-24T03:58:09","modified_gmt":"2025-12-24T03:58:09","slug":"vuoden-auto-suomessa-2026-voittaja-yllatti-tuo-magean-ajettavuuden","status":"publish","type":"post","link":"https:\/\/www.europesays.com\/fi\/124528\/","title":{"rendered":"Vuoden auto Suomessa 2026 -voittaja yll\u00e4tti \u2013 \u201dTuo magean ajettavuuden\u201d"},"content":{"rendered":"<p>Vuoden auto Suomessa -voittaja oli pieni yll\u00e4tys, kertoo toimittaja Arttu Toivonen Autoradio-podcastissa.<\/p>\n<p class=\"paragraph\">Vuoden auto Suomessa 2026 -voittaja on valittu. <a href=\"https:\/\/open.spotify.com\/show\/6ntM067EVnirMw9fENIxjq?si=cfe04da7b4d24883\" target=\"_blank\" rel=\"noopener nofollow\">Autoradio-podcastissa<\/a> autotoimittajat <strong>Arttu Toivonen<\/strong> ja <strong>Henri Posa<\/strong> k\u00e4yv\u00e4t l\u00e4pi finaalitaiston.<\/p>\n<p class=\"paragraph\">Voittajaksi valittiin t\u00e4n\u00e4 vuonna Mercedes-Benz CLA, ja valinta yll\u00e4tti ainakin Toivosen. H\u00e4n huomauttaa, ett\u00e4 aiempina vuosina valintaa on m\u00e4\u00e4ritt\u00e4nyt rahalle saatava vastine.<\/p>\n<p class=\"paragraph\">\u2013 Siell\u00e4 on \u00e4\u00e4nestetty sellaisia superj\u00e4rkevi\u00e4 autoja. Sellaisia autoja, joilla ei ole pulssia, eiv\u00e4tk\u00e4 ne her\u00e4t\u00e4 keness\u00e4k\u00e4\u00e4n mit\u00e4\u00e4n fiiliksi\u00e4, Toivonen lataa.<\/p>\n<p class=\"paragraph\">CLA sen sijaan her\u00e4tt\u00e4\u00e4 \u201dfiiliksi\u00e4\u201d ja oli finalisteista Toivosen henkil\u00f6kohtainen suosikki.<\/p>\n<p class=\"paragraph\">\u2013 Se toi tuohon kokoluokkaan todella magean ajettavuuden ja Mercedeksen laatutuntuman, Toivonen sanoo.<\/p>\n<p class=\"paragraph\">Viisi muuta autoa olivat nekin paikkansa finaalissa ansainneet. Henri Posa katsoo, ett\u00e4 valikoima kertoo auton ostajien kannalta onnellisesta tilanteesta.<\/p>\n<p class=\"paragraph\">\u2013 Markkinoilla on todella hyvi\u00e4 autoja!<\/p>\n<p class=\"paragraph\">Mit\u00e4 kisan loppuj\u00e4rjestys kertoo ja kenelle n\u00e4m\u00e4 autot sopivat? Kuuntele <a href=\"https:\/\/open.spotify.com\/show\/6ntM067EVnirMw9fENIxjq?si=cfe04da7b4d24883\" target=\"_blank\" rel=\"noopener nofollow\">koko jakso<\/a> t\u00e4m\u00e4n jutun soittimella, Spotifysta tai valitsemastasi podcast-palvelusta. Videon kera jakson l\u00f6yt\u00e4\u00e4 Iltalehden Youtube-kanavalta.<\/p>\n<p class=\"paragraph\">Autoradio on Iltalehden auto- ja liikenneaiheinen podcast. Uusi jakso julkaistaan maanantaisin.<\/p>\n","protected":false},"excerpt":{"rendered":"Vuoden auto Suomessa -voittaja oli pieni yll\u00e4tys, kertoo toimittaja Arttu Toivonen Autoradio-podcastissa. Vuoden auto Suomessa 2026 -voittaja on&hellip;\n","protected":false},"author":2,"featured_media":124529,"comment_status":"","ping_status":"","sticky":false,"template":"","format":"standard","meta":{"footnotes":""},"categories":[76],"tags":[35,648,79,77,33,31,30,121,1048,82,32,78,128],"class_list":{"0":"post-124528","1":"post","2":"type-post","3":"status-publish","4":"format-standard","5":"has-post-thumbnail","7":"category-talous","8":"tag-24h","9":"tag-autot","10":"tag-business","11":"tag-economy","12":"tag-fi","13":"tag-finland","14":"tag-finnish","15":"tag-liikenne-ja-kuljetus","16":"tag-maakulkuneuvot","17":"tag-moottoriajoneuvot","18":"tag-suomi","19":"tag-talous","20":"tag-tieliikenne"},"share_on_mastodon":{"url":"https:\/\/pubeurope.com\/@fi\/115772542557423914","error":""},"_links":{"self":[{"href":"https:\/\/www.europesays.com\/fi\/wp-json\/wp\/v2\/posts\/124528","targetHints":{"allow":["GET"]}}],"collection":[{"href":"https:\/\/www.europesays.com\/fi\/wp-json\/wp\/v2\/posts"}],"about":[{"href":"https:\/\/www.europesays.com\/fi\/wp-json\/wp\/v2\/types\/post"}],"author":[{"embeddable":true,"href":"https:\/\/www.europesays.com\/fi\/wp-json\/wp\/v2\/users\/2"}],"replies":[{"embeddable":true,"href":"https:\/\/www.europesays.com\/fi\/wp-json\/wp\/v2\/comments?post=124528"}],"version-history":[{"count":0,"href":"https:\/\/www.europesays.com\/fi\/wp-json\/wp\/v2\/posts\/124528\/revisions"}],"wp:featuredmedia":[{"embeddable":true,"href":"https:\/\/www.europesays.com\/fi\/wp-json\/wp\/v2\/media\/124529"}],"wp:attachment":[{"href":"https:\/\/www.europesays.com\/fi\/wp-json\/wp\/v2\/media?parent=124528"}],"wp:term":[{"taxonomy":"category","embeddable":true,"href":"https:\/\/www.europesays.com\/fi\/wp-json\/wp\/v2\/categories?post=124528"},{"taxonomy":"post_tag","embeddable":true,"href":"https:\/\/www.europesays.com\/fi\/wp-json\/wp\/v2\/tags?post=124528"}],"curies":[{"name":"wp","href":"https:\/\/api.w.org\/{rel}","templated":true}]}}