{"id":12453,"date":"2025-08-21T20:09:07","date_gmt":"2025-08-21T20:09:07","guid":{"rendered":"https:\/\/www.europesays.com\/fi\/12453\/"},"modified":"2025-08-21T20:09:07","modified_gmt":"2025-08-21T20:09:07","slug":"trumpilta-kyseenalainen-vaite-sodista-iltalehti","status":"publish","type":"post","link":"https:\/\/www.europesays.com\/fi\/12453\/","title":{"rendered":"Trumpilta kyseenalainen v\u00e4ite sodista &#8211; Iltalehti"},"content":{"rendered":"<ol>\n<li><a href=\"https:\/\/news.google.com\/rss\/articles\/CBMifEFVX3lxTFBXd1FFMU05TjI1RmdkbFpCX2R1dFJEMkdFZjQyU3pvdWJhNlk4UlRNYlIyeDVPV0JoVkRSZ1VoRG9nVm5TcXNGajgxMDZLX2NzblNsRm5MbFRWOGYxQlVXdEJDWVN2NGRTaEx3SF9aNk1obm5jdFRPdDVaTHE?oc=5\" target=\"_blank\" rel=\"nofollow noopener\">Trumpilta kyseenalainen v\u00e4ite sodista<\/a>&nbsp;&nbsp;Iltalehti<\/li>\n<li><a href=\"https:\/\/news.google.com\/rss\/articles\/CBMiXkFVX3lxTE1PUE5NSHpfNDBhZnhJUXFWdEk1U21fREh4aHQ3LXlpc2VkaVdwb1BySTdJaXF0TW5QSHBJdEVLdTdHdW5wNVdnNFNrVVRWZ0hOcHpDRDlXc0N4Y3puSlE?oc=5\" target=\"_blank\" rel=\"nofollow noopener\">Trumpilta kumma v\u00e4ite \u2013 t\u00e4m\u00e4 on totuus<\/a>&nbsp;&nbsp;Ilta-Sanomat<\/li>\n<li><a href=\"https:\/\/news.google.com\/rss\/articles\/CBMiQkFVX3lxTFBfVHIteG1RaWNFd2lPSkduMFZzRllteVhPZGVFWTRVcDhsZDhHbE8zS3VNWEZKRE1ycld3UXBXMVBFdw?oc=5\" target=\"_blank\" rel=\"nofollow noopener\">Trump sanoo est\u00e4neens\u00e4 kuusi sotaa \u2013 katso itse, voiko h\u00e4n ottaa n\u00e4ist\u00e4 tapahtumista kunniaa<\/a>&nbsp;&nbsp;Yle<\/li>\n<li><a href=\"https:\/\/news.google.com\/rss\/articles\/CBMiXEFVX3lxTE1Sd2xWOGdNLWZMM19GbGF4Z3prU2trV25ZVWc4SFVIbGx1X2lOMlBsTjNqYWRKZWRzNWRtajRjYm56TlNkc3JEMFlNOFI4N3RRdTc2MWYxUDRwbTBH?oc=5\" target=\"_blank\" rel=\"nofollow noopener\">Yhdysvallat | Rauhanpalkintoa tavoitteleva Trump sanoo lopettaneensa jo kuusi sotaa<\/a>&nbsp;&nbsp;HS.fi<\/li>\n<li><a href=\"https:\/\/news.google.com\/rss\/articles\/CBMimgFBVV95cUxPTEo4Rjl3c05pZU4yZ2I1SlFMSmY1OHVpckgzMTZzM2tZaHJoZHBONDV6WW1qcVRXRmpzQjlTQmxOZWxsaDFJZk9ucHc1Y05hRUZZenljcl9CZnNPV2daaHdnM0U0a3NXaFp4aUlmYW1Vai1fUFFMaXJRTWZ6NXRQUVdMSXY5WGtoeGpUeXlGRkJwbnV3eGpQenRR?oc=5\" target=\"_blank\" rel=\"nofollow noopener\">Donald Trump v\u00e4itt\u00e4\u00e4 lopettaneensa kuusi sotaa: Totta vai tarua?<\/a>&nbsp;&nbsp;Verkkouutiset<\/li>\n<\/ol>\n","protected":false},"excerpt":{"rendered":"Trumpilta kyseenalainen v\u00e4ite sodista&nbsp;&nbsp;Iltalehti Trumpilta kumma v\u00e4ite \u2013 t\u00e4m\u00e4 on totuus&nbsp;&nbsp;Ilta-Sanomat Trump sanoo est\u00e4neens\u00e4 kuusi sotaa \u2013 katso&hellip;\n","protected":false},"author":2,"featured_media":12454,"comment_status":"","ping_status":"","sticky":false,"template":"","format":"standard","meta":{"footnotes":""},"categories":[14],"tags":[35,22,23,26,27,33,31,30,17,24,25,28,29,15,18,21,142,637,144,32,19,20,56,16,638,59,60,61,143],"class_list":{"0":"post-12453","1":"post","2":"type-post","3":"status-publish","4":"format-standard","5":"has-post-thumbnail","7":"category-ulkomaat","8":"tag-24h","9":"tag-breaking-news","10":"tag-breakingnews","11":"tag-featured-news","12":"tag-featurednews","13":"tag-fi","14":"tag-finland","15":"tag-finnish","16":"tag-headlines","17":"tag-latest-news","18":"tag-latestnews","19":"tag-main-news","20":"tag-mainnews","21":"tag-news","22":"tag-otsikot","23":"tag-paauutiset","24":"tag-poliitikot","25":"tag-politiikka","26":"tag-presidentti","27":"tag-suomi","28":"tag-top-stories","29":"tag-topstories","30":"tag-ulkomaat","31":"tag-uutiset","32":"tag-valtiovalta","33":"tag-world","34":"tag-world-news","35":"tag-worldnews","36":"tag-yhdysvaltain-politiikka"},"share_on_mastodon":{"url":"","error":""},"_links":{"self":[{"href":"https:\/\/www.europesays.com\/fi\/wp-json\/wp\/v2\/posts\/12453","targetHints":{"allow":["GET"]}}],"collection":[{"href":"https:\/\/www.europesays.com\/fi\/wp-json\/wp\/v2\/posts"}],"about":[{"href":"https:\/\/www.europesays.com\/fi\/wp-json\/wp\/v2\/types\/post"}],"author":[{"embeddable":true,"href":"https:\/\/www.europesays.com\/fi\/wp-json\/wp\/v2\/users\/2"}],"replies":[{"embeddable":true,"href":"https:\/\/www.europesays.com\/fi\/wp-json\/wp\/v2\/comments?post=12453"}],"version-history":[{"count":0,"href":"https:\/\/www.europesays.com\/fi\/wp-json\/wp\/v2\/posts\/12453\/revisions"}],"wp:featuredmedia":[{"embeddable":true,"href":"https:\/\/www.europesays.com\/fi\/wp-json\/wp\/v2\/media\/12454"}],"wp:attachment":[{"href":"https:\/\/www.europesays.com\/fi\/wp-json\/wp\/v2\/media?parent=12453"}],"wp:term":[{"taxonomy":"category","embeddable":true,"href":"https:\/\/www.europesays.com\/fi\/wp-json\/wp\/v2\/categories?post=12453"},{"taxonomy":"post_tag","embeddable":true,"href":"https:\/\/www.europesays.com\/fi\/wp-json\/wp\/v2\/tags?post=12453"}],"curies":[{"name":"wp","href":"https:\/\/api.w.org\/{rel}","templated":true}]}}