{"id":124554,"date":"2025-12-24T04:53:22","date_gmt":"2025-12-24T04:53:22","guid":{"rendered":"https:\/\/www.europesays.com\/fi\/124554\/"},"modified":"2025-12-24T04:53:22","modified_gmt":"2025-12-24T04:53:22","slug":"meri-teki-paatoksen-syyttomien-oikeuskulujen-korvauksista-ei-leikata","status":"publish","type":"post","link":"https:\/\/www.europesays.com\/fi\/124554\/","title":{"rendered":"Meri teki p\u00e4\u00e4t\u00f6ksen: Syytt\u00f6mien oikeuskulujen korvauksista ei leikata"},"content":{"rendered":"<p>Oikeusvaltio|Oikeusministeri sanoo, ett\u00e4 selvitetty leikkaus olisi ollut ep\u00e4oikeudenmukainen.<\/p>\n<p>22.12. 10:28 | P\u00e4ivitetty 22.12. 11:53<\/p>\n<p class=\"article-body mb-nof-24 px-nof-16\">Syytt\u00f6mien oikeus\u00adkulujen korvauksesta ei leikata. Syytteist\u00e4 vapautettujen oikeudenk\u00e4yntikuluista maksettavien korvausten leikkaamista on selvitetty oikeusministeri\u00f6ss\u00e4, mutta oikeusministeri <a class=\"article-personlink\" href=\"https:\/\/www.hs.fi\/haku\/?query=Leena%20Meren\" rel=\"nofollow noopener\" target=\"_blank\">Leena Meren<\/a> (ps) mukaan suunnitelmaa ei toteuteta.<\/p>\n<p class=\"article-body mb-nof-24 px-nof-16\">\u201dViime viikon sidosryhm\u00e4tapaamisessa tuli p\u00e4\u00e4osin negatiivista palautetta. Tulin siihen lopputulokseen, ett\u00e4 t\u00e4m\u00e4 kuulostaa ep\u00e4oikeudenmukaiselta ja oikeustajun vastaiselta, joten s\u00e4\u00e4st\u00f6jen saamiseksi pit\u00e4\u00e4 keksi\u00e4 muita keinoja\u201d, Meri sanoo.<\/p>\n<p class=\"article-body mb-nof-24 px-nof-16\">H\u00e4n kertoi jo viikonloppuna kipuilevansa asian kanssa.<\/p>\n<p class=\"article-body mb-nof-24 px-nof-16\">Syytetyll\u00e4 on nykyisin oikeus saada kohtuullinen korvaus oikeudenk\u00e4yntikuluistaan, jos virallisen syytt\u00e4j\u00e4n ajama syyte hyl\u00e4t\u00e4\u00e4n. Tuomioistuin p\u00e4\u00e4tt\u00e4\u00e4 tapauskohtaisesti korvausten kohtuullisuudesta.<\/p>\n<p class=\"article-body mb-nof-24 px-nof-16\">Helsingin Sanomat <a class=\"underline underline-offset-[0.12em] [text-decoration-thickness:var(--generic-link-underline-thickness)] [text-decoration-color:var(--generic-link-underline-color)] [text-decoration-skip-ink:var(--generic-link-underline-skip-ink)] break-words\" href=\"https:\/\/www.hs.fi\/tutkiva\/art-2000011692031.html\" rel=\"nofollow noopener\" target=\"_blank\">kertoi<\/a> viiime viikolla, ett\u00e4 jos ministeri\u00f6ss\u00e4 valmisteltu lakihanke toteutuisi, syytt\u00f6m\u00e4ksi oikeudessa todettujen keskim\u00e4\u00e4r\u00e4iset korvaukset putoaisivat puoleen nykyisest\u00e4 tasosta.<\/p>\n<p class=\"article-body mb-nof-24 px-nof-16\">Meri kertoo, ett\u00e4 runsaan kahden miljoonan euron korvaavat s\u00e4\u00e4st\u00f6t tulee l\u00f6yt\u00e4\u00e4 ensi kev\u00e4\u00e4n kehysriiheen menness\u00e4. Helppoa siit\u00e4 ei tule.<\/p>\n<p class=\"article-body mb-nof-24 px-nof-16\">\u201dT\u00e4ss\u00e4 alkaa olla sellainen tilanne, ett\u00e4 mist\u00e4 leikkaat. Vaikea l\u00f6yt\u00e4\u00e4 kohteita ilman, ett\u00e4 v\u00e4henn\u00e4t tuomareita ja syytt\u00e4ji\u00e4.\u201d<\/p>\n<p class=\"article-body mb-nof-24 px-nof-16\">Meri sanoo h\u00e4mm\u00e4styneens\u00e4 siit\u00e4, ett\u00e4 suunnitelmasta leikata syytt\u00f6mien oikeus\u00adkulujen korvauksesta \u201dnousi suurikin kohu\u201d.<\/p>\n<p class=\"article-body mb-nof-24 px-nof-16\">\u201dT\u00e4m\u00e4h\u00e4n oli vasta selvitys. Oli koko ajan tarkoituskin, ett\u00e4 poliittiset p\u00e4\u00e4t\u00f6kset tehd\u00e4\u00e4n my\u00f6hemmin.\u201d<\/p>\n<p class=\"article-body mb-nof-24 px-nof-16\">Oikeusministeri\u00f6n mukaan nykyisin valtio maksaa syytt\u00f6mien avustajille keskim\u00e4\u00e4rin 219 euron tuntipalkkion. Lakiluonnoksessa kaavailtiin kattoa sek\u00e4 tuntikorvaukseen ett\u00e4 ett\u00e4 laskutettavien tuntien m\u00e4\u00e4r\u00e4\u00e4n. Tuntikorvaus olisi rajattu 120 euroon. Tunteja voisi ilman erityisen painavaa syyt\u00e4 laskuttaa korkeintaan 80.<\/p>\n<p class=\"article-body mb-nof-24 px-nof-16\">Selvityksen taustalla olivat hallituksen s\u00e4\u00e4st\u00f6tavoitteet ja oikeudenk\u00e4yntikulukorvausten kasvu. Meri arvioi sen liittyneen ainakin osin tapausruuhkien purkautumiseen.<\/p>\n<p class=\"article-body nof-ui-body-medium mb-nof-24 px-nof-16\">Oikaisu 22.12.2025 klo 11.51. Jutussa luki virheellisesti, ett\u00e4 syytt\u00f6mien oikeusavusta ei leikata. Oikea muotoilu kuitenkin on, ett\u00e4 syytt\u00f6mien oikeuskulujen korvauksesta ei leikata.<\/p>\n","protected":false},"excerpt":{"rendered":"Oikeusvaltio|Oikeusministeri sanoo, ett\u00e4 selvitetty leikkaus olisi ollut ep\u00e4oikeudenmukainen. 22.12. 10:28 | P\u00e4ivitetty 22.12. 11:53 Syytt\u00f6mien oikeus\u00adkulujen korvauksesta ei&hellip;\n","protected":false},"author":2,"featured_media":124555,"comment_status":"","ping_status":"","sticky":false,"template":"","format":"standard","meta":{"footnotes":""},"categories":[5],"tags":[22,23,26,27,33,31,30,17,46,24,25,28,29,15,18,21,32,19,20,16],"class_list":{"0":"post-124554","1":"post","2":"type-post","3":"status-publish","4":"format-standard","5":"has-post-thumbnail","7":"category-otsikot","8":"tag-breaking-news","9":"tag-breakingnews","10":"tag-featured-news","11":"tag-featurednews","12":"tag-fi","13":"tag-finland","14":"tag-finnish","15":"tag-headlines","16":"tag-helsingin-sanomat","17":"tag-latest-news","18":"tag-latestnews","19":"tag-main-news","20":"tag-mainnews","21":"tag-news","22":"tag-otsikot","23":"tag-paauutiset","24":"tag-suomi","25":"tag-top-stories","26":"tag-topstories","27":"tag-uutiset"},"share_on_mastodon":{"url":"https:\/\/pubeurope.com\/@fi\/115772758600226578","error":""},"_links":{"self":[{"href":"https:\/\/www.europesays.com\/fi\/wp-json\/wp\/v2\/posts\/124554","targetHints":{"allow":["GET"]}}],"collection":[{"href":"https:\/\/www.europesays.com\/fi\/wp-json\/wp\/v2\/posts"}],"about":[{"href":"https:\/\/www.europesays.com\/fi\/wp-json\/wp\/v2\/types\/post"}],"author":[{"embeddable":true,"href":"https:\/\/www.europesays.com\/fi\/wp-json\/wp\/v2\/users\/2"}],"replies":[{"embeddable":true,"href":"https:\/\/www.europesays.com\/fi\/wp-json\/wp\/v2\/comments?post=124554"}],"version-history":[{"count":0,"href":"https:\/\/www.europesays.com\/fi\/wp-json\/wp\/v2\/posts\/124554\/revisions"}],"wp:featuredmedia":[{"embeddable":true,"href":"https:\/\/www.europesays.com\/fi\/wp-json\/wp\/v2\/media\/124555"}],"wp:attachment":[{"href":"https:\/\/www.europesays.com\/fi\/wp-json\/wp\/v2\/media?parent=124554"}],"wp:term":[{"taxonomy":"category","embeddable":true,"href":"https:\/\/www.europesays.com\/fi\/wp-json\/wp\/v2\/categories?post=124554"},{"taxonomy":"post_tag","embeddable":true,"href":"https:\/\/www.europesays.com\/fi\/wp-json\/wp\/v2\/tags?post=124554"}],"curies":[{"name":"wp","href":"https:\/\/api.w.org\/{rel}","templated":true}]}}