{"id":124578,"date":"2025-12-24T05:44:10","date_gmt":"2025-12-24T05:44:10","guid":{"rendered":"https:\/\/www.europesays.com\/fi\/124578\/"},"modified":"2025-12-24T05:44:10","modified_gmt":"2025-12-24T05:44:10","slug":"ristomatti-hakolan-joulu-tuhoutui-naapurin-erkki-oli-liikaa-sokki","status":"publish","type":"post","link":"https:\/\/www.europesays.com\/fi\/124578\/","title":{"rendered":"Ristomatti Hakolan joulu tuhoutui \u2013 Naapurin Erkki oli liikaa: \u201d\u0160okki\u201d"},"content":{"rendered":"<p>Hiiht\u00e4j\u00e4 kertoo v\u00e4rikk\u00e4it\u00e4 joulumuistoja.<\/p>\n<p><img decoding=\"async\" class=\"image image-show image-preview\" src=\"https:\/\/www.europesays.com\/fi\/wp-content\/uploads\/2025\/12\/bf77b4d011baa2cd499f3eea7244c2f4138fdb321a82611ff7a58163d23b1550.jpg\" alt=\"\"\/><img decoding=\"async\" class=\"image image-show\" src=\"https:\/\/www.europesays.com\/fi\/wp-content\/uploads\/2025\/12\/1766555048_719_bf77b4d011baa2cd499f3eea7244c2f4138fdb321a82611ff7a58163d23b1550.jpg\" alt=\"\"\/><\/p>\n<p>\u2013 Joulu on paras juhla, sanoo Ristomatti Hakola. Pasi Liesimaa<\/p>\n<p class=\"paragraph\">Se jouluaatto oli niin karmaiseva, ett\u00e4 maastohiiht\u00e4j\u00e4 <strong>Ristomatti Hakola<\/strong>, 34, muistaa tapahtumat kuin eilisen p\u00e4iv\u00e4n. Elettiin 1990-luvun puoliv\u00e4li\u00e4 Kankaanp\u00e4\u00e4ss\u00e4.<\/p>\n<p class=\"paragraph\">\u2013 J\u00e4lkik\u00e4teen k\u00e4vi ilmi, ett\u00e4 is\u00e4ni <strong>Tuomo<\/strong> oli tilannut vahingossa kaksi joulupukkia, Hakola muistelee.<\/p>\n<p class=\"paragraph\">Ensin pirttiin asteli Kankaanp\u00e4\u00e4n Mailalta tilattu valkoparta. Homma sujui niin kuin aina: laulettiin pukille, istuttiin polvella ja jaettiin paketit.<\/p>\n<p class=\"paragraph\">My\u00f6hemmin jouluaaton aikana tupaan tupsahti punanutun ylleen nakannut naapurin <strong>Erkki<\/strong>.<\/p>\n<p class=\"paragraph\">\u2013 Toinen pukki oli \u0161okki. Menin piiloon s\u00e4nkyni alle.<\/p>\n<p class=\"paragraph\">Naapurin Erkki oli Hakolan ruokakunnan luottopukki.<\/p>\n<p class=\"paragraph\">\u2013 Pukilla oli joskus keppin\u00e4 mun j\u00e4\u00e4kiekkomaila. Kun pukki l\u00e4hti, kysyin vanhemmiltani, oliko se naapurin Erkki \u2013 pukista kantautui Erkin tuoksu.<\/p>\n<p class=\"paragraph\">Pukkivierailut eiv\u00e4t menneet ihan putkeen.<\/p>\n<p class=\"paragraph\">\u2013 Is\u00e4ni tarjosi pukille konjamiini\u00e4. H\u00e4n nosti parran yl\u00f6s ja kippasi paukun kurkusta alas.<\/p>\n<p class=\"paragraph\">My\u00f6s Hakolan oma pukkikeikka 2000-luvulla meni pl\u00f6rin\u00e4ksi.<\/p>\n<p class=\"paragraph\">\u2013 Olin intin esimiehen perheess\u00e4. Perheen tyt\u00e4r uskoi juuri ja juuri satuhahmoon. Keikka meni siihen asti hyvin, kunnes pihalla otin kuumottavan parran pois. Tytt\u00f6 katsoi sill\u00e4 hetkell\u00e4 ikkunasta ja huusi, ett\u00e4 seh\u00e4n on Ristomatti.<\/p>\n<p>Evankeliumi ulkomuistista<\/p>\n<p>Hiihtolenkki jouluaattona on kuulunut Ristomatti Hakolan pirtaan siit\u00e4 asti, kun h\u00e4n on pysynyt pystyss\u00e4 suksilla. Pasi Liesimaa<\/p>\n<p class=\"paragraph\">Hakolalla oli lapsuudessaan monelle suomalaisnassikalle tuttu rituaali: h\u00e4n ymp\u00e4r\u00f6i Lasten suuresta lelukirjasta suunnilleen jokaisen tuotteen.<\/p>\n<p class=\"paragraph\">\u2013 Toivoin joka vuosi Playstationia, mutta sain pienimm\u00e4n Legon, Hakola kuvailee.<\/p>\n<p class=\"paragraph\">\u2013 Vanhempana ymm\u00e4rsin, etteiv\u00e4t lelut ole ihan halpoja. Pehme\u00e4t paketit olivat lapsuudessa ik\u00e4vi\u00e4, enk\u00e4 antanut arvoa pitkille kalsareille. Nykyisin kalsarit ovat ihan parhaita lahjoja, pitkiss\u00e4 alushousuissa viihtyv\u00e4 mies kertoo.<\/p>\n<p class=\"paragraph\">Ristomatin is\u00e4 Tuomo Hakola on todella tarmokas yritt\u00e4j\u00e4, joka ei toisinaan malttanut pysy\u00e4 aloillaan edes jouluaattona.<\/p>\n<p class=\"paragraph\">\u2013 Is\u00e4 on aika raju talkoomies. Ei h\u00e4n aina ole ollut edes joulup\u00f6yd\u00e4ss\u00e4, vaan Kankaanp\u00e4\u00e4ss\u00e4 tykitt\u00e4m\u00e4ss\u00e4 lunta.<\/p>\n<p class=\"paragraph\">Ristomatti, \u00e4iti ja kahdeksan vuotta hiiht\u00e4j\u00e4\u00e4 vanhempi isoveli s\u00f6iv\u00e4t kesken\u00e4\u00e4n.<\/p>\n<p class=\"paragraph\">\u2013 \u00c4iti on monesti rakentanut meille joulun. H\u00e4n on painanut hommia niska limassa, ett\u00e4 olosuhteet ovat parhaat mahdolliset. Min\u00e4 olen p\u00f6ll\u00e4ht\u00e4nyt kahta k\u00e4tt\u00e4 heiluttaen joulup\u00f6yt\u00e4\u00e4n, vaikka en edes ole kova jouluruokamies.<\/p>\n<p class=\"paragraph\">Hiiht\u00e4j\u00e4 sujauttaa suuhunsa pyhien aikaan mieluiten Lindtin suklaapalloja.<\/p>\n<p class=\"paragraph\">\u2013 Meid\u00e4n perheess\u00e4 nuorin luki aina \u00e4\u00e4neen jouluevankeliumin. Osaan tekstin l\u00e4hes ulkoa.<\/p>\n<p>Viimeinen hiihtojoulu?<\/p>\n<p>Lumi tuo hiiht\u00e4j\u00e4lle joulun. \u2013 Se on ihan ehdoton juttu. Muuten ei p\u00e4\u00e4se tunnelmaan, Ristomatti Hakola sanoo. Pasi Liesimaa<\/p>\n<p class=\"paragraph\">Aikuisi\u00e4ll\u00e4 ammattilaishiihto on sanellut, miten hiiht\u00e4j\u00e4n suosikkijuhlaa vietet\u00e4\u00e4n.<\/p>\n<p class=\"paragraph\">\u2013 Valmistauduimme <strong>Lauri Lepist\u00f6n<\/strong> kanssa Vuokatin alppimajassa vuoden 2020 Tour de Skille. Lauri toi aattona pari piparia p\u00f6yt\u00e4\u00e4n. Sitten mentiin nukkumaan.<\/p>\n<p class=\"paragraph\">Antikliimaksi oli, ett\u00e4 Hakola sairastui, eik\u00e4 edes p\u00e4\u00e4ssyt Keski-Euroopan kiertueelle.<\/p>\n<p class=\"paragraph\">Vuosi sitten pyhi\u00e4 vietettiin Sveitsin Davosissa.<\/p>\n<p class=\"paragraph\">\u2013 Se oli aika hieno kokemus. Komea paikka, ladut olivat timanttiset ja kelit mahtavat. Ei se samanlainen ollut kuin kotona, mutta erilainen, Hakola kommentoi.<\/p>\n<p class=\"paragraph\">\u2013 Ollaan em\u00e4nn\u00e4n kanssa puhuttu, ett\u00e4 vietett\u00e4isiin joulua joka toinen vuosi h\u00e4nen l\u00e4heistens\u00e4 parissa ja joka toinen minun. Yht\u00e4l\u00f6 ei ole \u201dihan\u201d toteutunut, h\u00e4n lis\u00e4\u00e4.<\/p>\n<p class=\"paragraph\">Vuoden p\u00e4\u00e4st\u00e4 tilanne saattaa olla toinen, jos Hakola ly\u00f6 sukset pussiin. Tilanne on t\u00e4ll\u00e4 hetkell\u00e4 fifty-sixty.<\/p>\n<p class=\"paragraph\">Samanlaiset prosentit ovat sille, valmistuuko Hakolan ja <strong>Eveliina<\/strong>-puolison uusi omakotitalo Kauniaiseen vuoden 2026 jouluksi.<\/p>\n<p><a href=\"https:\/\/www.iltalehti.fi\/telkku\/?utm_source=iltalehti.fi&amp;utm_medium=almainternal&amp;utm_campaign=urheilu_artikkelibanneri&amp;utm_content=banner_612_a\" rel=\"nofollow noopener\" target=\"_blank\"><img decoding=\"async\" src=\"https:\/\/www.europesays.com\/fi\/wp-content\/uploads\/2025\/08\/7ef604e47d46ca174b7df4149bd3557dbde56a86d520f8e1b2125548b0a2e03a.png\" alt=\"TV-ohjelmat t\u00e4n\u00e4\u00e4n, TV-opas\"\/><\/a><\/p>\n","protected":false},"excerpt":{"rendered":"Hiiht\u00e4j\u00e4 kertoo v\u00e4rikk\u00e4it\u00e4 joulumuistoja. \u2013 Joulu on paras juhla, sanoo Ristomatti Hakola. Pasi Liesimaa Se jouluaatto oli niin&hellip;\n","protected":false},"author":2,"featured_media":124579,"comment_status":"","ping_status":"","sticky":false,"template":"","format":"standard","meta":{"footnotes":""},"categories":[12],"tags":[35,22,23,26,27,33,31,30,17,2096,3674,14442,24,25,3318,28,29,15,18,21,2668,32,19,20,16],"class_list":{"0":"post-124578","1":"post","2":"type-post","3":"status-publish","4":"format-standard","5":"has-post-thumbnail","7":"category-suomi","8":"tag-24h","9":"tag-breaking-news","10":"tag-breakingnews","11":"tag-featured-news","12":"tag-featurednews","13":"tag-fi","14":"tag-finland","15":"tag-finnish","16":"tag-headlines","17":"tag-hiihtolajit","18":"tag-juhla-ja-vapaapaivat","19":"tag-kansalliset-ja-kansainvaliset-juhlapaivat","20":"tag-latest-news","21":"tag-latestnews","22":"tag-maastohiihto","23":"tag-main-news","24":"tag-mainnews","25":"tag-news","26":"tag-otsikot","27":"tag-paauutiset","28":"tag-pohjoismaiset-hiihtolajit","29":"tag-suomi","30":"tag-top-stories","31":"tag-topstories","32":"tag-uutiset"},"share_on_mastodon":{"url":"https:\/\/pubeurope.com\/@fi\/115772959497043606","error":""},"_links":{"self":[{"href":"https:\/\/www.europesays.com\/fi\/wp-json\/wp\/v2\/posts\/124578","targetHints":{"allow":["GET"]}}],"collection":[{"href":"https:\/\/www.europesays.com\/fi\/wp-json\/wp\/v2\/posts"}],"about":[{"href":"https:\/\/www.europesays.com\/fi\/wp-json\/wp\/v2\/types\/post"}],"author":[{"embeddable":true,"href":"https:\/\/www.europesays.com\/fi\/wp-json\/wp\/v2\/users\/2"}],"replies":[{"embeddable":true,"href":"https:\/\/www.europesays.com\/fi\/wp-json\/wp\/v2\/comments?post=124578"}],"version-history":[{"count":0,"href":"https:\/\/www.europesays.com\/fi\/wp-json\/wp\/v2\/posts\/124578\/revisions"}],"wp:featuredmedia":[{"embeddable":true,"href":"https:\/\/www.europesays.com\/fi\/wp-json\/wp\/v2\/media\/124579"}],"wp:attachment":[{"href":"https:\/\/www.europesays.com\/fi\/wp-json\/wp\/v2\/media?parent=124578"}],"wp:term":[{"taxonomy":"category","embeddable":true,"href":"https:\/\/www.europesays.com\/fi\/wp-json\/wp\/v2\/categories?post=124578"},{"taxonomy":"post_tag","embeddable":true,"href":"https:\/\/www.europesays.com\/fi\/wp-json\/wp\/v2\/tags?post=124578"}],"curies":[{"name":"wp","href":"https:\/\/api.w.org\/{rel}","templated":true}]}}