{"id":124588,"date":"2025-12-24T06:09:13","date_gmt":"2025-12-24T06:09:13","guid":{"rendered":"https:\/\/www.europesays.com\/fi\/124588\/"},"modified":"2025-12-24T06:09:13","modified_gmt":"2025-12-24T06:09:13","slug":"n-ytimessa-on-venajan-myyra","status":"publish","type":"post","link":"https:\/\/www.europesays.com\/fi\/124588\/","title":{"rendered":"n ytimess\u00e4 on Ven\u00e4j\u00e4n myyr\u00e4"},"content":{"rendered":"<p>Saksalaispoliitikot syytt\u00e4v\u00e4t maan suosituinta puoluetta vakoilusta Ven\u00e4j\u00e4n hyv\u00e4ksi.<\/p>\n<p><img decoding=\"async\" class=\"image image-show image-preview\" src=\"https:\/\/www.europesays.com\/fi\/wp-content\/uploads\/2025\/12\/9fd76f0a66e1c14e7066932af4f8de9e7fe6c057538356cce41634bfa1df684c.jpg\" alt=\"\"\/><img decoding=\"async\" class=\"image image-show\" src=\"https:\/\/www.europesays.com\/fi\/wp-content\/uploads\/2025\/12\/1766556553_905_9fd76f0a66e1c14e7066932af4f8de9e7fe6c057538356cce41634bfa1df684c.jpg\" alt=\"\"\/><\/p>\n<p>Ex-poliisi, kansanedustaja Ringo M\u00fchlmanniin kohdistuu vakavia syyt\u00f6ksi\u00e4. EPA \/ AOP<\/p>\n<p class=\"paragraph\">Saksan toiseksi suurinta puoluetta syytet\u00e4\u00e4n turvallisuustietojen ker\u00e4\u00e4misest\u00e4 Ven\u00e4j\u00e4lle, kirjoittaa amerikkalaislehti Politico.<\/p>\n<p class=\"paragraph\">Saksa on sek\u00e4 Euroopan unionin ett\u00e4 sotilasliitto Naton keskeisimpi\u00e4 maita. Saksan odotetaan ottavan johtajuutta, kun EU l\u00e4htee rakentamaan yhteist\u00e4 puolustuspolitiikkaansa.<\/p>\n<p class=\"paragraph\">\u00c4\u00e4rioikeistolainen Vaihtoehto Saksalle (AfD) on mielipidemittausten mukaan maan suosituin puolue. AfD:n suhtautuminen Ven\u00e4j\u00e4\u00e4n on puhuttanut Saksassa jo pitk\u00e4\u00e4n. Puolue vastustaa Ven\u00e4j\u00e4n vastaisia pakotteita ja Ukrainan aseellista tukemista.<\/p>\n<p class=\"paragraph\">Nyt AfD:n vastustajat ovat alkaneet syytt\u00e4\u00e4 puoluetta suoraan vakoilusta. Erityist\u00e4 huolta her\u00e4tt\u00e4\u00e4 se, miten kansanedustaja <strong>Ringo M\u00fchlmann<\/strong> k\u00e4ytt\u00e4\u00e4 oikeuksiaan kysy\u00e4kseen hyvin yksityiskohtaisia kysymyksi\u00e4 Th\u00fcringenin osavaltion hallitukselle. AfD on osavaltion suurin puolue.<\/p>\n<p class=\"paragraph\">Politico kirjoittaa M\u00fchlmannin esitt\u00e4neen kes\u00e4kuussa kahdeksan tiedustelua, jotka sis\u00e4lsiv\u00e4t tarkkoja kysymyksi\u00e4 Saksan droonipuolustuksesta ja poliisin kyvyst\u00e4 torjua drooneja, sek\u00e4 kysyneen Ukrainalle l\u00e4hetett\u00e4v\u00e4n kaluston kuljetusreiteist\u00e4.<\/p>\n<p class=\"paragraph\">Th\u00fcringenin osavaltion sis\u00e4ministeri, sosiaalidemokraattista SPD:t\u00e4 edustava <strong>Georg Maier<\/strong> syytti lokakuussa AfD:t\u00e4 harvinaisen suoraan.<\/p>\n<p class=\"paragraph\">\u2013 Tulee vaikutelma, ett\u00e4 AfD k\u00e4y l\u00e4pi Kremlin tiedustelun antamaa listaa.<\/p>\n<p class=\"paragraph\">Vakoiluv\u00e4itteiden kohteena oleva Ringo M\u00fchlmann kiist\u00e4\u00e4 syyt\u00f6kset Politicolle.<\/p>\n<p class=\"paragraph\">\u2013 Ei ole minun teht\u00e4v\u00e4ni rajoittaa kysymyksi\u00e4ni, vaan ministerin teht\u00e4v\u00e4 on antaa vastaukset.<\/p>\n<p class=\"paragraph\">\u2013 Jos t\u00e4llainen vastaus jossain vaiheessa aiheuttaa vaaraa tai johtaa vakoiluun, vakoilu ei ole minun vikani, vaan ministerin, koska h\u00e4n on paljastanut tietoja, joita h\u00e4nen ei olisi pit\u00e4nyt paljastaa.<\/p>\n<p class=\"paragraph\">AfD:n kansanedustaja <a href=\"https:\/\/www.iltalehti.fi\/henkilot\/Maximilian Krah\" class=\"article-link-person-page\" rel=\"nofollow noopener\" target=\"_blank\">Maximilian Krah<\/a> joutui syyskuussa poliisitutkinnan kohteeksi sen j\u00e4lkeen, kun h\u00e4nen avustajansa j\u00e4i kiinni 20 vuoden vakoilusta Kiinan hyv\u00e4ksi.<\/p>\n<p>Kritiikki yltyy<\/p>\n<p class=\"paragraph\">Ven\u00e4j\u00e4-mieliseksi usein luonnehdittuun AfD:hen kohdistuvat syyt\u00f6kset ovat kiihtyneet kuluneen vuoden aikana. Viime kuussa vihreiden kansanedustaja <a href=\"https:\/\/www.iltalehti.fi\/henkilot\/Irene Mihalic\" class=\"article-link-person-page\" rel=\"nofollow noopener\" target=\"_blank\">Irene Mihalic<\/a> sanoi puoluetta \u201d<a href=\"https:\/\/www.iltalehti.fi\/henkilot\/Vladimir Putin\" class=\"article-link-person-page\" rel=\"nofollow noopener\" target=\"_blank\">Vladimir Putinin<\/a> Troijan hevoseksi\u201d.<\/p>\n<p class=\"paragraph\"><a href=\"https:\/\/www.iltalehti.fi\/ulkomaat\/20b70f8c-ad0d-4d60-80cd-1e1f465f920d\" rel=\"nofollow noopener\" target=\"_blank\">Iltalehti kirjoitti marraskuussa siit\u00e4,<\/a> miten Ven\u00e4j\u00e4-linja on luonut railon AfD:n sis\u00e4lle. Puheenjohtajat <a href=\"https:\/\/www.iltalehti.fi\/henkilot\/Alice Weidel\" class=\"article-link-person-page\" rel=\"nofollow noopener\" target=\"_blank\">Alice Weidel<\/a> ja <a href=\"https:\/\/www.iltalehti.fi\/henkilot\/Tino Chrupalla\" class=\"article-link-person-page\" rel=\"nofollow noopener\" target=\"_blank\">Tino Chrupalla<\/a> ovat ajautuneet t\u00e4ysin eri suuntiin sen suhteen, mihin Ven\u00e4j\u00e4-politiikkaa pit\u00e4isi vied\u00e4.<\/p>\n<p>AfD:n puheenjohtajat Alice Weidel (vasemmalla) ja Tino Chrupalla (oikealla). EPA \/ AOP<\/p>\n<p class=\"paragraph\">Weidel on pyrkinyt karistamaan puolueen putinistista leimaa, siin\u00e4 miss\u00e4 Chrupalla on korostanut haluavansa l\u00e4mmitt\u00e4\u00e4 Ven\u00e4j\u00e4-suhteita. Weidel tyrm\u00e4si puolueen kansanedustajien matkan Moskovaan, mutta Chrupalla puolusti heit\u00e4.<\/p>\n<p class=\"paragraph\">\u2013 Putin ei ole tehnyt minulle mit\u00e4\u00e4n, Chrupalla sanoi keskusteluohjelmassa.<\/p>\n<p class=\"paragraph\">\u2013 En n\u00e4e Ven\u00e4j\u00e4n muodostavan t\u00e4ll\u00e4 hetkell\u00e4 mink\u00e4\u00e4nlaista uhkaa Saksalle.<\/p>\n<p class=\"paragraph\">Chrupalla tyrm\u00e4si vakoiluv\u00e4itteet jyrk\u00e4sti.<\/p>\n<p class=\"paragraph\">\u2013 N\u00e4m\u00e4 kaikki ovat oikeutettuja kysymyksi\u00e4 kansanedustajalta, joka on huolissaan ja joka ottaa kansalaisten huolenaiheet ja tarpeet vakavasti.<\/p>\n<p class=\"paragraph\">\u2013 Syyt\u00e4tte meit\u00e4 asioista, joita ette voi koskaan todistaa.<\/p>\n<p class=\"paragraph\">Konservatiivipuolue CDU:ta edustava kansanedustaja, erityisvaliokunnan puheenjohtaja <strong>Marc Heinrichmann<\/strong> sanoo Politicolle huolestuneensa AfD:n kysymyksist\u00e4.<\/p>\n<p class=\"paragraph\">\u2013 Merkityksett\u00f6mien ja arkaluonteisten tiedustelujen lis\u00e4ksi on olemassa valtava harmaa alue.<\/p>\n<p class=\"paragraph\">\u2013 Olen s\u00e4\u00e4nn\u00f6llisesti kuullut eri ministeri\u00f6ilt\u00e4, \u200b\u200bett\u00e4 yksitt\u00e4iset tiedustelut eiv\u00e4t oikeastaan \u200b\u200bole ongelma. Mutta kun niit\u00e4 tarkastelee rinnakkain, saa kuvan esimerkiksi Ukrainaan tai Ukrainan suuntaan suuntautuvista matkustusreiteist\u00e4, avustustarvikkeista ja sotilastarvikkeista.<\/p>\n<p class=\"paragraph\">Ven\u00e4j\u00e4 pystyy kokoamaan n\u00e4ist\u00e4 kyselyist\u00e4 ja tiedusteluista kattavan kokonaiskuvan Saksan turvallisuudesta ja Ukrainalle kuljetetusta avusta, Heinrichmann sanoo.<\/p>\n<p class=\"paragraph\"><a href=\"https:\/\/www.spiegel.de\/politik\/deutschland\/afd-reichte-seit-2020-gut-7000-sicherheitsrelevante-anfragen-ein-a-a6d2fedb-6830-426f-a5cc-1153d188d530\" target=\"_blank\" rel=\"noopener nofollow\">Der Spiegelin<\/a> ja Politicon mukaan AfD on j\u00e4tt\u00e4nyt osavaltioparlamenteissa yli 7000 turvallisuuteen liittyv\u00e4\u00e4 tiedustelua, enemm\u00e4n kuin mik\u00e4\u00e4n muu puolue ja noin kolmannes kaikista turvallisuuteen liittyvist\u00e4 tiedusteluista yhteens\u00e4.<\/p>\n<p class=\"paragraph\">Politico kirjoittaa, ett\u00e4 asiantuntijoiden mukaan AfD on noustuaan valtakunnanpolitiikkaan vuonna 2017 k\u00e4ytt\u00e4nyt parlamentaarisia kysymyksi\u00e4 keinona ker\u00e4t\u00e4 tietoa poliittisista vastustajistaan.<\/p>\n<p class=\"paragraph\">\u2013 Ei ole mahdotonta, ett\u00e4 he toimivat Kremlin puolesta. On my\u00f6s mahdollista, ett\u00e4 he toimivat omasta puolestaan, koska he ovat Kremlin kannattajia. Mutta lopputulos on melko lailla sama. N\u00e4m\u00e4 kysymykset ovat mahdollinen uhka kansalliselle turvallisuudelle, sanoo AfD:n Ven\u00e4j\u00e4-politiikkaa tutkiva <strong>Jakub Wondreys<\/strong>.<\/p>\n<p class=\"paragraph\">Saksan tiedustelupalvelu luokitteli kev\u00e4\u00e4ll\u00e4 AfD:n \u00e4\u00e4rioikeistolaiseksi radikaaliksi j\u00e4rjest\u00f6ksi, jonka tavoitteena on maan demokratian tuhoaminen. AfD julisti viev\u00e4ns\u00e4 p\u00e4\u00e4t\u00f6ksen oikeuteen.<\/p>\n<p class=\"paragraph\">Weidel pelk\u00e4\u00e4, ettei Ven\u00e4j\u00e4-leima helpota puolueen poliittista asemaa. Muut puolueet ovat pitk\u00e4lti erist\u00e4neet AfD:n politiikasta. My\u00f6s oikeistokonservatiivinen liittokansleri <a href=\"https:\/\/www.iltalehti.fi\/henkilot\/Friedrich Merz\" class=\"article-link-person-page\" rel=\"nofollow noopener\" target=\"_blank\">Friedrich Merz<\/a> lupaa, ettei CDU tee yhteisty\u00f6t\u00e4 AfD:n kanssa.<\/p>\n","protected":false},"excerpt":{"rendered":"Saksalaispoliitikot syytt\u00e4v\u00e4t maan suosituinta puoluetta vakoilusta Ven\u00e4j\u00e4n hyv\u00e4ksi. Ex-poliisi, kansanedustaja Ringo M\u00fchlmanniin kohdistuu vakavia syyt\u00f6ksi\u00e4. EPA \/ AOP&hellip;\n","protected":false},"author":2,"featured_media":124589,"comment_status":"","ping_status":"","sticky":false,"template":"","format":"standard","meta":{"footnotes":""},"categories":[14],"tags":[35,22,23,26,27,33,31,30,17,5679,24,25,13325,28,29,15,18,21,142,637,886,32,19,20,56,16,59,60,61],"class_list":{"0":"post-124588","1":"post","2":"type-post","3":"status-publish","4":"format-standard","5":"has-post-thumbnail","7":"category-ulkomaat","8":"tag-24h","9":"tag-breaking-news","10":"tag-breakingnews","11":"tag-featured-news","12":"tag-featurednews","13":"tag-fi","14":"tag-finland","15":"tag-finnish","16":"tag-headlines","17":"tag-kansainvaliset-organisaatiot-ja-sopimukset","18":"tag-latest-news","19":"tag-latestnews","20":"tag-liittokansleri","21":"tag-main-news","22":"tag-mainnews","23":"tag-news","24":"tag-otsikot","25":"tag-paauutiset","26":"tag-poliitikot","27":"tag-politiikka","28":"tag-puolueet","29":"tag-suomi","30":"tag-top-stories","31":"tag-topstories","32":"tag-ulkomaat","33":"tag-uutiset","34":"tag-world","35":"tag-world-news","36":"tag-worldnews"},"share_on_mastodon":{"url":"https:\/\/pubeurope.com\/@fi\/115773057559932653","error":""},"_links":{"self":[{"href":"https:\/\/www.europesays.com\/fi\/wp-json\/wp\/v2\/posts\/124588","targetHints":{"allow":["GET"]}}],"collection":[{"href":"https:\/\/www.europesays.com\/fi\/wp-json\/wp\/v2\/posts"}],"about":[{"href":"https:\/\/www.europesays.com\/fi\/wp-json\/wp\/v2\/types\/post"}],"author":[{"embeddable":true,"href":"https:\/\/www.europesays.com\/fi\/wp-json\/wp\/v2\/users\/2"}],"replies":[{"embeddable":true,"href":"https:\/\/www.europesays.com\/fi\/wp-json\/wp\/v2\/comments?post=124588"}],"version-history":[{"count":0,"href":"https:\/\/www.europesays.com\/fi\/wp-json\/wp\/v2\/posts\/124588\/revisions"}],"wp:featuredmedia":[{"embeddable":true,"href":"https:\/\/www.europesays.com\/fi\/wp-json\/wp\/v2\/media\/124589"}],"wp:attachment":[{"href":"https:\/\/www.europesays.com\/fi\/wp-json\/wp\/v2\/media?parent=124588"}],"wp:term":[{"taxonomy":"category","embeddable":true,"href":"https:\/\/www.europesays.com\/fi\/wp-json\/wp\/v2\/categories?post=124588"},{"taxonomy":"post_tag","embeddable":true,"href":"https:\/\/www.europesays.com\/fi\/wp-json\/wp\/v2\/tags?post=124588"}],"curies":[{"name":"wp","href":"https:\/\/api.w.org\/{rel}","templated":true}]}}