{"id":124605,"date":"2025-12-24T06:49:10","date_gmt":"2025-12-24T06:49:10","guid":{"rendered":"https:\/\/www.europesays.com\/fi\/124605\/"},"modified":"2025-12-24T06:49:10","modified_gmt":"2025-12-24T06:49:10","slug":"maajussi-antti-ja-matilda-kertovat-avoliitostaan-ja-joulusta","status":"publish","type":"post","link":"https:\/\/www.europesays.com\/fi\/124605\/","title":{"rendered":"Maajussi-Antti ja Matilda kertovat avoliitostaan ja joulusta"},"content":{"rendered":"<p>Maajussille morsian -ohjelmasta toisensa l\u00f6yt\u00e4neet Antti Hepo-oja ja Matilda Tarjas viett\u00e4v\u00e4t ensimm\u00e4ist\u00e4 yhteist\u00e4 jouluaan. P\u00f6yd\u00e4st\u00e4 l\u00f6ytyy perinteisi\u00e4 ruokia, mutta t\u00e4rkeint\u00e4 on joulun tunnelma, jonka tuore rakkaus tuo taloon.<\/p>\n<p class=\"article-body mb-nof-24 px-nof-16\">Maatilayritt\u00e4j\u00e4 <a class=\"article-personlink\" href=\"https:\/\/www.is.fi\/haku\/?query=Antti%20Hepo-ojan\" rel=\"nofollow noopener\" target=\"_blank\">Antti Hepo-ojan<\/a>, 24, el\u00e4m\u00e4 on muuttunut t\u00e4ysin viimeisen vuoden aikana.<\/p>\n<p class=\"article-body mb-nof-24 px-nof-16\">Ensin h\u00e4n otti entisen kotitilansa vastuulleen yhdess\u00e4 is\u00e4ns\u00e4 kanssa vanhempiensa erottua, sen j\u00e4lkeen h\u00e4n l\u00f6ysi el\u00e4m\u00e4\u00e4ns\u00e4 rakkauden Maajussille morsian -ohjelmasta.<\/p>\n<p class=\"article-body mb-nof-24 px-nof-16\">\u2013 Meni kerralla el\u00e4m\u00e4 aika uusiksi, Hepo-oja kertoo.<\/p>\n<p class=\"article-body mb-nof-24 px-nof-16\">Yritt\u00e4j\u00e4ksi ryhtymisen my\u00f6t\u00e4 p\u00e4iv\u00e4t ovat pidentyneet ja vastuu on kasvanut. Sit\u00e4 helpottaa kuitenkin rakkausrealityst\u00e4 rinnalle l\u00f6ytynyt <a class=\"article-personlink\" href=\"https:\/\/www.is.fi\/haku\/?query=Matilda%20Tarjas\" rel=\"nofollow noopener\" target=\"_blank\">Matilda Tarjas<\/a>, 22, jonka tarkoituksena on aloittaa ty\u00f6t puolisonsa maatilalla. Tarjas opiskelee oppisopimuksella maatalouden perustutkinnon osia ja aloittaa sen j\u00e4lkeen yritt\u00e4j\u00e4n\u00e4 avopuolisonsa rinnalla.<\/p>\n<p class=\"article-body mb-nof-24 px-nof-16\">Kun Maajussille morsian -ohjelman farmiviikko p\u00e4\u00e4ttyi viime kev\u00e4\u00e4n\u00e4, tuore pari l\u00e4hti kameroiden sammuttua t\u00f6ihin iltanavetalle.<\/p>\n<p class=\"article-body mb-nof-24 px-nof-16\">\u2013 Siit\u00e4 se tutustuminen l\u00e4hti k\u00e4yntiin, Hepo-oja muistelee.<\/p>\n<p><img decoding=\"async\" src=\"https:\/\/www.europesays.com\/fi\/wp-content\/uploads\/2025\/12\/1766558947_756_978.jpg\" alt=\"Maajussin p\u00e4iv\u00e4t navetalla alkavat kello 4.35. Tarjas her\u00e4ilee samoihin aikoihin ainakin sen verran, ett\u00e4 k\u00e4y ruokkimassa kissat. \u2013 J\u00e4\u00e4n yleens\u00e4 kotiin ja teen kotihommia. Joskus saatan aamusta l\u00e4hte\u00e4 tilalle mukaan.\" class=\"_Img_1rerz_1\" style=\"aspect-ratio:1.5\" loading=\"eager\"\/><\/p>\n<p class=\"article-picture-caption\">Maajussin p\u00e4iv\u00e4t navetalla alkavat kello 4.35. Tarjas her\u00e4ilee samoihin aikoihin ainakin sen verran, ett\u00e4 k\u00e4y ruokkimassa kissat. \u2013 J\u00e4\u00e4n yleens\u00e4 kotiin ja teen kotihommia. Joskus saatan aamusta l\u00e4hte\u00e4 tilalle mukaan. Kuva:\u00a0VILLE HONKONEN<\/p>\n<p class=\"article-body mb-nof-24 px-nof-16\">Arki astui heti kuvioon, sill\u00e4 kes\u00e4 on ty\u00f6nt\u00e4yteist\u00e4 aikaa maatilalla, jossa on my\u00f6s viljelt\u00e4v\u00e4\u00e4 maata.<\/p>\n<p class=\"article-body mb-nof-24 px-nof-16\">\u2013 Ei siin\u00e4 pystynyt heti farmiviikon j\u00e4lkeen ottaa ja l\u00e4hte\u00e4 viikoksi jonnekin lemmenlomalle. Mutta t\u00e4mm\u00f6ist\u00e4 on t\u00e4m\u00e4 arki t\u00e4\u00e4ll\u00e4.<\/p>\n<p class=\"article-body mb-nof-24 px-nof-16\">\u2013 Kyll\u00e4 t\u00e4m\u00e4 j\u00e4rjestely ihan mukavasti toiminut kyll\u00e4, ett\u00e4 ollaan tutustuttu sitten arjen lomassa, Hepo-oja kertoo.<\/p>\n<p class=\"article-body mb-nof-24 px-nof-16\">Kuvauksista ei ollut kulunut kuin pari viikkoa, kun Tarjas p\u00e4\u00e4tti muuttaa Tuusulasta Pohjois-Pohjanmaalla sijaitsevaan Kestil\u00e4\u00e4n Hepo-ojan luo.<\/p>\n<p class=\"article-body mb-nof-24 px-nof-16\">Yhteen muutto tapahtui nopeasti, osin k\u00e4yt\u00e4nn\u00f6n sanelemana. Varsinkin Hepo-ojan olisi ollut vaikea l\u00f6yt\u00e4\u00e4 aikaa kulkemiselle Tuusulaan saakka Uudellemaalle.<\/p>\n<p class=\"article-body mb-nof-24 px-nof-16\">\u2013 Jos t\u00e4m\u00e4 olisi jatkunut et\u00e4suhteena, niin kyll\u00e4 ainakin itsell\u00e4 ne kulkemiset siell\u00e4 etel\u00e4n suunnassa olisivat olleet aika harvinaisia, Hepo-oja sanoo.<\/p>\n<p class=\"article-body mb-nof-24 px-nof-16\">\u2013 Kyll\u00e4h\u00e4n siin\u00e4 n\u00e4kee nopeammin, kun viett\u00e4\u00e4 aikaa tiiviisti, ett\u00e4 milt\u00e4 se tuntuu ja siin\u00e4h\u00e4n sit\u00e4 toiseen tutustuu.<\/p>\n<p class=\"article-body mb-nof-24 px-nof-16\">Jossain vaiheessa, kun is\u00e4 j\u00e4\u00e4 el\u00e4kkeelle, Hepo-ojan tilalla on tarkoitus tehd\u00e4 sukupolvenvaihdos. Se saa kuitenkin viel\u00e4 odottaa, ja sill\u00e4 aikaa nuoripari asustaa noin 15 kilometrin matkan p\u00e4\u00e4ll\u00e4 talossa, joka on Hepo-ojan entinen mummula.<\/p>\n<p class=\"article-body mb-nof-24 px-nof-16\">Saman katon alla asuminen karisti ensihetken huuman pois jo hein\u00e4kuun kuluessa.<\/p>\n<p class=\"article-body mb-nof-24 px-nof-16\">\u2013 Vaikka ihminen on miten ihana ja sopiva ja kaikkea muuta silt\u00e4 v\u00e4lilt\u00e4, niin onhan joka suhteessa kuitenkin niit\u00e4 omia s\u00e4rmi\u00e4 ja ryttyj\u00e4 ja ryppyj\u00e4 ja sun muita.<\/p>\n<p class=\"article-body mb-nof-24 px-nof-16\">\u2013 Eih\u00e4n siit\u00e4 p\u00e4\u00e4se yht\u00e4\u00e4n mihink\u00e4\u00e4n. T\u00e4ss\u00e4 tapauksessa ne ehk\u00e4 ilmeni hivenen nopeampaa, mutta eik\u00e4 se mua ainakaan ole haitannut yht\u00e4\u00e4n, Hepo-oja sanoo.<\/p>\n<p><img decoding=\"async\" src=\"https:\/\/www.europesays.com\/fi\/wp-content\/uploads\/2025\/12\/1766558948_760_978.jpg\" alt=\"Tulevaisuudessa Tarjaksen olisi tavoitteena osallistua yh\u00e4 enemm\u00e4n maatilan t\u00f6ihin. H\u00e4nell\u00e4 on jo entuudestaan el\u00e4intenhoitajan tutkinto ja ty\u00f6kokemusta alalta.\" class=\"_Img_1rerz_1\" style=\"aspect-ratio:1.5\" loading=\"eager\"\/><\/p>\n<p class=\"article-picture-caption\">Tulevaisuudessa Tarjaksen olisi tavoitteena osallistua yh\u00e4 enemm\u00e4n maatilan t\u00f6ihin. H\u00e4nell\u00e4 on jo entuudestaan el\u00e4intenhoitajan tutkinto ja ty\u00f6kokemusta alalta. Kuva:\u00a0Ville Honkonen<\/p>\n<p><img decoding=\"async\" src=\"https:\/\/www.europesays.com\/fi\/wp-content\/uploads\/2025\/12\/1766558948_179_978.jpg\" alt=\"Pari on tutustunut toisiinsa arjen py\u00f6ritt\u00e4misen ja ty\u00f6nteon lomassa.\" class=\"_Img_1rerz_1\" style=\"aspect-ratio:0.6666666666666666\" loading=\"eager\"\/><\/p>\n<p class=\"article-picture-caption\">Pari on tutustunut toisiinsa arjen py\u00f6ritt\u00e4misen ja ty\u00f6nteon lomassa. Kuva:\u00a0Ville Honkonen<\/p>\n<p class=\"article-body mb-nof-24 px-nof-16\">Arjessa on l\u00f6ytynyt pieni\u00e4 eroavaisuuksia erityisesti tapojen suhteen. Tarjas ei ole tottunut sy\u00f6m\u00e4\u00e4n aamupalaa, kun taas Hepo-oja haluaa nauttia aamiaisensa rauhassa.<\/p>\n<p class=\"article-body mb-nof-24 px-nof-16\">Puolin ja toisin toisen tavoissa on ollut hieman totuttelemista.<\/p>\n<p class=\"article-body mb-nof-24 px-nof-16\">\u2013 Sep\u00e4 se on, ett\u00e4 jos haluaa itsest\u00e4\u00e4n t\u00e4ydellisen kopion, niin se on sitten parempi menn\u00e4 naimisiin oman peilikuvansa kanssa. Matildan kanssa meill\u00e4 on paljon yht\u00e4l\u00e4isyyksi\u00e4, mutta on eroavaisuuksiakin.<\/p>\n<p class=\"article-body mb-nof-24 px-nof-16\">Eroavaisuuksia l\u00f6ytyy tapojen suhteen pieniss\u00e4 arkisissa asioissa.<\/p>\n<p class=\"article-body mb-nof-24 px-nof-16\">\u2013 Eip\u00e4 se kahvikuppi Matildalla v\u00e4ltt\u00e4m\u00e4tt\u00e4 aina sinne astianpesukoneeseen saakka kulkeudu, mutta se on v\u00e4h\u00e4n, ett\u00e4 mihin on itse tottunut.<\/p>\n<p class=\"article-body mb-nof-24 px-nof-16\">Hepo-oja sanoo, ett\u00e4 h\u00e4nen siisteysk\u00e4sityksens\u00e4 saattaa olla perua \u201dsukurasitteesta\u201d, sill\u00e4 lapsuudenperheess\u00e4\u00e4n heill\u00e4 oli kaikki tip-top ja j\u00e4rjestyksess\u00e4.<\/p>\n<p class=\"article-body mb-nof-24 px-nof-16\">\u2013 Se on v\u00e4h\u00e4n, ett\u00e4 tahtoo joskus silm\u00e4 sairastaa. Mutta en m\u00e4 silti ole semmoinen, ett\u00e4 m\u00e4 alkaisin hirvi\u00e4sti kitiseen ja uliseen. Ett\u00e4 vie nyt tuo pois tuosta ja miksi tuo on tuossa ja kaikkea t\u00e4mm\u00f6ist\u00e4.<\/p>\n<p class=\"article-body mb-nof-24 px-nof-16\">\u2013 Ja kyll\u00e4h\u00e4n asioista saa sanoa, tietenkin, Tarjas huikkaa v\u00e4liin.<\/p>\n<p class=\"article-body mb-nof-24 px-nof-16\">\u2013 Tietenkin, mutta ei itsell\u00e4 ei ole aina kiinnostusta alkaa sanomaan. On t\u00e4ss\u00e4 p\u00e4rj\u00e4tty ihan kohtuullisesti, Hepo-oja virnist\u00e4\u00e4.<\/p>\n<p class=\"article-body mb-nof-24 px-nof-16\">T\u00e4n\u00e4 jouluna talo on saanut jouluntuntua jo varhain, sill\u00e4 kes\u00e4ll\u00e4 taloon tullut Tarjas laittoi joulukuusen pystyyn jo marraskuun puolella.<\/p>\n<p class=\"article-body mb-nof-24 px-nof-16\">\u2013 Meille tuli tekokuusi, koska halusin sen laittaa, Tarjas naurahtaa.<\/p>\n<p class=\"article-body mb-nof-24 px-nof-16\">Kissanpentu on my\u00f6s ilahtunut kuusesta \u2013 ja saanut my\u00f6s satikutia kaadettuaan sen pari kertaa. Jouluaattona tarkoitus on hakea mets\u00e4st\u00e4 aito kuusi.<\/p>\n<p class=\"article-body mb-nof-24 px-nof-16\">Joulu on parille t\u00e4rke\u00e4 juhla. Hepo-oja sanoo, ett\u00e4 viimeisien vuosien aikana jouluissa ei ole samalla tavalla tunnelmaa, kun rinnalla ei ole ollut ihmist\u00e4, jonka kanssa jakaa juhlapyhi\u00e4. Nyt on toisin.<\/p>\n<p class=\"article-body mb-nof-24 px-nof-16\">\u2013 Nyt olisi sellainen toive, ett\u00e4 saisi samankaltaisen jouluilon takaisin kuin nuorempana.<\/p>\n<p class=\"article-body mb-nof-24 px-nof-16\">Jouluna suunnitelmissa on hoitaa lehm\u00e4t ja lyps\u00e4\u00e4 ne aamuin illoin, mutta isommat ty\u00f6t saavat odottaa. He aikovat laskeutua joulun tunnelmaan ja viett\u00e4\u00e4 maalaisjoulua.<\/p>\n<p class=\"article-body mb-nof-24 px-nof-16\">Joulup\u00f6yd\u00e4st\u00e4 l\u00f6ytyy perinteisi\u00e4 herkkuja. Tarjas vannoo perunalaatikon nimeen, ja Hepo-oja puolestaan harmaasuolatun ja palvatun kinkun nimeen. Lahjojakin hankitaan, mutta ei liioitellen. T\u00e4rkeint\u00e4 on leppoisa yhdess\u00e4 olo.<\/p>\n<blockquote class=\"p-[var(--citation-padding)] m-[var(--citation-margin)] border-y-[length:var(--citation-border-width)] border-y-[color:var(--citation-border-color)]\">\n<p>Antti on minun kallioni, johon nojata.<\/p>\n<\/blockquote>\n<p><img decoding=\"async\" src=\"https:\/\/www.europesays.com\/fi\/wp-content\/uploads\/2025\/12\/1766558949_454_978.jpg\" alt=\"Pari aloitti joulun tunnelmaan viritt\u00e4ytymisen jo hyviss\u00e4 ajoin. Marraskuussa leivottiin joulutorttuja ja tuotiin tekokuusi taloon.\" class=\"_Img_1rerz_1\" style=\"aspect-ratio:0.6666666666666666\" loading=\"eager\"\/><\/p>\n<p class=\"article-picture-caption\">Pari aloitti joulun tunnelmaan viritt\u00e4ytymisen jo hyviss\u00e4 ajoin. Marraskuussa leivottiin joulutorttuja ja tuotiin tekokuusi taloon. Kuva:\u00a0Ville Honkonen<\/p>\n<p><img decoding=\"async\" src=\"https:\/\/www.europesays.com\/fi\/wp-content\/uploads\/2025\/12\/1766558949_385_978.jpg\" alt=\"Tarras muutti pian ohjelman p\u00e4\u00e4ttymisen j\u00e4lkeen rakkaansa luo Pohjois-Pohjanmaalle. My\u00f6s perheen perustaminen siint\u00e4\u00e4 tulevaisuuden haaveissa.\" class=\"_Img_1rerz_1\" style=\"aspect-ratio:1.5\" loading=\"eager\"\/><\/p>\n<p class=\"article-picture-caption\">Tarras muutti pian ohjelman p\u00e4\u00e4ttymisen j\u00e4lkeen rakkaansa luo Pohjois-Pohjanmaalle. My\u00f6s perheen perustaminen siint\u00e4\u00e4 tulevaisuuden haaveissa. Kuva:\u00a0Ville Honkonen<\/p>\n<p class=\"article-body mb-nof-24 px-nof-16\">TarJas kertoo olevansa tuliluontoisempi kuin Hepo-oja, joka taas on rauhallisempaa ja tasapainoisempaa sorttia.<\/p>\n<p class=\"article-body mb-nof-24 px-nof-16\">\u2013 Antti on minun kallioni, johon nojata, Tarjas sanoo.<\/p>\n<p class=\"article-body mb-nof-24 px-nof-16\">Hepo-oja kuvailee itse\u00e4\u00e4n varsinkin sosiaalisissa tilanteissa rauhalliseksi, mutta toisinaan esimerkiksi rikkoutuneet koneet saattavat saada pinnan kiristym\u00e4\u00e4n. H\u00e4n sanoo Tarjaksen parhaan puolen olevan r\u00e4v\u00e4kkyys ja rempseys.<\/p>\n<p class=\"article-body mb-nof-24 px-nof-16\">\u2013 Vaikka se on v\u00e4h\u00e4n tulisieluinen ja n\u00e4in&#8230;<\/p>\n<p class=\"article-body mb-nof-24 px-nof-16\">\u2013 Ei tuu tyls\u00e4\u00e4! Tarjas huikkaa.<\/p>\n<p class=\"article-body mb-nof-24 px-nof-16\">\u2013 Ei tuu, ei. Mik\u00e4 tuntuu Matildasta huonolta, niin se tulee sielt\u00e4 suodattamattomana ulos, ja se on mielest\u00e4ni ihan hyv\u00e4. Eik\u00e4 mit\u00e4\u00e4n ihan hyv\u00e4, vaan tosi hyv\u00e4. Sitten se ei j\u00e4\u00e4 mielen sopukoihin py\u00f6rim\u00e4\u00e4n, kun sen saa hihkaistua pihalle.<\/p>\n<p class=\"article-body mb-nof-24 px-nof-16\">Pariskunta on kuvaillut olevansa kuin vanha aviopari. He my\u00f6nt\u00e4v\u00e4t, ett\u00e4 lausahdus pit\u00e4\u00e4 paikkansa.<\/p>\n<p class=\"article-body mb-nof-24 px-nof-16\">\u2013 Ollaan v\u00e4h\u00e4n urauduttu, Hepo-oja my\u00f6nt\u00e4\u00e4.<\/p>\n<p class=\"article-body mb-nof-24 px-nof-16\">\u2013 Se sopii meille, Tarjas lis\u00e4\u00e4.<\/p>\n<p class=\"article-body mb-nof-24 px-nof-16\">\u2013 Ja kyll\u00e4h\u00e4n se tuo tietty\u00e4 varmuutta, ett\u00e4 toinen on sellainen mieleinen, Hepo-oja lis\u00e4\u00e4.<\/p>\n<p class=\"article-body mb-nof-24 px-nof-16\">Maajussi vertaa heit\u00e4 tuntemiinsa vanhoihin aviopareihin ja heid\u00e4n tapaansa \u201dpieneen piikittelyyn\u201d puolin ja toisin.<\/p>\n<p class=\"article-body mb-nof-24 px-nof-16\">\u2013 Semmoista meillekin on nyt etsiytynyt, mutta en sit\u00e4 huonona pid\u00e4. Toisen tuntee ainakin siten, ett\u00e4 miten h\u00e4n saattaisi reagoida. Niin se ei haittaa.<\/p>\n<p class=\"article-body mb-nof-24 px-nof-16\">Pari my\u00f6nt\u00e4\u00e4, ett\u00e4 yhteinen s\u00e4vel on l\u00f6ytynyt jopa yll\u00e4tt\u00e4v\u00e4n nopeasti.<\/p>\n<p class=\"article-body mb-nof-24 px-nof-16\">\u2013 Asiat ovat loksahtaneet tosi mukavasti kohdilleen silloin jo kes\u00e4ll\u00e4 aika aikaseen. Mik\u00e4p\u00e4 sen parempaa, maajussi tuumii.<\/p>\n<p class=\"article-body mb-nof-24 px-nof-16\">Pari katsoo yhdess\u00e4 tulevaan ja suunnittelee jo perheen perustamista. Lapsia saa tulla, kun on tullakseen.<\/p>\n<p class=\"article-body mb-nof-24 px-nof-16\">\u2013 Ikin\u00e4 ei kai ole oikeaa aikaa sille, ett\u00e4 l\u00e4htisi j\u00e4lkikasvua niin sanotusti hankkimaan tai yritt\u00e4m\u00e4\u00e4n. En itse tykk\u00e4\u00e4, ett\u00e4 l\u00e4hdet\u00e4\u00e4n yritt\u00e4m\u00e4\u00e4n. Lapsia saadaan.<\/p>\n<p class=\"article-body mb-nof-24 px-nof-16\">Aikatauluja pari ei ole ly\u00f6nyt lukkoon. He etenev\u00e4t asiassa luonnollisessa ja hyv\u00e4lt\u00e4 tuntuvassa rytmiss\u00e4. Tarjas haaveilee kahdesta lapsesta.<\/p>\n<p class=\"article-body mb-nof-24 px-nof-16\">\u2013 Meit\u00e4 on kolme sisarusta, niin siit\u00e4kin tulee ajatus, ett\u00e4 olisi kiva, ett\u00e4 olisi pari lasta edes.<\/p>\n<p class=\"article-body mb-nof-24 px-nof-16\">Hepo-oja toivoisi isompaa perhett\u00e4, jossa nelj\u00e4k\u00e4\u00e4n lasta ei tuntuisi liialta.<\/p>\n<p class=\"article-body mb-nof-24 px-nof-16\">Kihlautuminen ja avioliittokin ovat olleet puheissa.<\/p>\n<p class=\"article-body mb-nof-24 px-nof-16\">\u2013 Itse en tykk\u00e4\u00e4 sit\u00e4k\u00e4\u00e4n aikatauluttaa. Kun sopivimmilta tuntuu, niin silloinhan sit\u00e4 pit\u00e4\u00e4 takoa, kun rauta on kuumimmillaan, Hepo-oja miettii.<\/p>\n<p><img decoding=\"async\" src=\"https:\/\/www.europesays.com\/fi\/wp-content\/uploads\/2025\/12\/1766558950_419_978.jpg\" alt=\"Maajussille morsian -ohjelmassa ryhm\u00e4treffien j\u00e4lkeen ei ollut viel\u00e4 lainkaan selv\u00e4\u00e4, ett\u00e4 Hepo-oja ihastuisi Tarjakseen. \u2013 Mutta sitten se k\u00e4\u00e4ntyi t\u00e4ll\u00e4 lailla. T\u00e4m\u00e4 on ollut kyll\u00e4 tosi hyv\u00e4.\" class=\"_Img_1rerz_1\" style=\"aspect-ratio:0.6666666666666666\" loading=\"eager\"\/><\/p>\n<p class=\"article-picture-caption\">Maajussille morsian -ohjelmassa ryhm\u00e4treffien j\u00e4lkeen ei ollut viel\u00e4 lainkaan selv\u00e4\u00e4, ett\u00e4 Hepo-oja ihastuisi Tarjakseen. \u2013 Mutta sitten se k\u00e4\u00e4ntyi t\u00e4ll\u00e4 lailla. T\u00e4m\u00e4 on ollut kyll\u00e4 tosi hyv\u00e4. Kuva:\u00a0Ville Honkonen<\/p>\n","protected":false},"excerpt":{"rendered":"Maajussille morsian -ohjelmasta toisensa l\u00f6yt\u00e4neet Antti Hepo-oja ja Matilda Tarjas viett\u00e4v\u00e4t ensimm\u00e4ist\u00e4 yhteist\u00e4 jouluaan. P\u00f6yd\u00e4st\u00e4 l\u00f6ytyy perinteisi\u00e4 ruokia,&hellip;\n","protected":false},"author":2,"featured_media":124606,"comment_status":"","ping_status":"","sticky":false,"template":"","format":"standard","meta":{"footnotes":""},"categories":[136],"tags":[407,137,33,31,30,34,408,32,109],"class_list":{"0":"post-124605","1":"post","2":"type-post","3":"status-publish","4":"format-standard","5":"has-post-thumbnail","7":"category-julkkikset","8":"tag-celebrities","9":"tag-entertainment","10":"tag-fi","11":"tag-finland","12":"tag-finnish","13":"tag-ilta-sanomat","14":"tag-julkkikset","15":"tag-suomi","16":"tag-viihde"},"share_on_mastodon":{"url":"https:\/\/pubeurope.com\/@fi\/115773215079030608","error":""},"_links":{"self":[{"href":"https:\/\/www.europesays.com\/fi\/wp-json\/wp\/v2\/posts\/124605","targetHints":{"allow":["GET"]}}],"collection":[{"href":"https:\/\/www.europesays.com\/fi\/wp-json\/wp\/v2\/posts"}],"about":[{"href":"https:\/\/www.europesays.com\/fi\/wp-json\/wp\/v2\/types\/post"}],"author":[{"embeddable":true,"href":"https:\/\/www.europesays.com\/fi\/wp-json\/wp\/v2\/users\/2"}],"replies":[{"embeddable":true,"href":"https:\/\/www.europesays.com\/fi\/wp-json\/wp\/v2\/comments?post=124605"}],"version-history":[{"count":0,"href":"https:\/\/www.europesays.com\/fi\/wp-json\/wp\/v2\/posts\/124605\/revisions"}],"wp:featuredmedia":[{"embeddable":true,"href":"https:\/\/www.europesays.com\/fi\/wp-json\/wp\/v2\/media\/124606"}],"wp:attachment":[{"href":"https:\/\/www.europesays.com\/fi\/wp-json\/wp\/v2\/media?parent=124605"}],"wp:term":[{"taxonomy":"category","embeddable":true,"href":"https:\/\/www.europesays.com\/fi\/wp-json\/wp\/v2\/categories?post=124605"},{"taxonomy":"post_tag","embeddable":true,"href":"https:\/\/www.europesays.com\/fi\/wp-json\/wp\/v2\/tags?post=124605"}],"curies":[{"name":"wp","href":"https:\/\/api.w.org\/{rel}","templated":true}]}}