{"id":124613,"date":"2025-12-24T07:00:19","date_gmt":"2025-12-24T07:00:19","guid":{"rendered":"https:\/\/www.europesays.com\/fi\/124613\/"},"modified":"2025-12-24T07:00:19","modified_gmt":"2025-12-24T07:00:19","slug":"yrityskauppa-terveystalon-kanssa-tekee-kuopiolaisesta-ville-pesosesta-miljonaarin-olen-ylpea-siita-mita-olemme-saaneet-aikaan-savon-sanomat","status":"publish","type":"post","link":"https:\/\/www.europesays.com\/fi\/124613\/","title":{"rendered":"Yrityskauppa Terveystalon kanssa tekee kuopiolaisesta Ville Pesosesta miljon\u00e4\u00e4rin: &quot;Olen ylpe\u00e4 siit\u00e4, mit\u00e4 olemme saaneet aikaan&quot; &#8211; Savon Sanomat"},"content":{"rendered":"<ol>\n<li><a href=\"https:\/\/news.google.com\/rss\/articles\/CBMiW0FVX3lxTE85U045bERTUHJaRXB3emRvV09TaEJYT2d0RU00LU44UVMxdmJNT3RyZXZQd3pDR01MaE9naldaZHlqN181WHo1QWd4NUlUYnRzU2Y1eVdNNUNsNEU?oc=5\" target=\"_blank\" rel=\"nofollow noopener\">Yrityskauppa Terveystalon kanssa tekee kuopiolaisesta Ville Pesosesta miljon\u00e4\u00e4rin: &#8221;Olen ylpe\u00e4 siit\u00e4, mit\u00e4 olemme saaneet aikaan&#8221;<\/a>&nbsp;&nbsp;Savon Sanomat<\/li>\n<li><a href=\"https:\/\/news.google.com\/rss\/articles\/CBMifkFVX3lxTFBJZE1vaUJ3MUxCUWlJNnFTZ1hPSDRrN1hUTzNGN2tNOVVNSEFDTFZMdHRVNk9acWMwVUhWaUI2RGdLTHNlX1ltLXNWS3lWUnNPczg2OUc4SjhSaFFzaWUzU3VYcE5adXVybGJOemR0Ti1QZHBRNG10cExUNHpodw?oc=5\" target=\"_blank\" rel=\"nofollow noopener\">Terveystalo tekee 88 miljoonan euron kaupan \u2013 Hammasalan j\u00e4tti siirtyy uudelle omistajalle<\/a>&nbsp;&nbsp;Kauppalehti<\/li>\n<li><a href=\"https:\/\/news.google.com\/rss\/articles\/CBMiQkFVX3lxTE9Ha0x4MVU1SDh5REsxeXpSbGZQYk1WTS1yMDNYbE0yOWZhWWVXR2UwRDUzWS1qTURkSzlubzB4c2ltZw?oc=5\" target=\"_blank\" rel=\"nofollow noopener\">Terveystalo t\u00e4ht\u00e4\u00e4 hammashoitomarkkinan k\u00e4rkeen \u2013 ostaa kuopiolaisen Hohde Groupin 88 miljoonalla eurolla<\/a>&nbsp;&nbsp;Yle<\/li>\n<li><a href=\"https:\/\/news.google.com\/rss\/articles\/CBMiW0FVX3lxTE1mMFVJaEJWVFFNMlo0aXFjbUdldUN6SXluYTliWmZwRjZ5T2h6bW5oZzJEc19OREcwNlN2NHlQSUxLcTl3eVo2ckFrLWtaYm9WOGc4dEhFU2lLYmc?oc=5\" target=\"_blank\" rel=\"nofollow noopener\">Yritykset | Terveystalo ostaa hammasl\u00e4\u00e4k\u00e4ripalveluita tuottavan Hohde Groupin<\/a>&nbsp;&nbsp;HS.fi<\/li>\n<li><a href=\"https:\/\/news.google.com\/rss\/articles\/CBMiUEFVX3lxTFBOVHNIMUZqU0dRMHVKNXZWU24yR3NaZjcyejJZR050dEM4Q1lVZzI0cnIzSkdCNTlObDdGSkFRVWpMYkhNVWFEUFc4VkV5Y3NB?oc=5\" target=\"_blank\" rel=\"nofollow noopener\">Terveystalo ostaa hammasalan yhti\u00f6n 88 miljoonalla eurolla \u2013 toimipisteit\u00e4 my\u00f6s Jyv\u00e4skyl\u00e4ss\u00e4<\/a>&nbsp;&nbsp;Keskisuomalainen<\/li>\n<\/ol>\n","protected":false},"excerpt":{"rendered":"Yrityskauppa Terveystalon kanssa tekee kuopiolaisesta Ville Pesosesta miljon\u00e4\u00e4rin: &#8221;Olen ylpe\u00e4 siit\u00e4, mit\u00e4 olemme saaneet aikaan&#8221;&nbsp;&nbsp;Savon Sanomat Terveystalo tekee&hellip;\n","protected":false},"author":2,"featured_media":124614,"comment_status":"","ping_status":"","sticky":false,"template":"","format":"standard","meta":{"footnotes":""},"categories":[76],"tags":[79,77,33,31,30,94,1132,2349,32,78,1319,4004,1356,3323],"class_list":{"0":"post-124613","1":"post","2":"type-post","3":"status-publish","4":"format-standard","5":"has-post-thumbnail","7":"category-talous","8":"tag-business","9":"tag-economy","10":"tag-fi","11":"tag-finland","12":"tag-finnish","13":"tag-hammashoito","14":"tag-kuopio","15":"tag-myynti","16":"tag-suomi","17":"tag-talous","18":"tag-tulostiedot","19":"tag-yrittajyys","20":"tag-yritykset","21":"tag-yrityskaupat"},"share_on_mastodon":{"url":"https:\/\/pubeurope.com\/@fi\/115773258148248923","error":""},"_links":{"self":[{"href":"https:\/\/www.europesays.com\/fi\/wp-json\/wp\/v2\/posts\/124613","targetHints":{"allow":["GET"]}}],"collection":[{"href":"https:\/\/www.europesays.com\/fi\/wp-json\/wp\/v2\/posts"}],"about":[{"href":"https:\/\/www.europesays.com\/fi\/wp-json\/wp\/v2\/types\/post"}],"author":[{"embeddable":true,"href":"https:\/\/www.europesays.com\/fi\/wp-json\/wp\/v2\/users\/2"}],"replies":[{"embeddable":true,"href":"https:\/\/www.europesays.com\/fi\/wp-json\/wp\/v2\/comments?post=124613"}],"version-history":[{"count":0,"href":"https:\/\/www.europesays.com\/fi\/wp-json\/wp\/v2\/posts\/124613\/revisions"}],"wp:featuredmedia":[{"embeddable":true,"href":"https:\/\/www.europesays.com\/fi\/wp-json\/wp\/v2\/media\/124614"}],"wp:attachment":[{"href":"https:\/\/www.europesays.com\/fi\/wp-json\/wp\/v2\/media?parent=124613"}],"wp:term":[{"taxonomy":"category","embeddable":true,"href":"https:\/\/www.europesays.com\/fi\/wp-json\/wp\/v2\/categories?post=124613"},{"taxonomy":"post_tag","embeddable":true,"href":"https:\/\/www.europesays.com\/fi\/wp-json\/wp\/v2\/tags?post=124613"}],"curies":[{"name":"wp","href":"https:\/\/api.w.org\/{rel}","templated":true}]}}