{"id":124619,"date":"2025-12-24T07:03:08","date_gmt":"2025-12-24T07:03:08","guid":{"rendered":"https:\/\/www.europesays.com\/fi\/124619\/"},"modified":"2025-12-24T07:03:08","modified_gmt":"2025-12-24T07:03:08","slug":"jesse-puljujarvi-tarina-pilkkijakkarasta-jouluna","status":"publish","type":"post","link":"https:\/\/www.europesays.com\/fi\/124619\/","title":{"rendered":"Jesse Puljuj\u00e4rvi: tarina pilkkijakkarasta jouluna"},"content":{"rendered":"<p>Jesse Puljuj\u00e4rvest\u00e4 ei tullut pilkkimiest\u00e4, vaikka is\u00e4 kovasti yritti.<\/p>\n<p class=\"article-body mb-nof-24 px-nof-16\">T\u00e4t\u00e4 nyky\u00e4 Sveitsiss\u00e4 kiekkoileva <a class=\"article-personlink\" href=\"https:\/\/www.is.fi\/haku\/?query=Jesse%20Puljuj%C3%A4rvi\" rel=\"nofollow noopener\" target=\"_blank\">Jesse Puljuj\u00e4rvi<\/a>, 27, p\u00e4\u00e4see viett\u00e4m\u00e4\u00e4n joulua koti-Suomeen vuosien tauon j\u00e4lkeen.<\/p>\n<p class=\"article-body mb-nof-24 px-nof-16\">Puljuj\u00e4rvi lent\u00e4\u00e4 aattoaamuna Genevest\u00e4 kotiseudulleen Ouluun.<\/p>\n<p class=\"article-body mb-nof-24 px-nof-16\">\u2013 Viimeksi vietin Suomessa joulua 2020. Silloin k\u00e4vimme laskemassa pulkkam\u00e4ke\u00e4, ja siit\u00e4 j\u00e4i mukavat muistot. Pit\u00e4\u00e4 varmaan taas k\u00e4yd\u00e4, Puljuj\u00e4rvi suunnittelee.<\/p>\n<p class=\"article-body mb-nof-24 px-nof-16\">\u2013 My\u00f6s ulkoj\u00e4\u00e4t kuuluvat jouluun. Sinne pit\u00e4\u00e4 p\u00e4\u00e4st\u00e4 taas k\u00e4ym\u00e4\u00e4n. Kyll\u00e4h\u00e4n ruoka on my\u00f6s t\u00e4rke\u00e4. Jouluna sy\u00f6d\u00e4\u00e4n eik\u00e4 meinata!<\/p>\n<p class=\"article-body mb-nof-24 px-nof-16\">Kun Puljuj\u00e4rvelt\u00e4 kysyy h\u00e4nen kaikista l\u00e4mpimint\u00e4 joulumuistoaan, kiekkot\u00e4hti kaivaa muistinsa sy\u00f6vereist\u00e4 tarinan, joka ainakin n\u00e4in vuosia my\u00f6hemmin on jo muuttunut l\u00e4mpim\u00e4ksi.<\/p>\n<p><img decoding=\"async\" src=\"https:\/\/www.europesays.com\/fi\/wp-content\/uploads\/2025\/12\/1766559788_801_320.jpg\" alt=\"Jesse Puljuj\u00e4rvi pikkupoikana Torniossa.\" class=\"_Img_1rerz_1\" style=\"aspect-ratio:1.024546424759872\" loading=\"eager\"\/><\/p>\n<p class=\"article-picture-caption\">Jesse Puljuj\u00e4rvi pikkupoikana Torniossa. Kuva:\u00a0Jesse Puljuj\u00e4rven kotialbumi<\/p>\n<p class=\"article-body mb-nof-24 px-nof-16\">\u2013 L\u00f6ysin yhden lahjan, ja se oli tosi iso. Niinh\u00e4n se meni, ett\u00e4 mit\u00e4 isompi paketti, sen parempi. Olin, ett\u00e4 voi vitsi! Tiesin, ett\u00e4 se on minulle, Puljuj\u00e4rvi aloittaa.<\/p>\n<p class=\"article-body mb-nof-24 px-nof-16\">Kun h\u00e4n jouluna p\u00e4\u00e4si avaamaan paketin, sielt\u00e4 paljastuikin pahaksi pettymykseksi pilkkijakkara, jonka sis\u00e4ll\u00e4 oli my\u00f6s s\u00e4ili\u00f6 saalista varten.<\/p>\n<p class=\"article-body mb-nof-24 px-nof-16\">\u2013 Is\u00e4 oli sen ihan innoissaan ostanut minulle. Sitten l\u00e4hdimme pilkille, vaikken olisi yht\u00e4\u00e4n tyk\u00e4nnyt. Oli kylm\u00e4, eik\u00e4 tullut kalaa. Mutta oli pakko l\u00e4hte\u00e4 testaamaan uutta penkki\u00e4.<\/p>\n<p class=\"article-body mb-nof-24 px-nof-16\">\u2013 Ei siin\u00e4 kauan mennyt, kun aloin kiukutella, ett\u00e4 l\u00e4hdet\u00e4\u00e4n kotiin ja n\u00e4in.<\/p>\n<p class=\"article-body mb-nof-24 px-nof-16\">\u2013 Is\u00e4ll\u00e4h\u00e4n meni sitten hermot, ja se potkaisi sen pilkkilaatikon rikki, Puljuj\u00e4rvi saa kerrottua naurunsa seasta.<\/p>\n<p class=\"article-body mb-nof-24 px-nof-16\">\u2013 Siihen se meni sitten se odotetuin lahja.<\/p>\n<p class=\"article-body mb-nof-24 px-nof-16\">\u2013 Se oli meid\u00e4n ensimm\u00e4inen ja viimeinen pilkkureissu. Ei l\u00e4htenyt minulla pilkkiminen, Puljuj\u00e4rvi nauraa.<\/p>\n<p class=\"article-body mb-nof-24 px-nof-16\">Puljuj\u00e4rven tarina kuunneltavissa alla olevasta podcastista ajasta 1.04.49 alkaen.<\/p>\n","protected":false},"excerpt":{"rendered":"Jesse Puljuj\u00e4rvest\u00e4 ei tullut pilkkimiest\u00e4, vaikka is\u00e4 kovasti yritti. T\u00e4t\u00e4 nyky\u00e4 Sveitsiss\u00e4 kiekkoileva Jesse Puljuj\u00e4rvi, 27, p\u00e4\u00e4see viett\u00e4m\u00e4\u00e4n&hellip;\n","protected":false},"author":2,"featured_media":124620,"comment_status":"","ping_status":"","sticky":false,"template":"","format":"standard","meta":{"footnotes":""},"categories":[5],"tags":[22,23,26,27,33,31,30,17,34,24,25,28,29,15,18,21,32,19,20,16],"class_list":{"0":"post-124619","1":"post","2":"type-post","3":"status-publish","4":"format-standard","5":"has-post-thumbnail","7":"category-otsikot","8":"tag-breaking-news","9":"tag-breakingnews","10":"tag-featured-news","11":"tag-featurednews","12":"tag-fi","13":"tag-finland","14":"tag-finnish","15":"tag-headlines","16":"tag-ilta-sanomat","17":"tag-latest-news","18":"tag-latestnews","19":"tag-main-news","20":"tag-mainnews","21":"tag-news","22":"tag-otsikot","23":"tag-paauutiset","24":"tag-suomi","25":"tag-top-stories","26":"tag-topstories","27":"tag-uutiset"},"share_on_mastodon":{"url":"https:\/\/pubeurope.com\/@fi\/115773269961943948","error":""},"_links":{"self":[{"href":"https:\/\/www.europesays.com\/fi\/wp-json\/wp\/v2\/posts\/124619","targetHints":{"allow":["GET"]}}],"collection":[{"href":"https:\/\/www.europesays.com\/fi\/wp-json\/wp\/v2\/posts"}],"about":[{"href":"https:\/\/www.europesays.com\/fi\/wp-json\/wp\/v2\/types\/post"}],"author":[{"embeddable":true,"href":"https:\/\/www.europesays.com\/fi\/wp-json\/wp\/v2\/users\/2"}],"replies":[{"embeddable":true,"href":"https:\/\/www.europesays.com\/fi\/wp-json\/wp\/v2\/comments?post=124619"}],"version-history":[{"count":0,"href":"https:\/\/www.europesays.com\/fi\/wp-json\/wp\/v2\/posts\/124619\/revisions"}],"wp:featuredmedia":[{"embeddable":true,"href":"https:\/\/www.europesays.com\/fi\/wp-json\/wp\/v2\/media\/124620"}],"wp:attachment":[{"href":"https:\/\/www.europesays.com\/fi\/wp-json\/wp\/v2\/media?parent=124619"}],"wp:term":[{"taxonomy":"category","embeddable":true,"href":"https:\/\/www.europesays.com\/fi\/wp-json\/wp\/v2\/categories?post=124619"},{"taxonomy":"post_tag","embeddable":true,"href":"https:\/\/www.europesays.com\/fi\/wp-json\/wp\/v2\/tags?post=124619"}],"curies":[{"name":"wp","href":"https:\/\/api.w.org\/{rel}","templated":true}]}}