{"id":124621,"date":"2025-12-24T07:10:19","date_gmt":"2025-12-24T07:10:19","guid":{"rendered":"https:\/\/www.europesays.com\/fi\/124621\/"},"modified":"2025-12-24T07:10:19","modified_gmt":"2025-12-24T07:10:19","slug":"adobe-firefly-paivittyi-videoita-voi-nyt-editoida-tekoalylla","status":"publish","type":"post","link":"https:\/\/www.europesays.com\/fi\/124621\/","title":{"rendered":"Adobe Firefly p\u00e4ivittyi \u2013 videoita voi nyt editoida teko\u00e4lyll\u00e4"},"content":{"rendered":"<p><img fetchpriority=\"high\" decoding=\"async\" aria-describedby=\"caption-attachment-270618\" class=\"wp-image-270618 size-large\" src=\"data:image\/svg+xml,%3Csvg%20xmlns=\" http:=\"\" alt=\"\" width=\"1200\" height=\"526\" data-lazy- data-lazy- data-lazy-src=\"https:\/\/www.europesays.com\/fi\/wp-content\/uploads\/2025\/12\/media_173bac501f9e5e09392d711eb093a3fcfa0d89469-1200x526.webp.webp\"\/><\/p>\n<p id=\"caption-attachment-270618\" class=\"wp-caption-text\">Adobe Firefly sai my\u00f6s uuden aikajanan.<\/p>\n<p>Adobe Firefly mahdollistaa nyt videoiden muokkaamisen teko\u00e4lyll\u00e4. Palvelulle voi yksinkertaisesti kuvailla, mit\u00e4 haluaa n\u00e4hd\u00e4.<\/p>\n<p>My\u00f6s Adobe on viime vuosina ja kuukausina panostanut yh\u00e4 vahvemmin generatiiviseen eli tuottavaan teko\u00e4lyyn, jota ohjataan tyypillisesti tekstitse kirjoitettavilla kehotteilla. Adobe Fireflyn avulla voi tuottaa videoita vapaasti kuvailemalla, ja nyt samainen alusta tukee my\u00f6s editointia.<\/p>\n<p><img loading=\"lazy\" decoding=\"async\" aria-describedby=\"caption-attachment-270615\" class=\"size-full wp-image-270615\" src=\"data:image\/svg+xml,%3Csvg%20xmlns=\" http:=\"\" alt=\"\" width=\"900\" height=\"506\" data-lazy- data-lazy- data-lazy-src=\"https:\/\/www.europesays.com\/fi\/wp-content\/uploads\/2025\/12\/Firefly-Video-Editor.webp.webp\"\/><\/p>\n<p id=\"caption-attachment-270615\" class=\"wp-caption-text\">Adobe Fireflyn k\u00e4ytt\u00f6liittym\u00e4\u00e4.<\/p>\n<p>K\u00e4ytt\u00e4j\u00e4t voivat valita videosta hienos\u00e4\u00e4t\u00f6\u00e4 vaativia osasia, kuten v\u00e4rimaailmaa, kuvakulmia tai muuta, ja kirjoittaa sitten toivomansa muutokset. Teko\u00e4ly tekee ty\u00f6t\u00e4 k\u00e4sketty\u00e4 muokaten videota ja mahdollistaen jatkok\u00e4sittelyn samalla periaatteella, Adobe <a href=\"https:\/\/blog.adobe.com\/en\/publish\/2025\/12\/16\/adobe-firefly-improves-ai-video-creation-tools-new-models-unlimited-generations\" rel=\"nofollow noopener\" target=\"_blank\">kuvailee<\/a>.<\/p>\n<p style=\"width: 98%; text-align: center; font-size:13px; border-bottom: 1px solid #C8C8C8; line-height: 0.1em; margin: 8px 1% 16px 1%;\">MAINOS (ARTIKKELI JATKUU ALLA)<\/p>\n<p>Teko\u00e4ly osaa esimerkiksi \u201dmuokata taivaan pilviseksi ja madaltaa kontrastia\u201d tai \u201dl\u00e4hent\u00e4\u00e4 hieman videon kohteeseen\u201d.<\/p>\n<p>Firefly-sovellukseen on samalla lis\u00e4tty uudistettu aikajana, jonka avulla kuvakulmia, rajauksia, \u00e4\u00e4ni\u00e4 ja muuta voi helpommin hallinnoida. Palvelu tukee my\u00f6s videoiden tarkkuuden kohottamista 1080p- tai 4K-tarkkuuteen.<\/p>\n<p>Adobe Fireflyn uudistusten laaja jakelu on nyt k\u00e4ynnistynyt. Uudistuksia on koek\u00e4ytetty palvelussa rajatusti lokakuusta alkaen.<\/p>\n<p>Mainos: <a href=\"https:\/\/hinta.fi\/?src=gPp6fX03\" target=\"_blank\" rel=\"nofollow noopener\">Noin 1 600 000 tuotteen hintavertailu ja hintaseuranta &#8211; katso Hinta.fist\u00e4 mist\u00e4 saat halvimmalla<\/a><\/p>\n","protected":false},"excerpt":{"rendered":"Adobe Firefly sai my\u00f6s uuden aikajanan. Adobe Firefly mahdollistaa nyt videoiden muokkaamisen teko\u00e4lyll\u00e4. Palvelulle voi yksinkertaisesti kuvailla, mit\u00e4&hellip;\n","protected":false},"author":2,"featured_media":124622,"comment_status":"","ping_status":"","sticky":false,"template":"","format":"standard","meta":{"footnotes":""},"categories":[89],"tags":[432,431,33,31,30,32,91,92,433],"class_list":{"0":"post-124621","1":"post","2":"type-post","3":"status-publish","4":"format-standard","5":"has-post-thumbnail","7":"category-tekoaly","8":"tag-ai","9":"tag-artificial-intelligence","10":"tag-fi","11":"tag-finland","12":"tag-finnish","13":"tag-suomi","14":"tag-technology","15":"tag-teknologia","16":"tag-tekoaly"},"share_on_mastodon":{"url":"https:\/\/pubeurope.com\/@fi\/115773297301642650","error":""},"_links":{"self":[{"href":"https:\/\/www.europesays.com\/fi\/wp-json\/wp\/v2\/posts\/124621","targetHints":{"allow":["GET"]}}],"collection":[{"href":"https:\/\/www.europesays.com\/fi\/wp-json\/wp\/v2\/posts"}],"about":[{"href":"https:\/\/www.europesays.com\/fi\/wp-json\/wp\/v2\/types\/post"}],"author":[{"embeddable":true,"href":"https:\/\/www.europesays.com\/fi\/wp-json\/wp\/v2\/users\/2"}],"replies":[{"embeddable":true,"href":"https:\/\/www.europesays.com\/fi\/wp-json\/wp\/v2\/comments?post=124621"}],"version-history":[{"count":0,"href":"https:\/\/www.europesays.com\/fi\/wp-json\/wp\/v2\/posts\/124621\/revisions"}],"wp:featuredmedia":[{"embeddable":true,"href":"https:\/\/www.europesays.com\/fi\/wp-json\/wp\/v2\/media\/124622"}],"wp:attachment":[{"href":"https:\/\/www.europesays.com\/fi\/wp-json\/wp\/v2\/media?parent=124621"}],"wp:term":[{"taxonomy":"category","embeddable":true,"href":"https:\/\/www.europesays.com\/fi\/wp-json\/wp\/v2\/categories?post=124621"},{"taxonomy":"post_tag","embeddable":true,"href":"https:\/\/www.europesays.com\/fi\/wp-json\/wp\/v2\/tags?post=124621"}],"curies":[{"name":"wp","href":"https:\/\/api.w.org\/{rel}","templated":true}]}}