{"id":124627,"date":"2025-12-24T07:23:09","date_gmt":"2025-12-24T07:23:09","guid":{"rendered":"https:\/\/www.europesays.com\/fi\/124627\/"},"modified":"2025-12-24T07:23:09","modified_gmt":"2025-12-24T07:23:09","slug":"james-bond-videopeli-007-first-lightin-julkaisu-siirtyi","status":"publish","type":"post","link":"https:\/\/www.europesays.com\/fi\/124627\/","title":{"rendered":"James Bond -videopeli 007: First Lightin julkaisu siirtyi"},"content":{"rendered":"<p>IO Interactive -pelistudio on lyk\u00e4nnyt 007: First Light -videopelin julkaisua noin kahdella kuukaudella.<\/p>\n<p>Pelin julkaisun piti tapahtua maaliskuun lopulla, mutta uuden tiedon mukaan se tapahtuu 27.5.2026.<\/p>\n<p>Tanskalaisstudio kertoi sosiaalisessa mediassa, ett\u00e4 peli on jo alusta loppuun pelattavissa, mutta lis\u00e4aika k\u00e4ytet\u00e4\u00e4n kokemuksen viimeistelyyn ja \u201cvahvimman mahdollisen version\u201d varmistamiseen julkaisussa.<\/p>\n<p>Lue my\u00f6s: <a href=\"https:\/\/www.episodi.fi\/uutiset\/rock-tahdesta-tulee-seuraava-007-pahis-nayttelee-uudessa-bond-syntytarinassa\/\" title=\"Rockt\u00e4hdest\u00e4 tulee seuraava 007-pahis \u2013 n\u00e4yttelee uudessa Bond-syntytarinassa\" class=\"underline-custom !font-montserrat !font-bold !underline-offset-4 !decoration-4 !decoration-episodi-blue !text-md\" rel=\"nofollow noopener\" target=\"_blank\">Rockt\u00e4hdest\u00e4 tulee seuraava 007-pahis \u2013 n\u00e4yttelee uudessa Bond-syntytarinassa<\/a><\/p>\n<p>Lue my\u00f6s: <a href=\"https:\/\/www.episodi.fi\/uutiset\/uusi-james-bond-ehdokas-on-noussut-ykkoseksi-tassako-on-mies-jolla-on-lupa-tappaa\/\" title=\"Uusi James Bond -ehdokas on noussut ykk\u00f6seksi \u2013 t\u00e4ss\u00e4k\u00f6 on mies, jolla on lupa tappaa?\" class=\"underline-custom !font-montserrat !font-bold !underline-offset-4 !decoration-4 !decoration-episodi-blue !text-md\" rel=\"nofollow noopener\" target=\"_blank\">Uusi James Bond -ehdokas on noussut ykk\u00f6seksi \u2013 t\u00e4ss\u00e4k\u00f6 on mies, jolla on lupa tappaa?<\/a><\/p>\n<p>007: First Light esiteltiin syyskuun 2025 PlayStation State of Play -l\u00e4hetyksess\u00e4. Peli kertoo nuoren Bondin alkuvuosista MI6:ssa. Dexter: Original Sin -sarjasta tuttu <strong>Patrick Gibson<\/strong> esitt\u00e4\u00e4 Bondia. Muissa \u00e4\u00e4nirooleissa n\u00e4hd\u00e4\u00e4n <strong>Lennie James, Priyanga Burford, Alastair Mackenzie, Kiera Lester <\/strong>ja <strong>No\u00e9mie Nakai<\/strong>.<\/p>\n<p>Pelin hinta on noin 69,99 dollaria ja on jo ennakkotilattavissa. Lis\u00e4ksi myyd\u00e4\u00e4n noin 299,99 dollarin erikoisversiota, johon kuuluu mm. kultainen ase -ker\u00e4ilyfiguuri.<\/p>\n<p>L\u00e4hde: <a href=\"https:\/\/deadline.com\/2025\/12\/ioi-james-bond-video-game-007-first-light-release-date-1236656156\/\" rel=\"nofollow noopener\" target=\"_blank\">Deadline<\/a><\/p>\n<p>\u200b<\/p>\n<p>Lue my\u00f6s: <a href=\"https:\/\/www.episodi.fi\/uutiskirje\/?uutiskirjemainos=tekstilinkkimainos\" title=\"Tilaa Episodin uutiskirje ja voit voittaa leffalippuja! Nappaa tv-vinkit suoraan s\u00e4hk\u00f6postiin t\u00e4st\u00e4.\" class=\"underline-custom !font-montserrat !font-bold !underline-offset-4 !decoration-4 !decoration-episodi-blue !text-md\" rel=\"nofollow noopener\" target=\"_blank\">Tilaa Episodin uutiskirje ja voit voittaa leffalippuja! Nappaa katseluvinkit suoraan s\u00e4hk\u00f6postiin t\u00e4st\u00e4.<\/a><\/p>\n","protected":false},"excerpt":{"rendered":"IO Interactive -pelistudio on lyk\u00e4nnyt 007: First Light -videopelin julkaisua noin kahdella kuukaudella. Pelin julkaisun piti tapahtua maaliskuun&hellip;\n","protected":false},"author":2,"featured_media":124628,"comment_status":"","ping_status":"","sticky":false,"template":"","format":"standard","meta":{"footnotes":""},"categories":[130],"tags":[15176,137,33,31,30,1971,22221,32,109],"class_list":{"0":"post-124627","1":"post","2":"type-post","3":"status-publish","4":"format-standard","5":"has-post-thumbnail","7":"category-viihde","8":"tag-007-first-light","9":"tag-entertainment","10":"tag-fi","11":"tag-finland","12":"tag-finnish","13":"tag-james-bond","14":"tag-patrick-gibson","15":"tag-suomi","16":"tag-viihde"},"share_on_mastodon":{"url":"https:\/\/pubeurope.com\/@fi\/115773348441431789","error":""},"_links":{"self":[{"href":"https:\/\/www.europesays.com\/fi\/wp-json\/wp\/v2\/posts\/124627","targetHints":{"allow":["GET"]}}],"collection":[{"href":"https:\/\/www.europesays.com\/fi\/wp-json\/wp\/v2\/posts"}],"about":[{"href":"https:\/\/www.europesays.com\/fi\/wp-json\/wp\/v2\/types\/post"}],"author":[{"embeddable":true,"href":"https:\/\/www.europesays.com\/fi\/wp-json\/wp\/v2\/users\/2"}],"replies":[{"embeddable":true,"href":"https:\/\/www.europesays.com\/fi\/wp-json\/wp\/v2\/comments?post=124627"}],"version-history":[{"count":0,"href":"https:\/\/www.europesays.com\/fi\/wp-json\/wp\/v2\/posts\/124627\/revisions"}],"wp:featuredmedia":[{"embeddable":true,"href":"https:\/\/www.europesays.com\/fi\/wp-json\/wp\/v2\/media\/124628"}],"wp:attachment":[{"href":"https:\/\/www.europesays.com\/fi\/wp-json\/wp\/v2\/media?parent=124627"}],"wp:term":[{"taxonomy":"category","embeddable":true,"href":"https:\/\/www.europesays.com\/fi\/wp-json\/wp\/v2\/categories?post=124627"},{"taxonomy":"post_tag","embeddable":true,"href":"https:\/\/www.europesays.com\/fi\/wp-json\/wp\/v2\/tags?post=124627"}],"curies":[{"name":"wp","href":"https:\/\/api.w.org\/{rel}","templated":true}]}}