{"id":124631,"date":"2025-12-24T07:27:08","date_gmt":"2025-12-24T07:27:08","guid":{"rendered":"https:\/\/www.europesays.com\/fi\/124631\/"},"modified":"2025-12-24T07:27:08","modified_gmt":"2025-12-24T07:27:08","slug":"ukrainan-asetoimituksille-avataan-toinen-reitti","status":"publish","type":"post","link":"https:\/\/www.europesays.com\/fi\/124631\/","title":{"rendered":"Ukrainan asetoimituksille avataan toinen reitti"},"content":{"rendered":"<p>T\u00e4h\u00e4n p\u00e4iv\u00e4\u00e4n asti ainoa p\u00e4\u00e4logistiikkakeskus aseiden ja sotilaskaluston toimittamiseksi Ukrainaan on sijainnut Kaakkois-Puolan Rzeszowissa. Uusi asekuljetusten koordinointi- ja kuljetuskeskus <a href=\"https:\/\/www.defenseromania.ro\/romania-devine-al-doilea-nod-strategic-nato-pentru-aprovizionarea-ucrainei_639341.html\" target=\"_blank\" rel=\"nofollow noopener\">aloittaa <\/a>toimintansa Romaniassa tammikuussa 2026.<\/p>\n<p>Asian on vahvistanut Naton Ukrainan tukemisesta vastaavan NSATU-yksik\u00f6n komentaja kenraalimajuri <strong>Mike Keller<\/strong>.<\/p>\n<p>Romaniaan luotu logistiikkakeskus on toiseksi suurin Rzeszowin j\u00e4lkeen, joka on ollut p\u00e4\u00e4v\u00e4yl\u00e4 aseiden, kaluston ja varusteiden toimituksissa. Romanian keskus toimii yhteisty\u00f6ss\u00e4 puolalaisen keskuksen kanssa. Uuden keskuksen my\u00f6t\u00e4 Naton kuljetuskapasiteetti Ukrainaan k\u00e4yt\u00e4nn\u00f6ss\u00e4 kaksinkertaistuu erityisesti PURL-mekanismilla (Prioritised Ukraine Requirements List) hankittujen aseiden osalta, jotka Euroopan maat ovat ostaneet Yhdysvalloista Ukrainalle toimitettaviksi. Uusi logistiikkakeskus tulee Naton suoraan komentoon.<\/p>\n<p>Uuden keskuksen lis\u00e4\u00e4minen poistaa riippuvuuden yhdest\u00e4 toimituskeskuksesta. Erityisesti ilmatorjunnan, sen ohjusten ja ammusten osalta t\u00e4ll\u00e4 on suuri merkitys. Vuonna 2025 Rzeszowin kautta on Kellerin <a href=\"https:\/\/stirileprotv.ro\/stiri\/international\/general-nato-alianta-va-avea-in-romania-a-doua-platforma-de-aprovizionare-militara-a-ucrainei-dupa-cea-din-polonia.html\" target=\"_blank\" rel=\"nofollow noopener\">mukaan<\/a> toimitettu Ukrainaan 220\u00a0000 tonnia sotilasapua, joka on tarkoittanut 9000:ta kuorma-autollista, 1800:aa junanvaunullista ja 500:aa kuljetuskoneen kuormallista.<\/p>\n<p>Vaikka Washingtonista on puhuttu suorien lahjoitusten lopettamisesta, aseiden toimittamisessa Ukrainaan ei ole ollut mit\u00e4\u00e4n operatiivista taukoa. PURL-j\u00e4rjestely muutti ainoastaan taloudellisen vastuun toimitusten tahtia hidastamatta.<\/p>\n<p>\u2013 Yhdysvallat ei odota maksua ennen toimituksen aloittamista. Heti kun PURL-paketista tulee ilmoitus, materiaalia aletaan toimittaa, selvent\u00e4\u00e4 Keller.<\/p>\n<p>Toiminta mahdollistaa t\u00e4yden tuotantonopeuden Yhdysvalloissa Euroopan liittolaisten ottaessa rahoitusvastuun, miss\u00e4 toteutetaan presidentti <strong>Donald Trumpin<\/strong> strategiaa sotilasavun muuttamisesta Yhdysvaltain vientikaupaksi.<\/p>\n","protected":false},"excerpt":{"rendered":"T\u00e4h\u00e4n p\u00e4iv\u00e4\u00e4n asti ainoa p\u00e4\u00e4logistiikkakeskus aseiden ja sotilaskaluston toimittamiseksi Ukrainaan on sijainnut Kaakkois-Puolan Rzeszowissa. Uusi asekuljetusten koordinointi- ja&hellip;\n","protected":false},"author":2,"featured_media":124632,"comment_status":"","ping_status":"","sticky":false,"template":"","format":"standard","meta":{"footnotes":""},"categories":[14],"tags":[22,23,26,27,33,31,30,17,24,25,28,29,15,18,21,32,19,20,56,16,59,60,61],"class_list":{"0":"post-124631","1":"post","2":"type-post","3":"status-publish","4":"format-standard","5":"has-post-thumbnail","7":"category-ulkomaat","8":"tag-breaking-news","9":"tag-breakingnews","10":"tag-featured-news","11":"tag-featurednews","12":"tag-fi","13":"tag-finland","14":"tag-finnish","15":"tag-headlines","16":"tag-latest-news","17":"tag-latestnews","18":"tag-main-news","19":"tag-mainnews","20":"tag-news","21":"tag-otsikot","22":"tag-paauutiset","23":"tag-suomi","24":"tag-top-stories","25":"tag-topstories","26":"tag-ulkomaat","27":"tag-uutiset","28":"tag-world","29":"tag-world-news","30":"tag-worldnews"},"share_on_mastodon":{"url":"https:\/\/pubeurope.com\/@fi\/115773364148909105","error":""},"_links":{"self":[{"href":"https:\/\/www.europesays.com\/fi\/wp-json\/wp\/v2\/posts\/124631","targetHints":{"allow":["GET"]}}],"collection":[{"href":"https:\/\/www.europesays.com\/fi\/wp-json\/wp\/v2\/posts"}],"about":[{"href":"https:\/\/www.europesays.com\/fi\/wp-json\/wp\/v2\/types\/post"}],"author":[{"embeddable":true,"href":"https:\/\/www.europesays.com\/fi\/wp-json\/wp\/v2\/users\/2"}],"replies":[{"embeddable":true,"href":"https:\/\/www.europesays.com\/fi\/wp-json\/wp\/v2\/comments?post=124631"}],"version-history":[{"count":0,"href":"https:\/\/www.europesays.com\/fi\/wp-json\/wp\/v2\/posts\/124631\/revisions"}],"wp:featuredmedia":[{"embeddable":true,"href":"https:\/\/www.europesays.com\/fi\/wp-json\/wp\/v2\/media\/124632"}],"wp:attachment":[{"href":"https:\/\/www.europesays.com\/fi\/wp-json\/wp\/v2\/media?parent=124631"}],"wp:term":[{"taxonomy":"category","embeddable":true,"href":"https:\/\/www.europesays.com\/fi\/wp-json\/wp\/v2\/categories?post=124631"},{"taxonomy":"post_tag","embeddable":true,"href":"https:\/\/www.europesays.com\/fi\/wp-json\/wp\/v2\/tags?post=124631"}],"curies":[{"name":"wp","href":"https:\/\/api.w.org\/{rel}","templated":true}]}}