{"id":124660,"date":"2025-12-24T08:18:10","date_gmt":"2025-12-24T08:18:10","guid":{"rendered":"https:\/\/www.europesays.com\/fi\/124660\/"},"modified":"2025-12-24T08:18:10","modified_gmt":"2025-12-24T08:18:10","slug":"sastamalan-keskustassa-avautui-uusi-matkailunahtavyys-runsaat-kaksi-vuotta-sitten-nyt-satojen-nelioiden-halli-on-tyhja","status":"publish","type":"post","link":"https:\/\/www.europesays.com\/fi\/124660\/","title":{"rendered":"Sastamalan keskustassa avautui uusi matkailun\u00e4ht\u00e4vyys runsaat kaksi vuotta sitten \u2013 Nyt satojen neli\u00f6iden halli on tyhj\u00e4"},"content":{"rendered":"<p>Auto- ja traktorimuseo on uuden edess\u00e4.<\/p>\n<p class=\"article-body mb-nof-24 px-nof-16\">Valtava operaatio, kuvailee Seppo J. Kotaj\u00e4rvi -s\u00e4\u00e4ti\u00f6n hallituksen puheenjohtaja <a class=\"article-personlink\" href=\"https:\/\/www.tyrvaansanomat.fi\/haku\/?query=Kari%20Suhonen\" rel=\"nofollow noopener\" target=\"_blank\">Kari Suhonen<\/a>.<\/p>\n<p class=\"article-body mb-nof-24 px-nof-16\">Kotaj\u00e4rven auto- ja traktorimuseon tilat Itsen\u00e4isyydentiell\u00e4 Sastamalan keskustassa tyhjeniv\u00e4t viikonloppuna. Kymmenet vanhat ajopelit siirrettiin pois.<\/p>\n<p class=\"article-body mb-nof-24 px-nof-16\">\u201dLaskettiin, ett\u00e4 500\u2013600 miesty\u00f6tuntia siin\u00e4 meni\u201d, Suhonen sanoo.<\/p>\n","protected":false},"excerpt":{"rendered":"Auto- ja traktorimuseo on uuden edess\u00e4. Valtava operaatio, kuvailee Seppo J. Kotaj\u00e4rvi -s\u00e4\u00e4ti\u00f6n hallituksen puheenjohtaja Kari Suhonen. Kotaj\u00e4rven&hellip;\n","protected":false},"author":2,"featured_media":124661,"comment_status":"","ping_status":"","sticky":false,"template":"","format":"standard","meta":{"footnotes":""},"categories":[76],"tags":[79,77,33,31,30,32,78,3885],"class_list":{"0":"post-124660","1":"post","2":"type-post","3":"status-publish","4":"format-standard","5":"has-post-thumbnail","7":"category-talous","8":"tag-business","9":"tag-economy","10":"tag-fi","11":"tag-finland","12":"tag-finnish","13":"tag-suomi","14":"tag-talous","15":"tag-tyrvaan-sanomat"},"share_on_mastodon":{"url":"https:\/\/pubeurope.com\/@fi\/115773564757105681","error":""},"_links":{"self":[{"href":"https:\/\/www.europesays.com\/fi\/wp-json\/wp\/v2\/posts\/124660","targetHints":{"allow":["GET"]}}],"collection":[{"href":"https:\/\/www.europesays.com\/fi\/wp-json\/wp\/v2\/posts"}],"about":[{"href":"https:\/\/www.europesays.com\/fi\/wp-json\/wp\/v2\/types\/post"}],"author":[{"embeddable":true,"href":"https:\/\/www.europesays.com\/fi\/wp-json\/wp\/v2\/users\/2"}],"replies":[{"embeddable":true,"href":"https:\/\/www.europesays.com\/fi\/wp-json\/wp\/v2\/comments?post=124660"}],"version-history":[{"count":0,"href":"https:\/\/www.europesays.com\/fi\/wp-json\/wp\/v2\/posts\/124660\/revisions"}],"wp:featuredmedia":[{"embeddable":true,"href":"https:\/\/www.europesays.com\/fi\/wp-json\/wp\/v2\/media\/124661"}],"wp:attachment":[{"href":"https:\/\/www.europesays.com\/fi\/wp-json\/wp\/v2\/media?parent=124660"}],"wp:term":[{"taxonomy":"category","embeddable":true,"href":"https:\/\/www.europesays.com\/fi\/wp-json\/wp\/v2\/categories?post=124660"},{"taxonomy":"post_tag","embeddable":true,"href":"https:\/\/www.europesays.com\/fi\/wp-json\/wp\/v2\/tags?post=124660"}],"curies":[{"name":"wp","href":"https:\/\/api.w.org\/{rel}","templated":true}]}}