{"id":124662,"date":"2025-12-24T08:19:07","date_gmt":"2025-12-24T08:19:07","guid":{"rendered":"https:\/\/www.europesays.com\/fi\/124662\/"},"modified":"2025-12-24T08:19:07","modified_gmt":"2025-12-24T08:19:07","slug":"myrsky-sekoittaa-joululiikennetta-kaliforniassa-uutisia-lyhyesti","status":"publish","type":"post","link":"https:\/\/www.europesays.com\/fi\/124662\/","title":{"rendered":"Myrsky sekoittaa joululiikennett\u00e4 Kaliforniassa | Uutisia lyhyesti"},"content":{"rendered":"<p class=\"aw-1gybjub aw-1p7kakr kEtdKx cEmitX yle__article__paragraph\">Satoja ihmisi\u00e4 on l\u00e4htenyt kodeistaan evakkoon voimakkaan myrskyn vuoksi Kaliforniassa.<\/p>\n<p class=\"aw-1gybjub aw-1p7kakr kEtdKx cEmitX yle__article__paragraph\">Rankat sateet ovat nostattaneet tulvia. Viranomaisten mukaan liikenteess\u00e4 on odotettavissa viiv\u00e4stymisi\u00e4 l\u00e4hes kaikkialla osavaltiossa.<\/p>\n<p class=\"aw-1gybjub aw-1p7kakr kEtdKx cEmitX yle__article__paragraph\">Sade voi tulla veten\u00e4 tai lumena. Pakoin vett\u00e4 voi sataa yli 30 sentti\u00e4. Ilmatieteenlaitos varoittaa my\u00f6s muta- ja kivivy\u00f6ryist\u00e4 ja sortumista.<\/p>\n<p class=\"aw-1gybjub aw-1p7kakr kEtdKx cEmitX yle__article__paragraph\">Myrskyn ennustetaan jatkuvan joulunpyhien ajan.<\/p>\n<p class=\"aw-1gybjub aw-1p7kakr kEtdKx cEmitX yle__article__paragraph\">Reuters<\/p>\n","protected":false},"excerpt":{"rendered":"Satoja ihmisi\u00e4 on l\u00e4htenyt kodeistaan evakkoon voimakkaan myrskyn vuoksi Kaliforniassa. Rankat sateet ovat nostattaneet tulvia. Viranomaisten mukaan liikenteess\u00e4&hellip;\n","protected":false},"author":2,"featured_media":74,"comment_status":"","ping_status":"","sticky":false,"template":"","format":"standard","meta":{"footnotes":""},"categories":[14],"tags":[22,23,26,27,33,31,30,17,1410,24,25,28,29,3381,15,18,21,710,32,19,20,2524,56,16,59,60,61],"class_list":{"0":"post-124662","1":"post","2":"type-post","3":"status-publish","4":"format-standard","5":"has-post-thumbnail","7":"category-ulkomaat","8":"tag-breaking-news","9":"tag-breakingnews","10":"tag-featured-news","11":"tag-featurednews","12":"tag-fi","13":"tag-finland","14":"tag-finnish","15":"tag-headlines","16":"tag-kalifornia","17":"tag-latest-news","18":"tag-latestnews","19":"tag-main-news","20":"tag-mainnews","21":"tag-myrskyt","22":"tag-news","23":"tag-otsikot","24":"tag-paauutiset","25":"tag-saa","26":"tag-suomi","27":"tag-top-stories","28":"tag-topstories","29":"tag-tulvat","30":"tag-ulkomaat","31":"tag-uutiset","32":"tag-world","33":"tag-world-news","34":"tag-worldnews"},"share_on_mastodon":{"url":"https:\/\/pubeurope.com\/@fi\/115773568805306399","error":""},"_links":{"self":[{"href":"https:\/\/www.europesays.com\/fi\/wp-json\/wp\/v2\/posts\/124662","targetHints":{"allow":["GET"]}}],"collection":[{"href":"https:\/\/www.europesays.com\/fi\/wp-json\/wp\/v2\/posts"}],"about":[{"href":"https:\/\/www.europesays.com\/fi\/wp-json\/wp\/v2\/types\/post"}],"author":[{"embeddable":true,"href":"https:\/\/www.europesays.com\/fi\/wp-json\/wp\/v2\/users\/2"}],"replies":[{"embeddable":true,"href":"https:\/\/www.europesays.com\/fi\/wp-json\/wp\/v2\/comments?post=124662"}],"version-history":[{"count":0,"href":"https:\/\/www.europesays.com\/fi\/wp-json\/wp\/v2\/posts\/124662\/revisions"}],"wp:featuredmedia":[{"embeddable":true,"href":"https:\/\/www.europesays.com\/fi\/wp-json\/wp\/v2\/media\/74"}],"wp:attachment":[{"href":"https:\/\/www.europesays.com\/fi\/wp-json\/wp\/v2\/media?parent=124662"}],"wp:term":[{"taxonomy":"category","embeddable":true,"href":"https:\/\/www.europesays.com\/fi\/wp-json\/wp\/v2\/categories?post=124662"},{"taxonomy":"post_tag","embeddable":true,"href":"https:\/\/www.europesays.com\/fi\/wp-json\/wp\/v2\/tags?post=124662"}],"curies":[{"name":"wp","href":"https:\/\/api.w.org\/{rel}","templated":true}]}}