{"id":124710,"date":"2025-12-24T09:38:08","date_gmt":"2025-12-24T09:38:08","guid":{"rendered":"https:\/\/www.europesays.com\/fi\/124710\/"},"modified":"2025-12-24T09:38:08","modified_gmt":"2025-12-24T09:38:08","slug":"brittiperhe-kokee-tulleensa-hoynaytetyksi-matkatoimisto-myi-lapin-taikaa-mutta-liput-olivatkin-lumettomaan-kajaaniin-kotimaa","status":"publish","type":"post","link":"https:\/\/www.europesays.com\/fi\/124710\/","title":{"rendered":"Brittiperhe kokee tulleensa h\u00f6yn\u00e4ytetyksi \u2013 matkatoimisto myi Lapin taikaa, mutta liput olivatkin lumettomaan Kajaaniin | Kotimaa"},"content":{"rendered":"<p class=\"aw-1gybjub aw-5vja16 kEtdKx kmuxyA yle__article__paragraph\">Matkan\u00adj\u00e4rjest\u00e4j\u00e4 Tui perui brittituristien Kainuun-matkan edellisen\u00e4 p\u00e4iv\u00e4n\u00e4 lumen puutteen takia.<\/p>\n<p><img decoding=\"async\" alt=\"Lomakuvassa on nelihenkinen perhe.\" src=\"https:\/\/www.europesays.com\/fi\/wp-content\/uploads\/2025\/12\/39-157354369492f5a067f5.jpeg\" class=\"aw-1l9m598 hKVVvP\"\/><\/p>\n<p>Avaa kuvien katselu<\/p>\n<p>Kuvassa on Garveyn perhe: Fay, Mike, Annabelle ja Joseph. Kuva: Fay Garveyn kotialbumi<\/p>\n<p class=\"aw-1gybjub aw-1p7kakr kEtdKx cEmitX yle__article__paragraph\">Brittil\u00e4isen <strong class=\"aw-ak79eh KyCXm yle__article__strong\">Fay Garveyn<\/strong> ja h\u00e4nen perheens\u00e4 oli tarkoitus viett\u00e4\u00e4 joulua Vuokatissa. Ohjelmassa piti olla muun muassa joulupukin tapaaminen ja huskyajelu.<\/p>\n<p class=\"aw-1gybjub aw-1p7kakr kEtdKx cEmitX yle__article__paragraph\">Liverpoolin l\u00e4helt\u00e4 kotoisin oleva Garvey kertoo, ett\u00e4 h\u00e4n ja h\u00e4nen miehens\u00e4 ovat aina halunneet vied\u00e4 9- ja 11-vuotiaat lapsensa Lappiin.<\/p>\n<p class=\"aw-1gybjub aw-1p7kakr kEtdKx cEmitX yle__article__paragraph\">Marraskuussa perhe alkoi valmistautua matkaansa ja luki Facebook-keskusteluja matkakohteestaan. Silloin he tajusivat, ett\u00e4 se ei olekaan Lapissa.<\/p>\n<p class=\"aw-1gybjub aw-1p7kakr kEtdKx cEmitX yle__article__paragraph\">\u2013 Olimme vihaisia ja poissa tolaltamme.<\/p>\n<p class=\"aw-1gybjub aw-1p7kakr kEtdKx cEmitX yle__article__paragraph\">Perhe yritti l\u00f6yt\u00e4\u00e4 korvaavan matkakohteen Lapista, mutta ei onnistunut.<\/p>\n<p class=\"aw-1gybjub aw-1p7kakr kEtdKx cEmitX yle__article__paragraph\">\u2013 Vuokatti vaikutti kauniilta ja p\u00e4\u00e4timme, ett\u00e4 ainoa vaihtoehto on jatkaa matkan valmistelua. Emme halunneet tuottaa lapsillemme pettymyst\u00e4.<\/p>\n<p class=\"aw-1gybjub aw-1p7kakr kEtdKx cEmitX yle__article__paragraph\">Kun matka l\u00e4hestyi, perhe alkoi huolestua seuratessaan Vuokatin s\u00e4\u00e4tilaa. He tutkivat s\u00e4\u00e4ennusteita ja -kameroita jatkuvasti.<\/p>\n<p>Matka peruuntui edellisen\u00e4 p\u00e4iv\u00e4n\u00e4<\/p>\n<p class=\"aw-1gybjub aw-1p7kakr kEtdKx cEmitX yle__article__paragraph\">Lopulta kaksi p\u00e4iv\u00e4\u00e4 ennen lomaa, viime perjantaina, Tuilta tuli viesti, jossa kerrottiin lunta olevan vain v\u00e4h\u00e4n.<\/p>\n<p><img decoding=\"async\" alt=\"Talvimaisema Vuokatinvaaran huipulta.\" src=\"https:\/\/www.europesays.com\/fi\/wp-content\/uploads\/2025\/12\/39-157369969494ffe6582c.jpeg\" loading=\"lazy\" class=\"aw-1l9m598 hKVVvP\"\/><\/p>\n<p>Avaa kuvien katselu<\/p>\n<p>Kuva on otettu 22. joulukuuta Vuokatista Sotkamosta. Kuva: Juha Kemppainen \/ Yle<\/p>\n<p class=\"aw-1gybjub aw-1p7kakr kEtdKx cEmitX yle__article__paragraph\">Matkustajille annettiin kolme vaihtoehtoa: perua matka, l\u00e4hte\u00e4 matkalle tai muuttaa matkasuunnitelmaa. Garveyn perhe p\u00e4\u00e4tti l\u00e4hte\u00e4 Vuokattiin.<\/p>\n<p class=\"aw-1gybjub aw-1p7kakr kEtdKx cEmitX yle__article__paragraph\">Lauantaina iltap\u00e4iv\u00e4ll\u00e4 Tuilta tuli uusi viesti. Siin\u00e4 kerrottiin, ett\u00e4 <a class=\"aw-iao6s4 iHOxEa yle__article__link\" href=\"https:\/\/yle.fi\/a\/74-20201007\" role=\"link\" rel=\"nofollow noopener\" target=\"_blank\">koko matka on peruttu<\/a> lumen v\u00e4h\u00e4isyyden takia. Lennon olisi pit\u00e4nyt l\u00e4hte\u00e4 seuraavana aamuna kello 6.30.<\/p>\n<p class=\"aw-1gybjub aw-1p7kakr kEtdKx cEmitX yle__article__paragraph\">He ostivat nopeasti tilalle matkan Krakovaan.<\/p>\n<p class=\"aw-1gybjub aw-1p7kakr kEtdKx cEmitX yle__article__paragraph\">\u2013 Toivottavasti voimme ostaa Lapin-loman ensi vuodelle. Mutta emme mene Tuilla emmek\u00e4 Kainuun (Arctic Lakeland) alueelle, vaikka se n\u00e4ytt\u00e4\u00e4kin fantastiselta. Menemme mieluummin pohjoisemmas, jotta siell\u00e4 on tarpeeksi lunta.<\/p>\n<p class=\"aw-1gybjub aw-1p7kakr kEtdKx cEmitX yle__article__paragraph\">Garvey sanoo olleensa vihainen ja j\u00e4rkyttynyt tapahtuneesta. Ennen kaikkea h\u00e4n on tuohtunut Tuin toiminnasta.<\/p>\n<p class=\"aw-1gybjub aw-1p7kakr kEtdKx cEmitX yle__article__paragraph\">H\u00e4n ei ole ainoa, sill\u00e4 Facebookin Suomi-matkailuryhmiss\u00e4 monet ovat kimmastuneet Kainuun-matkansa perumisesta ja siit\u00e4, miten huonosti asiasta on informoitu. Joukossa on useita Garveyn kaltaisia brittituristeja, jotka luulivat olevansa matkalla Lappiin. Oikeassa Lapissa onkin t\u00e4ll\u00e4 hetkell\u00e4 lunta.<\/p>\n<p class=\"aw-1gybjub aw-1p7kakr kEtdKx cEmitX yle__article__paragraph\">Moni on my\u00f6s kokenut, ett\u00e4 Tuilta on ollut mahdotonta saada tietoa tai vastauksia.<\/p>\n<p class=\"aw-1gybjub aw-1p7kakr kEtdKx cEmitX yle__article__paragraph\">Tuilta kerrottiin Ylelle sunnuntaina, ett\u00e4 kaikille vastataan, mutta vastauksissa voi olla viivett\u00e4, koska joulua edelt\u00e4v\u00e4 aika on sesonkiaikaa.<\/p>\n<p class=\"aw-1gybjub aw-1p7kakr kEtdKx cEmitX yle__article__paragraph\">Garveykin on tavoitettu Facebookin kautta, ja h\u00e4n on vastannut viesteihin kirjallisesti. Yle on n\u00e4hnyt Tuin perheelle l\u00e4hett\u00e4m\u00e4t viestit.<\/p>\n<p>\u201dTaianomaisen Lapin-loman sis\u00e4ll\u00f6t\u201d<\/p>\n<p class=\"aw-1gybjub aw-1p7kakr kEtdKx cEmitX yle__article__paragraph\">Tui on jo aiemmin perunut Kainuun-matkoja lumen puutteen vuoksi. My\u00f6s esimerkiksi jouluaaton matkat on peruttu.<\/p>\n<p class=\"aw-1gybjub aw-1p7kakr kEtdKx cEmitX yle__article__paragraph\">\u2013 Pitk\u00e4llisen harkinnan j\u00e4lkeen olemme peruneet jouluaaton tilauslennon Kajaaniin. Emme pysty j\u00e4rjest\u00e4m\u00e4\u00e4n asiakkaille sit\u00e4 kokemusta, jonka he ovat ostaneet, kertoo Tui Suomen viestint\u00e4p\u00e4\u00e4llikk\u00f6 <strong class=\"aw-ak79eh KyCXm yle__article__strong\">Laura Aaltonen<\/strong>.<\/p>\n<p class=\"aw-1gybjub aw-1p7kakr kEtdKx cEmitX yle__article__paragraph\">Jouluaaton tilauslennon perumisesta kertoi ensiksi <a class=\"aw-iao6s4 iHOxEa yle__article__link\" href=\"https:\/\/www.kainuunsanomat.fi\/artikkeli\/tui-perui-myos-jouluaaton-lennon-englannista-surettaa-todella-paljon\" role=\"link\" rel=\"nofollow noopener\" target=\"_blank\">Kainuun Sanomat<\/a>.<\/p>\n<p class=\"aw-1gybjub aw-1p7kakr kEtdKx cEmitX yle__article__paragraph\">Kainuuta markkinoidaan brittituristeina Lappina esimerkiksi Tuin nettisivuilla. Tui kommentoi asiaa<a class=\"aw-iao6s4 iHOxEa yle__article__link\" href=\"https:\/\/yle.fi\/a\/74-20190656\" role=\"link\" rel=\"nofollow noopener\" target=\"_blank\"> Ylelle aiemmin<\/a> syksyll\u00e4.<\/p>\n<p class=\"aw-1gybjub aw-1p7kakr kEtdKx cEmitX yle__article__paragraph\">Yhti\u00f6n viestinn\u00e4st\u00e4 kerrottiin, ett\u00e4 kohteet ovat p\u00e4\u00e4tyneet Lappi-otsikon alle siksi, ett\u00e4 asiakkaiden olisi vaikea l\u00f6yt\u00e4\u00e4 kohteiden tarjoamia \u201dLappi-el\u00e4myksi\u00e4\u201d, jos matkanj\u00e4rjest\u00e4j\u00e4 ei merkitsisi niit\u00e4 sellaisiksi.<\/p>\n<p class=\"aw-1gybjub aw-1p7kakr kEtdKx cEmitX yle__article__paragraph\">\u2013 Myymme Lapin el\u00e4myslomia arktisen j\u00e4rviseudun lomakohteisiin. Syyn\u00e4 t\u00e4h\u00e4n on se, ett\u00e4 asiakaskokemuksen kannalta kaikki taianomaisen Lapin-loman sis\u00e4ll\u00f6t ovat samoja riippumatta siit\u00e4, onko loma maantieteellisesti Lapissa vai ei, yhti\u00f6n viestinn\u00e4st\u00e4 kerrottiin Ylelle.<\/p>\n<p class=\"aw-1gybjub aw-1p7kakr kEtdKx cEmitX yle__article__paragraph\"><strong class=\"aw-ak79eh KyCXm yle__article__strong\">K\u00e4vimme kysym\u00e4ss\u00e4 Kainuussa lomailevilta turisteilta, latistaako v\u00e4h\u00e4luminen joulu tunnelmaan. Video on julkaistu 22. joulukuuta:<\/strong><\/p>\n<p>Video: Juha Kemppainen \/ Yle.<\/p>\n","protected":false},"excerpt":{"rendered":"Matkan\u00adj\u00e4rjest\u00e4j\u00e4 Tui perui brittituristien Kainuun-matkan edellisen\u00e4 p\u00e4iv\u00e4n\u00e4 lumen puutteen takia. Avaa kuvien katselu Kuvassa on Garveyn perhe: Fay,&hellip;\n","protected":false},"author":2,"featured_media":124711,"comment_status":"","ping_status":"","sticky":false,"template":"","format":"standard","meta":{"footnotes":""},"categories":[12],"tags":[22,23,26,27,33,31,30,17,5856,723,71,667,24,25,9765,28,29,1478,5961,15,18,21,1424,1988,32,19,20,16,12260],"class_list":{"0":"post-124710","1":"post","2":"type-post","3":"status-publish","4":"format-standard","5":"has-post-thumbnail","7":"category-suomi","8":"tag-breaking-news","9":"tag-breakingnews","10":"tag-featured-news","11":"tag-featurednews","12":"tag-fi","13":"tag-finland","14":"tag-finnish","15":"tag-headlines","16":"tag-joulu","17":"tag-kainuu","18":"tag-kotimaa","19":"tag-lappi","20":"tag-latest-news","21":"tag-latestnews","22":"tag-lumi","23":"tag-main-news","24":"tag-mainnews","25":"tag-matkailu","26":"tag-matkatoimistot","27":"tag-news","28":"tag-otsikot","29":"tag-paauutiset","30":"tag-saaennusteet","31":"tag-sotkamo","32":"tag-suomi","33":"tag-top-stories","34":"tag-topstories","35":"tag-uutiset","36":"tag-vuokatti"},"share_on_mastodon":{"url":"https:\/\/pubeurope.com\/@fi\/115773879805422959","error":""},"_links":{"self":[{"href":"https:\/\/www.europesays.com\/fi\/wp-json\/wp\/v2\/posts\/124710","targetHints":{"allow":["GET"]}}],"collection":[{"href":"https:\/\/www.europesays.com\/fi\/wp-json\/wp\/v2\/posts"}],"about":[{"href":"https:\/\/www.europesays.com\/fi\/wp-json\/wp\/v2\/types\/post"}],"author":[{"embeddable":true,"href":"https:\/\/www.europesays.com\/fi\/wp-json\/wp\/v2\/users\/2"}],"replies":[{"embeddable":true,"href":"https:\/\/www.europesays.com\/fi\/wp-json\/wp\/v2\/comments?post=124710"}],"version-history":[{"count":0,"href":"https:\/\/www.europesays.com\/fi\/wp-json\/wp\/v2\/posts\/124710\/revisions"}],"wp:featuredmedia":[{"embeddable":true,"href":"https:\/\/www.europesays.com\/fi\/wp-json\/wp\/v2\/media\/124711"}],"wp:attachment":[{"href":"https:\/\/www.europesays.com\/fi\/wp-json\/wp\/v2\/media?parent=124710"}],"wp:term":[{"taxonomy":"category","embeddable":true,"href":"https:\/\/www.europesays.com\/fi\/wp-json\/wp\/v2\/categories?post=124710"},{"taxonomy":"post_tag","embeddable":true,"href":"https:\/\/www.europesays.com\/fi\/wp-json\/wp\/v2\/tags?post=124710"}],"curies":[{"name":"wp","href":"https:\/\/api.w.org\/{rel}","templated":true}]}}