{"id":124714,"date":"2025-12-24T09:51:12","date_gmt":"2025-12-24T09:51:12","guid":{"rendered":"https:\/\/www.europesays.com\/fi\/124714\/"},"modified":"2025-12-24T09:51:12","modified_gmt":"2025-12-24T09:51:12","slug":"synkka-uutinen-jorma-pappa-90-kaatui-joulu-sairaalassa","status":"publish","type":"post","link":"https:\/\/www.europesays.com\/fi\/124714\/","title":{"rendered":"Synkk\u00e4 uutinen: Jorma-pappa, 90, kaatui \u2013 joulu sairaalassa"},"content":{"rendered":"<p class=\"has-drop-cap\"><strong><a title=\"jorma-pappa\" href=\"https:\/\/www.tanssiin.fi\/tag\/jorma-pappa\/\" rel=\"nofollow noopener\" target=\"_blank\">Jorma Saahko<\/a><\/strong>, 90, on suomalaisille tuttu Lotan ja papan koronalaulut\u00a0-somekanavalta sek\u00e4 Ylen Muistikuoro-sarjasta.<\/p>\n<p>Suomalaisten rakastama el\u00e4m\u00e4niloinen Jorma-pappa t\u00e4ytti elokuun lopussa t\u00e4ydet 90 vuotta. Tanssiin.fi <a href=\"https:\/\/www.tanssiin.fi\/jorma-papalla-90-oli-vientia-synttareilla-10-naista-oli-tanssijonossa\/\" title=\"Jorma-papalla, 90, oli vienti\u00e4 syntt\u00e4reill\u00e4: \u201d10 naista oli tanssijonossa\u201d\" rel=\"nofollow noopener\" target=\"_blank\">uutisoi<\/a>, kuinka papan syntym\u00e4p\u00e4ivill\u00e4 tunnelma oli katossa ja Jormalla vienti\u00e4, kun \u201dkymmenen naista oli tanssijonossakin\u201d.<\/p>\n<p>Nyt Jormalle kuitenkin kuuluu ik\u00e4vi\u00e4 uutisia, ja tanssit on tanssittu. H\u00e4nen pojantytt\u00e4rens\u00e4, kirjailijanakin menestynyt <strong>Lotta-Sofia Saahko<\/strong> kertoo, ett\u00e4 pappa joutuu viett\u00e4m\u00e4\u00e4n joulun sairaalassa.<\/p>\n<p>\u201dPappa kaatui pihalla ja on nyt sairaalassa parantumassa\u201d, Lotta tiedotti.<\/p>\n<p>Samalla koko perheen joulusuunnitelmat meniv\u00e4t uusiksi, ja Lotta viett\u00e4\u00e4 joulun siskonsa kanssa kahdestaan.<\/p>\n<p>Jorma mursi lonkkansa joulun alla 2022<\/p>\n<p>Jorma-pappa on aiemminkin loukannut itse\u00e4\u00e4n. Vuoden 2022 joulun alla h\u00e4n joutui makaamaan sairaalahoidossa yli kuukauden p\u00e4iv\u00e4t, kun h\u00e4n liukastui j\u00e4isell\u00e4 kotipihallaan Valkeakoskella ja mursi lonkkansa.<\/p>\n<p><strong>Lue my\u00f6s:<\/strong> <a href=\"https:\/\/www.tanssiin.fi\/lonkkaluunsa-murtanut-pappa-suree-sairaalassa-lotta-toi-ilon-lauloimme-ja-tanssimme-tip-tap\/\" title=\"Lonkkaluunsa murtanut Pappa suree sairaalassa \u2013\u00a0Lotta toi ilon: \u201dLauloimme ja tanssimme tip-tap\u201d\" rel=\"nofollow noopener\" target=\"_blank\">Lonkkaluunsa murtanut Pappa suree sairaalassa \u2013\u00a0Lotta toi ilon: \u201dLauloimme ja tanssimme tip-tap\u201d<\/a><\/p>\n<p>Nyt kohtalo toisti itse\u00e4\u00e4n.<\/p>\n<p>\u201dValitettavasti pappa ei p\u00e4\u00e4se jouluksi kotiin\u201d, Lotta kertoi aatonaattona.<\/p>\n<p>Papan vointi on \u201dkivuista huolimatta hyv\u00e4\u201d<\/p>\n<p>Lotta julkaisi kuitenkin iloisen videon sairaalasta, miss\u00e4 Jorma makaa sairaalas\u00e4ngyss\u00e4 ja laulaa Soihdut sammuu -joululaulua Lotan kanssa.<\/p>\n<p>\u201dTerveisi\u00e4 sairaalasta. Pappaa on laulattanut niin paljon (eilen h\u00e4n esiintyi toisille potilaille ja t\u00e4n\u00e4 aamuna l\u00e4\u00e4k\u00e4rille, joka lopulta sanoi ettei h\u00e4n ehdi kuuntelemaan enemp\u00e4\u00e4 kun toiset potilaat odottavat) joten ajattelimme laulaa taas teille!\u201d Lotta p\u00e4ivitti somessa.<\/p>\n<p>\u201dKuten n\u00e4ette, h\u00e4nen vointinsa on kivusta huolimatta oikein hyv\u00e4 ja h\u00e4n on eritt\u00e4in hyv\u00e4ntuulinen!\u201d<\/p>\n<p>Jouluaattona Jorma aikoo laulaa sairaalan ruokasalissa kaikille joululauluja Lotan kanssa.<\/p>\n<p><strong>Lue my\u00f6s:<\/strong> <a href=\"https:\/\/www.tanssiin.fi\/nain-kavi-jorma-papan-haaveelle-linnan-juhlista\/\" title=\"N\u00e4in k\u00e4vi Jorma-papan haaveelle Linnan juhlista\" rel=\"nofollow noopener\" target=\"_blank\">N\u00e4in k\u00e4vi Jorma-papan haaveelle Linnan juhlista<\/a><\/p>\n<p><strong>Katso<\/strong> Jorma-papan ja Lotan sairaalalaulu 23.12.2025:<\/p>\n<p>Kirjoittanut:<br \/>\n<img loading=\"lazy\" data-lazyloaded=\"1\" width=\"512\" height=\"512\" decoding=\"async\" class=\"aioseo-author-image\" src=\"https:\/\/www.europesays.com\/fi\/wp-content\/uploads\/2025\/10\/cropped-tanssiin-logo.jpg\" alt=\"author avatar\"\/><\/p>\n<p>Tanssiin.fi<\/p>\n<p>\nTanssi- ja iskelm\u00e4musiikin uutiset asiantuntevasti.<\/p>\n<p><img loading=\"lazy\" decoding=\"async\" data-lazyloaded=\"1\" width=\"512\" height=\"512\" class=\"aioseo-author-bio-compact-image\" src=\"https:\/\/www.europesays.com\/fi\/wp-content\/uploads\/2025\/10\/cropped-tanssiin-logo.jpg\" alt=\"author avatar\"\/><br \/>\nTanssi- ja iskelm\u00e4musiikin uutiset asiantuntevasti.<\/p>\n<p>60%<br \/>\nIhana<\/p>\n<p>0%<br \/>\nHauska<\/p>\n<p>0%<br \/>\nVau<\/p>\n<p>40%<br \/>\nSurullinen<\/p>\n<p>0%<br \/>\nVihainen\n<\/p>\n<p>Post navigation<\/p>\n","protected":false},"excerpt":{"rendered":"Jorma Saahko, 90, on suomalaisille tuttu Lotan ja papan koronalaulut\u00a0-somekanavalta sek\u00e4 Ylen Muistikuoro-sarjasta. Suomalaisten rakastama el\u00e4m\u00e4niloinen Jorma-pappa t\u00e4ytti&hellip;\n","protected":false},"author":2,"featured_media":124715,"comment_status":"","ping_status":"","sticky":false,"template":"","format":"standard","meta":{"footnotes":""},"categories":[136],"tags":[407,137,33,31,30,10716,22239,5856,408,3002,11612,1304,32,16,193,109],"class_list":{"0":"post-124714","1":"post","2":"type-post","3":"status-publish","4":"format-standard","5":"has-post-thumbnail","7":"category-julkkikset","8":"tag-celebrities","9":"tag-entertainment","10":"tag-fi","11":"tag-finland","12":"tag-finnish","13":"tag-jorma-saahko","14":"tag-jorma-pappa","15":"tag-joulu","16":"tag-julkkikset","17":"tag-lotta-ja-pappa","18":"tag-lotta-sofia-saahko","19":"tag-sairaala","20":"tag-suomi","21":"tag-uutiset","22":"tag-video","23":"tag-viihde"},"share_on_mastodon":{"url":"https:\/\/pubeurope.com\/@fi\/115773930662408712","error":""},"_links":{"self":[{"href":"https:\/\/www.europesays.com\/fi\/wp-json\/wp\/v2\/posts\/124714","targetHints":{"allow":["GET"]}}],"collection":[{"href":"https:\/\/www.europesays.com\/fi\/wp-json\/wp\/v2\/posts"}],"about":[{"href":"https:\/\/www.europesays.com\/fi\/wp-json\/wp\/v2\/types\/post"}],"author":[{"embeddable":true,"href":"https:\/\/www.europesays.com\/fi\/wp-json\/wp\/v2\/users\/2"}],"replies":[{"embeddable":true,"href":"https:\/\/www.europesays.com\/fi\/wp-json\/wp\/v2\/comments?post=124714"}],"version-history":[{"count":0,"href":"https:\/\/www.europesays.com\/fi\/wp-json\/wp\/v2\/posts\/124714\/revisions"}],"wp:featuredmedia":[{"embeddable":true,"href":"https:\/\/www.europesays.com\/fi\/wp-json\/wp\/v2\/media\/124715"}],"wp:attachment":[{"href":"https:\/\/www.europesays.com\/fi\/wp-json\/wp\/v2\/media?parent=124714"}],"wp:term":[{"taxonomy":"category","embeddable":true,"href":"https:\/\/www.europesays.com\/fi\/wp-json\/wp\/v2\/categories?post=124714"},{"taxonomy":"post_tag","embeddable":true,"href":"https:\/\/www.europesays.com\/fi\/wp-json\/wp\/v2\/tags?post=124714"}],"curies":[{"name":"wp","href":"https:\/\/api.w.org\/{rel}","templated":true}]}}