{"id":124716,"date":"2025-12-24T09:54:09","date_gmt":"2025-12-24T09:54:09","guid":{"rendered":"https:\/\/www.europesays.com\/fi\/124716\/"},"modified":"2025-12-24T09:54:09","modified_gmt":"2025-12-24T09:54:09","slug":"maajussille-morsian-tahti-jaakko-mahonen-on-kuollut","status":"publish","type":"post","link":"https:\/\/www.europesays.com\/fi\/124716\/","title":{"rendered":"Maajussille morsian -t\u00e4hti Jaakko M\u00e4h\u00f6nen on kuollut"},"content":{"rendered":"<p class=\"article-content article-content-width !bg-background\">Maajussille morsian -ohjelmasta aikanaan suomalaisille tutuksi tullut <a alt=\"Haku\" class=\"text-primary-red font-extrabold\" href=\"https:\/\/www.seiska.fi\/haku?q=Jaakko M\u00e4h\u00f6nen\" rel=\"nofollow noopener\" target=\"_blank\">Jaakko M\u00e4h\u00f6nen<\/a> on kuollut.<\/p>\n<p class=\"article-content article-content-width !bg-background\">Kiuruvedell\u00e4 asunut Jaakko oli kuollessaan 56-vuotias.<\/p>\n<p class=\"article-content article-content-width !bg-background\">Suru-uutisen vahvistaa Seiskalle Jaakon isoveli, oikeustieteilij\u00e4 <a alt=\"Haku\" class=\"text-primary-red font-extrabold\" href=\"https:\/\/www.seiska.fi\/haku?q=Jukka M\u00e4h\u00f6nen\" rel=\"nofollow noopener\" target=\"_blank\">Jukka M\u00e4h\u00f6nen<\/a>.<\/p>\n<p class=\"article-content article-content-width !bg-background\">Jaakko osallistui tositelevisio-ohjelmaan kolmannella kaudella vuonna 2008, jolloin mukana oli my\u00f6s h\u00e4nen silloinen vaimonsa <a alt=\"Haku\" class=\"text-primary-red font-extrabold\" href=\"https:\/\/www.seiska.fi\/haku?q=Tanja M\u00e4h\u00f6nen\" rel=\"nofollow noopener\" target=\"_blank\">Tanja M\u00e4h\u00f6nen<\/a>. Heid\u00e4n suhteensa syttyi kuitenkin vasta my\u00f6hemmin.<\/p>\n<p>                <img decoding=\"async\" src=\"https:\/\/www.europesays.com\/fi\/wp-content\/uploads\/2025\/12\/2028459.webp\" width=\"576\" height=\"720\" alt=\"Jaakko M\u00e4h\u00f6nen oli Kiuruvedell\u00e4 tunnettu ja pidetty hahmo.\" loading=\"lazy\" \/>            <\/p>\n<p>\n            Jaakko M\u00e4h\u00f6nen oli Kiuruvedell\u00e4 tunnettu ja pidetty hahmo.<br \/>\n            MTV\n        <\/p>\n<p>&#8221;Tarkkaa kuolinhetke\u00e4 ei tiedet\u00e4&#8221;<\/p>\n<p class=\"article-content article-content-width !bg-background\">Jaakkoa j\u00e4\u00e4 kaipaamaan alakouluik\u00e4inen poika, jonka h\u00e4n sai yhdess\u00e4 Tanjan kanssa.<\/p>\n<p class=\"article-content article-content-width !bg-background\">\u2013 Mit\u00e4 ilmeisimmin Jaakko on saanut sairauskohtauksen, Jukka kertoo.<\/p>\n<p class=\"article-content article-content-width !bg-background\">\u2013 H\u00e4net on l\u00f6ydetty kodistaan yksin\u00e4\u00e4n.<\/p>\n<p class=\"article-content article-content-width !bg-background\">Veljen mukaan varsinainen kuolinsyy on selvityksess\u00e4.<\/p>\n<p class=\"article-content article-content-width !bg-background\">\u2013 Tarkkaa kuolinhetke\u00e4 ei tiedet\u00e4, mutta ilmeisesti Jaakko oli ollut kuolleena p\u00e4ivi\u00e4.<\/p>\n<p>                <img decoding=\"async\" src=\"https:\/\/www.europesays.com\/fi\/wp-content\/uploads\/2025\/12\/2028462.webp\" width=\"576\" height=\"471\" alt=\"Jukka M\u00e4h\u00f6nen muistelee edesmennytt\u00e4 pikkuvelje\u00e4\u00e4n l\u00e4mm\u00f6ll\u00e4.\" loading=\"lazy\" \/>            <\/p>\n<p>\n            Jukka M\u00e4h\u00f6nen muistelee edesmennytt\u00e4 pikkuvelje\u00e4\u00e4n l\u00e4mm\u00f6ll\u00e4.<br \/>\n            Helsingin yliopisto\n        <\/p>\n<p>&#8221;Hyv\u00e4 ja l\u00e4heinen yhteys&#8221;<\/p>\n<p class=\"article-content article-content-width !bg-background\">Kotikunnassaan tunnettu Jaakko nautti Jukan mukaan yksityisyydest\u00e4\u00e4n viime vuodet.<\/p>\n<p class=\"article-content article-content-width !bg-background\">\u2013 Meill\u00e4 oli hyv\u00e4 ja l\u00e4heinen yhteys velipojan kanssa 56 vuoden ajan.<\/p>\n<p class=\"article-content article-content-width !bg-background\">\u2013 Jotenkin se itse\u00e4 nuoremman ihmisen kuolema on aina v\u00e4\u00e4rin, Jukka p\u00e4\u00e4tt\u00e4\u00e4.<\/p>\n<p>&#8221;Perinteinen maaseudun mies&#8221;<\/p>\n<p class=\"article-content article-content-width !bg-background\">Jaakkoa muistelee l\u00e4mm\u00f6ll\u00e4 niin ik\u00e4\u00e4n maanviljelij\u00e4n\u00e4 toimiva <a alt=\"Haku\" class=\"text-primary-red font-extrabold\" href=\"https:\/\/www.seiska.fi\/haku?q=Matti Lappalainen\" rel=\"nofollow noopener\" target=\"_blank\">Matti Lappalainen<\/a>.<\/p>\n<p class=\"article-content article-content-width !bg-background\">\u2013 Jaakko oli monella tapaa lahjakas kaveri.<\/p>\n<p class=\"article-content article-content-width !bg-background\"> \u2013 Muistelen h\u00e4nen valmistuneen juuri koulustakin.<\/p>\n<p class=\"article-content article-content-width !bg-background\">Kiuruvedell\u00e4 \u201dJyv\u00e4ukkona\u201d tunnettu Matti kehuu my\u00f6s Jaakon olleen kielitaitoinen mies.<\/p>\n<p class=\"article-content article-content-width !bg-background\">\u2013Voimakastahtoinen ja vahvat mielipiteet omaava. Perinteinen maaseudun mies, Jyv\u00e4ukko linjaa edesmenneest\u00e4 yst\u00e4v\u00e4st\u00e4\u00e4n ja naapuristaan.<\/p>\n","protected":false},"excerpt":{"rendered":"Maajussille morsian -ohjelmasta aikanaan suomalaisille tutuksi tullut Jaakko M\u00e4h\u00f6nen on kuollut. Kiuruvedell\u00e4 asunut Jaakko oli kuollessaan 56-vuotias. Suru-uutisen&hellip;\n","protected":false},"author":2,"featured_media":124717,"comment_status":"","ping_status":"","sticky":false,"template":"","format":"standard","meta":{"footnotes":""},"categories":[133],"tags":[137,33,31,30,22240,22241,4398,683,1895,32,206,156,109],"class_list":{"0":"post-124716","1":"post","2":"type-post","3":"status-publish","4":"format-standard","5":"has-post-thumbnail","7":"category-televisiot","8":"tag-entertainment","9":"tag-fi","10":"tag-finland","11":"tag-finnish","12":"tag-jaakko-mahonen","13":"tag-jukka-mahonen","14":"tag-kiuruvesi","15":"tag-kuolema","16":"tag-maajussille-morsian","17":"tag-suomi","18":"tag-televisiot","19":"tag-tv","20":"tag-viihde"},"share_on_mastodon":{"url":"https:\/\/pubeurope.com\/@fi\/115773942440463716","error":""},"_links":{"self":[{"href":"https:\/\/www.europesays.com\/fi\/wp-json\/wp\/v2\/posts\/124716","targetHints":{"allow":["GET"]}}],"collection":[{"href":"https:\/\/www.europesays.com\/fi\/wp-json\/wp\/v2\/posts"}],"about":[{"href":"https:\/\/www.europesays.com\/fi\/wp-json\/wp\/v2\/types\/post"}],"author":[{"embeddable":true,"href":"https:\/\/www.europesays.com\/fi\/wp-json\/wp\/v2\/users\/2"}],"replies":[{"embeddable":true,"href":"https:\/\/www.europesays.com\/fi\/wp-json\/wp\/v2\/comments?post=124716"}],"version-history":[{"count":0,"href":"https:\/\/www.europesays.com\/fi\/wp-json\/wp\/v2\/posts\/124716\/revisions"}],"wp:featuredmedia":[{"embeddable":true,"href":"https:\/\/www.europesays.com\/fi\/wp-json\/wp\/v2\/media\/124717"}],"wp:attachment":[{"href":"https:\/\/www.europesays.com\/fi\/wp-json\/wp\/v2\/media?parent=124716"}],"wp:term":[{"taxonomy":"category","embeddable":true,"href":"https:\/\/www.europesays.com\/fi\/wp-json\/wp\/v2\/categories?post=124716"},{"taxonomy":"post_tag","embeddable":true,"href":"https:\/\/www.europesays.com\/fi\/wp-json\/wp\/v2\/tags?post=124716"}],"curies":[{"name":"wp","href":"https:\/\/api.w.org\/{rel}","templated":true}]}}