{"id":124724,"date":"2025-12-24T10:03:08","date_gmt":"2025-12-24T10:03:08","guid":{"rendered":"https:\/\/www.europesays.com\/fi\/124724\/"},"modified":"2025-12-24T10:03:08","modified_gmt":"2025-12-24T10:03:08","slug":"kaliforniassa-vietetaan-joulua-talvimyrskyssa-maastopaloalueilla-ihmisia-maaratty-lahtemaan-evakkoon-uutissuomalainen","status":"publish","type":"post","link":"https:\/\/www.europesays.com\/fi\/124724\/","title":{"rendered":"Kaliforniassa vietet\u00e4\u00e4n joulua talvimyrskyss\u00e4 \u2013 maastopaloalueilla ihmisi\u00e4 m\u00e4\u00e4r\u00e4tty l\u00e4htem\u00e4\u00e4n evakkoon | Uutissuomalainen"},"content":{"rendered":"<p>Yhdysvalloissa Kaliforniassa Los Angelesin piirikunnassa satoja ihmisi\u00e4 on m\u00e4\u00e4r\u00e4tty l\u00e4htem\u00e4\u00e4n evakkoon talvimyrskyn tielt\u00e4. M\u00e4\u00e4r\u00e4yksi\u00e4 on annettu alueille, jotka k\u00e4rsiv\u00e4t aiemmin t\u00e4n\u00e4 vuonna mittavista maastopaloista.<\/p>\n<p>Viranomaiset ovat varoittaneet tulvien ja matkustusviiveiden uhasta joulun aikaan suuressa osassa osavaltiota. S\u00e4\u00e4palvelu on neuvonut tien p\u00e4\u00e4lle l\u00e4ht\u00f6\u00e4 suunnittelevia pohtimaan p\u00e4\u00e4t\u00f6st\u00e4\u00e4n uudelleen, sill\u00e4 luvassa on rankkaa vesi- ja lumisadetta sek\u00e4 kovia tuulia useiden p\u00e4ivien ajaksi. Niit\u00e4, jotka l\u00e4htev\u00e4t liikkeelle varoituksista huolimatta, on kannustettu \u00e4\u00e4rimm\u00e4iseen varovaisuuteen.<\/p>\n<p>S\u00e4\u00e4palvelun mukaan my\u00f6h\u00e4isest\u00e4 keskiviikosta perjantaihin asti monilla alueilla n\u00e4hd\u00e4\u00e4n todenn\u00e4k\u00f6isesti tulvia sek\u00e4 kivi- ja mutavy\u00f6ryj\u00e4.<\/p>\n<p>Erityisess\u00e4 vaarassa ovat ne paikat, joissa on t\u00e4n\u00e4 vuonna ollut laajoja maastopaloja. Los Angelesin piirikunnan viranomaiset ovat huomauttaneet, ett\u00e4 paloalueet ovat edelleen hyvin alttiita muun muassa mutavy\u00f6ryille.<\/p>\n<p>Sierra Nevadan vuoristossa Kalifornian it\u00e4osassa on t\u00e4ll\u00e4 viikolla jo satanut yli 30 senttimetri\u00e4 lunta, ja lis\u00e4\u00e4 on luvassa. Lis\u00e4ksi ennuste lupailee tuulia, jotka puhaltavat puuskissa jopa l\u00e4hes 25 metri\u00e4 sekunnissa. Tuulet saattavat kaataa voimalinjoja ja puita.<\/p>\n","protected":false},"excerpt":{"rendered":"Yhdysvalloissa Kaliforniassa Los Angelesin piirikunnassa satoja ihmisi\u00e4 on m\u00e4\u00e4r\u00e4tty l\u00e4htem\u00e4\u00e4n evakkoon talvimyrskyn tielt\u00e4. M\u00e4\u00e4r\u00e4yksi\u00e4 on annettu alueille, jotka&hellip;\n","protected":false},"author":2,"featured_media":124725,"comment_status":"","ping_status":"","sticky":false,"template":"","format":"standard","meta":{"footnotes":""},"categories":[14],"tags":[722,22,23,26,27,33,31,30,17,5856,713,24,25,4343,28,29,3381,15,18,21,710,32,19,20,56,16,59,60,61,1638],"class_list":{"0":"post-124724","1":"post","2":"type-post","3":"status-publish","4":"format-standard","5":"has-post-thumbnail","7":"category-ulkomaat","8":"tag-amerikka","9":"tag-breaking-news","10":"tag-breakingnews","11":"tag-featured-news","12":"tag-featurednews","13":"tag-fi","14":"tag-finland","15":"tag-finnish","16":"tag-headlines","17":"tag-joulu","18":"tag-lampotila-saa","19":"tag-latest-news","20":"tag-latestnews","21":"tag-los-angeles","22":"tag-main-news","23":"tag-mainnews","24":"tag-myrskyt","25":"tag-news","26":"tag-otsikot","27":"tag-paauutiset","28":"tag-saa","29":"tag-suomi","30":"tag-top-stories","31":"tag-topstories","32":"tag-ulkomaat","33":"tag-uutiset","34":"tag-world","35":"tag-world-news","36":"tag-worldnews","37":"tag-yhdysvaltojen-osavaltiot"},"share_on_mastodon":{"url":"https:\/\/pubeurope.com\/@fi\/115773977950772652","error":""},"_links":{"self":[{"href":"https:\/\/www.europesays.com\/fi\/wp-json\/wp\/v2\/posts\/124724","targetHints":{"allow":["GET"]}}],"collection":[{"href":"https:\/\/www.europesays.com\/fi\/wp-json\/wp\/v2\/posts"}],"about":[{"href":"https:\/\/www.europesays.com\/fi\/wp-json\/wp\/v2\/types\/post"}],"author":[{"embeddable":true,"href":"https:\/\/www.europesays.com\/fi\/wp-json\/wp\/v2\/users\/2"}],"replies":[{"embeddable":true,"href":"https:\/\/www.europesays.com\/fi\/wp-json\/wp\/v2\/comments?post=124724"}],"version-history":[{"count":0,"href":"https:\/\/www.europesays.com\/fi\/wp-json\/wp\/v2\/posts\/124724\/revisions"}],"wp:featuredmedia":[{"embeddable":true,"href":"https:\/\/www.europesays.com\/fi\/wp-json\/wp\/v2\/media\/124725"}],"wp:attachment":[{"href":"https:\/\/www.europesays.com\/fi\/wp-json\/wp\/v2\/media?parent=124724"}],"wp:term":[{"taxonomy":"category","embeddable":true,"href":"https:\/\/www.europesays.com\/fi\/wp-json\/wp\/v2\/categories?post=124724"},{"taxonomy":"post_tag","embeddable":true,"href":"https:\/\/www.europesays.com\/fi\/wp-json\/wp\/v2\/tags?post=124724"}],"curies":[{"name":"wp","href":"https:\/\/api.w.org\/{rel}","templated":true}]}}