{"id":124726,"date":"2025-12-24T10:04:12","date_gmt":"2025-12-24T10:04:12","guid":{"rendered":"https:\/\/www.europesays.com\/fi\/124726\/"},"modified":"2025-12-24T10:04:12","modified_gmt":"2025-12-24T10:04:12","slug":"muumilaakso-sijaitseekin-oikeasti-keskella-helsinkia-uusi-kartta-paljastaa-samankaltaisuudet-paikalliset","status":"publish","type":"post","link":"https:\/\/www.europesays.com\/fi\/124726\/","title":{"rendered":"Muumilaakso sijaitseekin oikeasti keskell\u00e4 Helsinki\u00e4\u2009\u2013\u2009uusi kartta paljastaa samankaltaisuudet | Paikalliset"},"content":{"rendered":"<p><strong>Helsingin Uutiset julkaisee jouluna vuoden luetuimpia juttuja. T\u00e4m\u00e4 juttu on julkaistu ensimm\u00e4isen kerran 7. joulukuuta 2025.<\/strong><\/p>\n<p>\u2013\u2009Suomalaiset sijoittavat Muumilaakson Naantalin Muumimaailmaan. Ruotsalaiset taas omaan saaristoonsa. Mutta siin\u00e4 se on: Teid\u00e4n nokkanne edess\u00e4 keskell\u00e4 Helsinki\u00e4, tietokirjailija <strong>Heikki Niemel\u00e4inen<\/strong>, 65, <strong> <\/strong>esittelee Helsingin Uutisille.<\/p>\n<p>Niemel\u00e4inen on t\u00e4ysin vakuuttunut, ett\u00e4 <strong>Tove Janssonin <\/strong>(1914-2001)  Muumilaakso on Meilahdessa.<\/p>\n<p>H\u00e4n k\u00e4sittelee aihetta syksyll\u00e4 ilmestyneess\u00e4 kirjassa Toven ja Marian Meilahti \u2013 Kartalla ja raastuvassa. <\/p>\n<p>Niemel\u00e4inen on vertaillut Tove Janssonin vuonna 1948 piirt\u00e4m\u00e4\u00e4 Muumilaakson karttaa ja Maanmittauslaitoksen karttapohjaa. H\u00e4n on l\u00f6yt\u00e4nyt niist\u00e4 lukuisia yht\u00e4l\u00e4isyyksi\u00e4, kuten Muumitalon esikuvan ja Yksin\u00e4isi\u00e4 vuoria muistuttavat kalliot. Seurasaari on taas samalla paikalla kuin Hattivattien saari. My\u00f6s Muumilaakson uimahuoneelle l\u00f6ytyy vastine Villa Toivolan edest\u00e4.<\/p>\n<p>\t\t<a class=\"diks-gallery__link\" href=\"https:\/\/i.media.fi\/incoming\/goro1d\/11184753.jpg\/alternates\/FREE_1440\/11184753.jpg\" data-thumbnail=\"\" data-sub-html=\"Tove Janssonin vuonna 1948 piirt\u00e4m\u00e4 Muumilaakson kartta ilmestyi suomeksi vuonna 1956 ilmestyneess\u00e4 Muumipeikko ja taikurin hattu -kirjassa. Kuva Heikki Niemel\u00e4isen teoksesta Toven ja Marian Meilahti - Kartalla ja raastuvassa.\" aria-label=\"Katso isompi kuva\" rel=\"nofollow noopener\" target=\"_blank\"><br \/>\n\t\t\t\t<img class=\"diks-figure__image\" src=\"https:\/\/www.europesays.com\/fi\/wp-content\/uploads\/2025\/12\/11184753.jpg\" loading=\"lazy\" decoding=\"sync\" alt=\"\"\/><\/p>\n<p>\t\t\t<\/a><br \/>\n\t\t\t\t\tTove Janssonin vuonna 1948 piirt\u00e4m\u00e4 Muumilaakson kartta ilmestyi suomeksi vuonna 1956 ilmestyneess\u00e4 Muumipeikko ja taikurin hattu -kirjassa. Kuva Heikki Niemel\u00e4isen teoksesta Toven ja Marian Meilahti &#8211; Kartalla ja raastuvassa.<\/p>\n<p>\t\t<a class=\"diks-gallery__link\" href=\"https:\/\/i.media.fi\/incoming\/l6w3f2\/11184742.jpg\/alternates\/FREE_1440\/11184742.jpg\" data-thumbnail=\"\" data-sub-html=\"Mikael Asikainen on laatinut Meilaakson kartan maanmittauslaitoksen karttapohjien perusteella. Tyylilt\u00e4\u00e4n se on kunnianosoitus Tove Janssonin taiteelle. Mikael Asikainen, Heikki Niemel\u00e4inen\" aria-label=\"Katso isompi kuva\" rel=\"nofollow noopener\" target=\"_blank\"><br \/>\n\t\t\t\t<img class=\"diks-figure__image\" src=\"https:\/\/www.europesays.com\/fi\/wp-content\/uploads\/2025\/12\/11184742.jpg\" loading=\"lazy\" decoding=\"sync\" alt=\"\"\/><\/p>\n<p>\t\t\t<\/a><br \/>\n\t\t\t\t\tMikael Asikainen on laatinut Meilaakson kartan maanmittauslaitoksen karttapohjien perusteella. Tyylilt\u00e4\u00e4n se on kunnianosoitus Tove Janssonin taiteelle. Mikael Asikainen, Heikki Niemel\u00e4inen<\/p>\n<p><strong class=\"diks-storyline__impact\">Ensimm\u00e4isen <\/strong>virikkeen k\u00e4sitykselleen Niemel\u00e4inen sai 1980-luvun alussa, jolloin h\u00e4n asui her\u00e4tysliikejohtaja <strong>Maria \u00c5kerblomin <\/strong>(1898\u20131981) vuokralaisena Villa Toivolassa. H\u00e4n pit\u00e4\u00e4 varmana, ett\u00e4 klassinen pitsihuvila on ollut esikuva Tove Janssonin 1970-luvulla valmistuneelle Muumitalon pienoismallille.<\/p>\n<p>\u2013\u2009Se on t\u00e4ysin itsest\u00e4\u00e4n selv\u00e4\u00e4. Esikuva on esikuva.<\/p>\n<p>\t\t<a class=\"diks-gallery__link\" href=\"https:\/\/i.media.fi\/incoming\/nx82mn\/11184754.jpg\/alternates\/FREE_1440\/11184754.jpg\" data-thumbnail=\"\" data-sub-html=\"Heikki Niemel\u00e4inen asui 1980-luvun alussa Villa Toivolassa. H\u00e4n pit\u00e4\u00e4 sit\u00e4 Muumitalon esikuvana. Aapo Siippainen\" aria-label=\"Katso isompi kuva\" rel=\"nofollow noopener\" target=\"_blank\"><br \/>\n\t\t\t\t<img class=\"diks-figure__image\" src=\"https:\/\/www.europesays.com\/fi\/wp-content\/uploads\/2025\/12\/11184754.jpg\" loading=\"lazy\" decoding=\"sync\" alt=\"\"\/><\/p>\n<p>\t\t\t<\/a><br \/>\n\t\t\t\t\tHeikki Niemel\u00e4inen asui 1980-luvun alussa Villa Toivolassa. H\u00e4n pit\u00e4\u00e4 sit\u00e4 Muumitalon esikuvana. Aapo Siippainen<\/p>\n<p>\t\t<a class=\"diks-gallery__link\" href=\"https:\/\/i.media.fi\/incoming\/82zufh\/11184755.jpg\/alternates\/FREE_1440\/11184755.jpg\" data-thumbnail=\"\" data-sub-html=\"Tuulikki Pietil\u00e4n, Pentti Eistolan ja Tove Janssonin rakentama Muumi-Talo-kuvaelma (1979) sijaitsee Muumimuseossa. Laura Vanzo \/ Visit Tampere \/ Moomin Characters\" aria-label=\"Katso isompi kuva\" rel=\"nofollow noopener\" target=\"_blank\"><br \/>\n\t\t\t\t<img class=\"diks-figure__image\" src=\"https:\/\/www.europesays.com\/fi\/wp-content\/uploads\/2025\/12\/11184755.jpg\" loading=\"lazy\" decoding=\"sync\" alt=\"\"\/><\/p>\n<p>\t\t\t<\/a><br \/>\n\t\t\t\t\tTuulikki Pietil\u00e4n, Pentti Eistolan ja Tove Janssonin rakentama Muumi-Talo-kuvaelma (1979) sijaitsee Muumimuseossa. Laura Vanzo \/ Visit Tampere \/ Moomin Characters<\/p>\n<p>Meilahti oli tuttua seutua T\u00f6\u00f6l\u00f6ss\u00e4 asuneelle Janssonille, joka suuntasi usein k\u00e4velylle Seurasaaren suuntaan.<\/p>\n<p>\u2013\u2009Minulla on henkil\u00f6kohtainen muistikuva tapaamisestamme 1980-luvun alusta. Tove Jansson oli <strong>Tuulikki Pietil\u00e4isen<\/strong> seurassa ja aloiti kanssani keskustelun. Muistan hyvin tarkkaan, ett\u00e4 Janssonin puheista k\u00e4vi ilmi Muumilaakson olevan sill\u00e4 alueella. H\u00e4n ei sanonut sit\u00e4 suoraan, mutta sain intuitiivisen varmuuden asiaan.<\/p>\n<p>Niemel\u00e4isen kirjaa varten maantieteilij\u00e4 <strong>Mikael Asikainen<\/strong> on piirt\u00e4nyt Meilahden yksityiskohdista &#8221;Meilaakson&#8221; kartan, joka j\u00e4ljittelee Tove Janssonin vuoden 1948 tyyli\u00e4.<\/p>\n<p>\u2013\u2009Kartan autenttisuus on h\u00e4mmstytt\u00e4v\u00e4n konkreettinen. Voi menn\u00e4 luontoon katsomaan, mist\u00e4 alkuper\u00e4iset aihiot l\u00f6ytyv\u00e4t. Niin teimme Asikaisen kanssa.<\/p>\n<p>\t\t<a class=\"diks-gallery__link\" href=\"https:\/\/i.media.fi\/incoming\/7fv5jj\/11185967.jpg\/alternates\/FREE_1440\/11185967.jpg\" data-thumbnail=\"\" data-sub-html=\"Heikki Niemel\u00e4inen on Kuntien takauskeskuksen el\u00e4k\u00f6itynyt toimitusjohtaja. Heikki Niemel\u00e4inen\" aria-label=\"Katso isompi kuva\" rel=\"nofollow noopener\" target=\"_blank\"><br \/>\n\t\t\t\t<img class=\"diks-figure__image\" src=\"https:\/\/www.europesays.com\/fi\/wp-content\/uploads\/2025\/12\/11185967.jpg\" loading=\"lazy\" decoding=\"sync\" alt=\"\"\/><\/p>\n<p>\t\t\t<\/a><br \/>\n\t\t\t\t\tHeikki Niemel\u00e4inen on Kuntien takauskeskuksen el\u00e4k\u00f6itynyt toimitusjohtaja. Heikki Niemel\u00e4inen<\/p>\n<p>Niemel\u00e4inen on vakuuttunut, ett\u00e4 esimerkiksi Pikku Myyss\u00e4 on piireit\u00e4 Maria \u00c5kberblomista. T\u00e4m\u00e4 siit\u00e4 huolimatta, ettei Janssonin ja \u00c5kerblomin v\u00e4lill\u00e4 ollut koskaan todenn\u00e4k\u00f6isesti suoraa yhteytt\u00e4.<\/p>\n<p>\u2013\u2009Olivatko he toisistaan tietoisia? Varmasti olivat. Suomenruotsalaisista p\u00e4iv\u00e4lehdist\u00e4 pelk\u00e4st\u00e4\u00e4n Hufvudstadsbladetissa oli vuonna 1928 noin 50 eri numerossa selostusta Maria \u00c5kerblomista. Lehte\u00e4 on luettu Tove Janssonin lapsuuden kodissa.<\/p>\n<p>Haisulin esikuva voisi Niemel\u00e4isen mielest\u00e4 olla \u00c5kerblomin seurassa ollut <strong>Anna Dagmar R\u00f6man,<\/strong> joka joutui varastelun vuoksi vankilaan.<\/p>\n<p>\u2013\u2009H\u00e4n oli onneton hahmo, joka katkeroitui.<\/p>\n<p>Miksi Jansson olisi kuullut 1920-luvulla rikoksia tehneest\u00e4 R\u00f6manista?<\/p>\n<p>\u2013\u2009On olemassa puolustusasianajaja <strong>Martti Harmajan<\/strong> vuonna 1924 kirjoittama selostus, josta haisulin kuvaus l\u00f6ytyy melkein yksi yhteen. Selostus on Helsingin raastuvanoikeuden p\u00f6yt\u00e4kirjoissa. Helsinkil\u00e4iselle Tove Janssonille oli luonteva p\u00e4\u00e4sy lukemaan arkistoja. Olisi kiinnostava tiet\u00e4\u00e4, l\u00f6ytyyk\u00f6 Janssonin arkistoista j\u00e4ljet Harmajan aineistoihin. Yhteys kiinnostaa my\u00f6s siksi, ett\u00e4 Martti Harmaja oli runoilija <strong>Saima Harmajan<\/strong> set\u00e4.<\/p>\n<p>Helsingin kaupungin tulisi ehdottomasti huomioida Muumilaakson ja Meilahden yhteys, Niemel\u00e4inen painottaa. H\u00e4n kauhistelee <a href=\"https:\/\/www.helsinginuutiset.fi\/paikalliset\/7825513\" rel=\"nofollow noopener\" target=\"_blank\">Meilahden baanahanketta.<\/a><\/p>\n<p>\u2013\u2009Nyt liikutaan toden ja sadun v\u00e4lill\u00e4. Kaavassa baana menisi Muumilaakson l\u00e4pi Muumitalon vajan kohdalta yli jasmiinipenkin. Ja juuri siit\u00e4, mist\u00e4 Seurasaaren tie laskeutuu alas kallioilta. Helsingin kaupungin tulee tehd\u00e4 kulttuurihistorialliset vaikutusarviot.<\/p>\n<p>\t\t<a class=\"diks-gallery__link\" href=\"https:\/\/i.media.fi\/incoming\/lyar6k\/11184747.jpg\/alternates\/FREE_1440\/11184747.jpg\" data-thumbnail=\"\" data-sub-html=\"Heikki Niemel\u00e4inen sanoo, ett\u00e4 Meilahden Muumilaakso -n\u00e4kym\u00e4 aukeaa parhaiten Lastenlinnan tornista katsottuna. Elias Kalliola\" aria-label=\"Katso isompi kuva\" rel=\"nofollow noopener\" target=\"_blank\"><br \/>\n\t\t\t\t<img class=\"diks-figure__image\" src=\"https:\/\/www.europesays.com\/fi\/wp-content\/uploads\/2025\/12\/11184747.jpg\" loading=\"lazy\" decoding=\"sync\" alt=\"\"\/><\/p>\n<p>\t\t\t<\/a><br \/>\n\t\t\t\t\tHeikki Niemel\u00e4inen sanoo, ett\u00e4 Meilahden Muumilaakso -n\u00e4kym\u00e4 aukeaa parhaiten Lastenlinnan tornista katsottuna. Elias Kalliola<\/p>\n<p>Helsingist\u00e4 syksyll\u00e4 pois muuttanut Niemel\u00e4inen palaa viel\u00e4 tapaamiseensa Tove Janssonin kanssa. H\u00e4n kuvailee Janssonin ruotsinkielist\u00e4 puhetta jopa transsimaiseksi.<\/p>\n<p>\u2013\u2009H\u00e4n halusi kuin luovuttaa minulle jotain pois\u2013\u2009 &#8221;T\u00e4ssa on se salaisuus.&#8221; Haluan itse tehd\u00e4 nyt samoin, kun l\u00e4hden alueelta pois.<\/p>\n<p>Niemel\u00e4inen ei halua esitt\u00e4\u00e4 Muumilaakso-n\u00e4kemyst\u00e4\u00e4n ehdottomana totuutena.<\/p>\n<p>\u2013\u2009Tied\u00e4n, ett\u00e4 t\u00e4ss\u00e4 asiassa on kulttuurisen omistajuuden tuomia ongelmia. Jokaisella meist\u00e4 on oma Tove ja niin saa ollakin. Mutta ottakaa se kartta k\u00e4teen, k\u00e4velk\u00e4\u00e4 maastoon ja katsokaa.<\/p>\n","protected":false},"excerpt":{"rendered":"Helsingin Uutiset julkaisee jouluna vuoden luetuimpia juttuja. T\u00e4m\u00e4 juttu on julkaistu ensimm\u00e4isen kerran 7. joulukuuta 2025. \u2013\u2009Suomalaiset sijoittavat&hellip;\n","protected":false},"author":2,"featured_media":124727,"comment_status":"","ping_status":"","sticky":false,"template":"","format":"standard","meta":{"footnotes":""},"categories":[12],"tags":[22,23,26,27,33,31,30,17,2231,104,381,379,378,24,25,28,29,2065,15,18,21,32,6695,19,20,16],"class_list":{"0":"post-124726","1":"post","2":"type-post","3":"status-publish","4":"format-standard","5":"has-post-thumbnail","7":"category-suomi","8":"tag-breaking-news","9":"tag-breakingnews","10":"tag-featured-news","11":"tag-featurednews","12":"tag-fi","13":"tag-finland","14":"tag-finnish","15":"tag-headlines","16":"tag-helsingin-kaupunki","17":"tag-helsinki","18":"tag-kaunokirjallisuus","19":"tag-kirjallisuus","20":"tag-kirjat","21":"tag-latest-news","22":"tag-latestnews","23":"tag-main-news","24":"tag-mainnews","25":"tag-naantali","26":"tag-news","27":"tag-otsikot","28":"tag-paauutiset","29":"tag-suomi","30":"tag-toolo","31":"tag-top-stories","32":"tag-topstories","33":"tag-uutiset"},"share_on_mastodon":{"url":"https:\/\/pubeurope.com\/@fi\/115773983167636577","error":""},"_links":{"self":[{"href":"https:\/\/www.europesays.com\/fi\/wp-json\/wp\/v2\/posts\/124726","targetHints":{"allow":["GET"]}}],"collection":[{"href":"https:\/\/www.europesays.com\/fi\/wp-json\/wp\/v2\/posts"}],"about":[{"href":"https:\/\/www.europesays.com\/fi\/wp-json\/wp\/v2\/types\/post"}],"author":[{"embeddable":true,"href":"https:\/\/www.europesays.com\/fi\/wp-json\/wp\/v2\/users\/2"}],"replies":[{"embeddable":true,"href":"https:\/\/www.europesays.com\/fi\/wp-json\/wp\/v2\/comments?post=124726"}],"version-history":[{"count":0,"href":"https:\/\/www.europesays.com\/fi\/wp-json\/wp\/v2\/posts\/124726\/revisions"}],"wp:featuredmedia":[{"embeddable":true,"href":"https:\/\/www.europesays.com\/fi\/wp-json\/wp\/v2\/media\/124727"}],"wp:attachment":[{"href":"https:\/\/www.europesays.com\/fi\/wp-json\/wp\/v2\/media?parent=124726"}],"wp:term":[{"taxonomy":"category","embeddable":true,"href":"https:\/\/www.europesays.com\/fi\/wp-json\/wp\/v2\/categories?post=124726"},{"taxonomy":"post_tag","embeddable":true,"href":"https:\/\/www.europesays.com\/fi\/wp-json\/wp\/v2\/tags?post=124726"}],"curies":[{"name":"wp","href":"https:\/\/api.w.org\/{rel}","templated":true}]}}