{"id":124728,"date":"2025-12-24T10:05:09","date_gmt":"2025-12-24T10:05:09","guid":{"rendered":"https:\/\/www.europesays.com\/fi\/124728\/"},"modified":"2025-12-24T10:05:09","modified_gmt":"2025-12-24T10:05:09","slug":"santeri-huovila-jatkaa-jypissa-ilta-sanomat","status":"publish","type":"post","link":"https:\/\/www.europesays.com\/fi\/124728\/","title":{"rendered":"Santeri Huovila jatkaa JYPiss\u00e4 &#8211; Ilta-Sanomat"},"content":{"rendered":"<p>JYP julkaisi ilouutisen kannattajilleen.<\/p>\n<p class=\"article-body mb-nof-24 px-nof-16\">T\u00e4htiluokkaan SM-liigassa noussut laitahy\u00f6kk\u00e4\u00e4j\u00e4 <a class=\"article-personlink\" href=\"https:\/\/www.is.fi\/haku\/?query=Santeri%20Huovila\" rel=\"nofollow noopener\" target=\"_blank\">Santeri Huovila<\/a> on tehnyt JYPin kanssa kolmivuotisen jatkosopimuksen.<\/p>\n<p class=\"article-body mb-nof-24 px-nof-16\">Huovilan, 21, sopimus sis\u00e4lt\u00e4\u00e4 option, joka mahdollistaa h\u00e4nen siirtonsa ulkomaille sopimuksen viimeiseksi kaudeksi 2028\u201329.<\/p>\n<p class=\"article-body mb-nof-24 px-nof-16\">Huovila latoi kauden alussa 20 otteluun todelliset pelintekij\u00e4n tehot 3+26 ennen kuin joutui leikkaushoitoa vaatineen vamman takia sivuun.<\/p>\n<p class=\"article-body mb-nof-24 px-nof-16\">JYP kertoo tiedotteessaan, ett\u00e4 Huovilan kuntoutus etenee aikataulussa. H\u00e4n on jo aloittanut j\u00e4\u00e4harjoittelun.<\/p>\n<p class=\"article-body mb-nof-24 px-nof-16\">Merkitt\u00e4vi\u00e4 taloudellisia panostuksia tehnyt JYP pelasi uuden p\u00e4\u00e4valmentajansa <a class=\"article-personlink\" href=\"https:\/\/www.is.fi\/haku\/?query=Petri%20Matikaisen\" rel=\"nofollow noopener\" target=\"_blank\">Petri Matikaisen<\/a> alaisuudessa v\u00e4kev\u00e4n syyskauden.<\/p>\n<p class=\"article-body mb-nof-24 px-nof-16\">Joukkue viett\u00e4\u00e4 joulua sarjataulukon kolmospaikalla. Pistekeskiarvolla mitattuna JYP on ollut liigan toiseksi paras joukkue (1,93) Tapparan (1,97) j\u00e4lkeen.<\/p>\n","protected":false},"excerpt":{"rendered":"JYP julkaisi ilouutisen kannattajilleen. T\u00e4htiluokkaan SM-liigassa noussut laitahy\u00f6kk\u00e4\u00e4j\u00e4 Santeri Huovila on tehnyt JYPin kanssa kolmivuotisen jatkosopimuksen. Huovilan, 21,&hellip;\n","protected":false},"author":2,"featured_media":124729,"comment_status":"","ping_status":"","sticky":false,"template":"","format":"standard","meta":{"footnotes":""},"categories":[5],"tags":[22,23,26,27,33,31,30,17,34,24,25,28,29,15,18,21,32,19,20,16],"class_list":{"0":"post-124728","1":"post","2":"type-post","3":"status-publish","4":"format-standard","5":"has-post-thumbnail","7":"category-otsikot","8":"tag-breaking-news","9":"tag-breakingnews","10":"tag-featured-news","11":"tag-featurednews","12":"tag-fi","13":"tag-finland","14":"tag-finnish","15":"tag-headlines","16":"tag-ilta-sanomat","17":"tag-latest-news","18":"tag-latestnews","19":"tag-main-news","20":"tag-mainnews","21":"tag-news","22":"tag-otsikot","23":"tag-paauutiset","24":"tag-suomi","25":"tag-top-stories","26":"tag-topstories","27":"tag-uutiset"},"share_on_mastodon":{"url":"https:\/\/pubeurope.com\/@fi\/115773985490347853","error":""},"_links":{"self":[{"href":"https:\/\/www.europesays.com\/fi\/wp-json\/wp\/v2\/posts\/124728","targetHints":{"allow":["GET"]}}],"collection":[{"href":"https:\/\/www.europesays.com\/fi\/wp-json\/wp\/v2\/posts"}],"about":[{"href":"https:\/\/www.europesays.com\/fi\/wp-json\/wp\/v2\/types\/post"}],"author":[{"embeddable":true,"href":"https:\/\/www.europesays.com\/fi\/wp-json\/wp\/v2\/users\/2"}],"replies":[{"embeddable":true,"href":"https:\/\/www.europesays.com\/fi\/wp-json\/wp\/v2\/comments?post=124728"}],"version-history":[{"count":0,"href":"https:\/\/www.europesays.com\/fi\/wp-json\/wp\/v2\/posts\/124728\/revisions"}],"wp:featuredmedia":[{"embeddable":true,"href":"https:\/\/www.europesays.com\/fi\/wp-json\/wp\/v2\/media\/124729"}],"wp:attachment":[{"href":"https:\/\/www.europesays.com\/fi\/wp-json\/wp\/v2\/media?parent=124728"}],"wp:term":[{"taxonomy":"category","embeddable":true,"href":"https:\/\/www.europesays.com\/fi\/wp-json\/wp\/v2\/categories?post=124728"},{"taxonomy":"post_tag","embeddable":true,"href":"https:\/\/www.europesays.com\/fi\/wp-json\/wp\/v2\/tags?post=124728"}],"curies":[{"name":"wp","href":"https:\/\/api.w.org\/{rel}","templated":true}]}}