{"id":124734,"date":"2025-12-24T10:23:08","date_gmt":"2025-12-24T10:23:08","guid":{"rendered":"https:\/\/www.europesays.com\/fi\/124734\/"},"modified":"2025-12-24T10:23:08","modified_gmt":"2025-12-24T10:23:08","slug":"titta-saarela-sai-diagnoosin-alzheimerin-taudista-tyoiassa","status":"publish","type":"post","link":"https:\/\/www.europesays.com\/fi\/124734\/","title":{"rendered":"Titta Saarela sai diagnoosin Alzheimerin taudista ty\u00f6i\u00e4ss\u00e4"},"content":{"rendered":"<p>Titta Saarela sairastui viisikymppisen\u00e4 tautiin, joka tavallisesti todetaan vasta ik\u00e4ihmisill\u00e4. Oireet eiv\u00e4t olleetkaan merkki burnoutista, vaikka Titta m\u00e4\u00e4r\u00e4ttiin uupumuksen vuoksi sairauslomalle toisensa per\u00e4\u00e4n. Viimein tutkimuksissa selvisi oikea syy.<\/p>\n<p class=\"article-body mb-nof-24 px-nof-16\">Aurinko porotti kuumana kirkkaalta taivaalta, ymp\u00e4r\u00f6iv\u00e4 meri loisti h\u00e4ik\u00e4isev\u00e4n turkoosina. Oli joulu 2023. Oululainen <a class=\"article-personlink\" href=\"https:\/\/www.is.fi\/haku\/?query=Titta%20Saarela\" rel=\"nofollow noopener\" target=\"_blank\">Titta Saarela<\/a> oli l\u00e4htenyt Karibian-risteilylle parikymppisen tytt\u00e4rens\u00e4 kanssa. Matkan h\u00e4n oli ostanut paikallisesta matkatoimistosta s\u00e4\u00e4st\u00f6ill\u00e4\u00e4n hetken mielijohteesta.<\/p>\n<p class=\"article-body mb-nof-24 px-nof-16\">\u2013 Sanoin tytt\u00e4relleni, ett\u00e4 nyt l\u00e4hdet\u00e4\u00e4n n\u00e4kem\u00e4\u00e4n ja kokemaan, Titta muistelee.<\/p>\n","protected":false},"excerpt":{"rendered":"Titta Saarela sairastui viisikymppisen\u00e4 tautiin, joka tavallisesti todetaan vasta ik\u00e4ihmisill\u00e4. Oireet eiv\u00e4t olleetkaan merkki burnoutista, vaikka Titta m\u00e4\u00e4r\u00e4ttiin&hellip;\n","protected":false},"author":2,"featured_media":124735,"comment_status":"","ping_status":"","sticky":false,"template":"","format":"standard","meta":{"footnotes":""},"categories":[165],"tags":[33,31,30,166,34,32,167],"class_list":{"0":"post-124734","1":"post","2":"type-post","3":"status-publish","4":"format-standard","5":"has-post-thumbnail","7":"category-terveys","8":"tag-fi","9":"tag-finland","10":"tag-finnish","11":"tag-health","12":"tag-ilta-sanomat","13":"tag-suomi","14":"tag-terveys"},"share_on_mastodon":{"url":"https:\/\/pubeurope.com\/@fi\/115774056356191529","error":""},"_links":{"self":[{"href":"https:\/\/www.europesays.com\/fi\/wp-json\/wp\/v2\/posts\/124734","targetHints":{"allow":["GET"]}}],"collection":[{"href":"https:\/\/www.europesays.com\/fi\/wp-json\/wp\/v2\/posts"}],"about":[{"href":"https:\/\/www.europesays.com\/fi\/wp-json\/wp\/v2\/types\/post"}],"author":[{"embeddable":true,"href":"https:\/\/www.europesays.com\/fi\/wp-json\/wp\/v2\/users\/2"}],"replies":[{"embeddable":true,"href":"https:\/\/www.europesays.com\/fi\/wp-json\/wp\/v2\/comments?post=124734"}],"version-history":[{"count":0,"href":"https:\/\/www.europesays.com\/fi\/wp-json\/wp\/v2\/posts\/124734\/revisions"}],"wp:featuredmedia":[{"embeddable":true,"href":"https:\/\/www.europesays.com\/fi\/wp-json\/wp\/v2\/media\/124735"}],"wp:attachment":[{"href":"https:\/\/www.europesays.com\/fi\/wp-json\/wp\/v2\/media?parent=124734"}],"wp:term":[{"taxonomy":"category","embeddable":true,"href":"https:\/\/www.europesays.com\/fi\/wp-json\/wp\/v2\/categories?post=124734"},{"taxonomy":"post_tag","embeddable":true,"href":"https:\/\/www.europesays.com\/fi\/wp-json\/wp\/v2\/tags?post=124734"}],"curies":[{"name":"wp","href":"https:\/\/api.w.org\/{rel}","templated":true}]}}