{"id":124738,"date":"2025-12-24T10:25:10","date_gmt":"2025-12-24T10:25:10","guid":{"rendered":"https:\/\/www.europesays.com\/fi\/124738\/"},"modified":"2025-12-24T10:25:10","modified_gmt":"2025-12-24T10:25:10","slug":"avengers-doomsdayn-ensimmainen-kiusoitteluvideo-tuo-takaisin-ikonisen-suosikkihahmon","status":"publish","type":"post","link":"https:\/\/www.europesays.com\/fi\/124738\/","title":{"rendered":"Avengers: Doomsdayn ensimm\u00e4inen kiusoitteluvideo tuo takaisin ikonisen suosikkihahmon"},"content":{"rendered":"<p>Marvel on julkaissut ensimm\u00e4isen Avengers: Doomsday -trailerin.<\/p>\n<p>Marvelin elokuvauniversumin kuudes vaihe kattaa vain nelj\u00e4 elokuvaa: The Fantastic Four: First Steps, Spider-Man. Brand New Day, Avengers: Doomsday sek\u00e4 Avengers: Secret Wars. N\u00e4ist\u00e4 Doomsdayn ensi-ilta on vasta vuoden p\u00e4\u00e4ss\u00e4, mutta hypejunan vauhtia on toki syyt\u00e4 kiihdytell\u00e4 jo t\u00e4ss\u00e4 vaiheessa.<\/p>\n<p>Ensimm\u00e4isell\u00e4 trailerilla ei viel\u00e4 mehustella eeppisell\u00e4 toiminnalla, sill\u00e4 kiusoittelup\u00e4tk\u00e4n t\u00e4hdeksi kohoaa itse alkuper\u00e4inen Kapteeni Amerikka, Steve Rogers. <strong>Chris Evansin<\/strong> tulkitsema hahmo n\u00e4ytt\u00e4isi olevan ainakin t\u00e4ll\u00e4 aikajanalla is\u00e4 ja naimisissa. N\u00e4ht\u00e4v\u00e4ksi j\u00e4\u00e4, kuinka t\u00e4m\u00e4 nivoutuu kokonaisjuoneen, t\u00e4t\u00e4 nyky\u00e4 Captain American sotisopaahan kanniskelee nimitt\u00e4in <strong>Anthony Mackien<\/strong> Sam Wilson.<\/p>\n<p><strong>Anthony<\/strong> ja <strong>Joe Russon<\/strong> ohjaamassa rainassa n\u00e4hd\u00e4\u00e4n my\u00f6s<strong> Robert Downey Jr.:n <\/strong>tulkitsema Tohtori Doom sek\u00e4 tietysti kaikki muutkin MCU-universumissa paraikaa h\u00e4\u00e4r\u00e4ilev\u00e4t sankarihahmot.<\/p>\n<p>Avengers: Doomsdayn ensi-ilta on p\u00e4iv\u00e4tty joukuun 18. p\u00e4iv\u00e4lle, vuonna 2026. Sit\u00e4 ennen hein\u00e4kuussa p\u00e4\u00e4st\u00e4\u00e4n kuitenkin seurailemaan Tom Hollandin H\u00e4miksen seikkailuja.<\/p>\n<p><img loading=\"lazy\" decoding=\"async\" alt=\"YouTube video\" width=\"480\" height=\"360\" data-pin-nopin=\"true\" nopin=\"nopin\" class=\"perfmatters-lazy\" src=\"https:\/\/www.europesays.com\/fi\/wp-content\/uploads\/2025\/12\/1766525112_450_hqdefault.jpg\"\/><\/p>\n<p>Lue my\u00f6s: <a href=\"https:\/\/www.tilt.fi\/uutiskirje\/\" title=\"Tilaa Tiltin uutiskirje\" class=\"underline-custom !font-montserrat !font-bold !underline-offset-4 !decoration-4 !decoration-tilt-light !text-md\" rel=\"nofollow noopener\" target=\"_blank\">Tilaa Tiltin uutiskirje ja tied\u00e4t mist\u00e4 kahvitauolla puhutaan! Nappaa ajankohtaiset peliuutiset ja puheenaiheet suoraan s\u00e4hk\u00f6postiin t\u00e4st\u00e4.<\/a><\/p>\n","protected":false},"excerpt":{"rendered":"Marvel on julkaissut ensimm\u00e4isen Avengers: Doomsday -trailerin. Marvelin elokuvauniversumin kuudes vaihe kattaa vain nelj\u00e4 elokuvaa: The Fantastic Four:&hellip;\n","protected":false},"author":2,"featured_media":124739,"comment_status":"","ping_status":"","sticky":false,"template":"","format":"standard","meta":{"footnotes":""},"categories":[130],"tags":[137,33,31,30,15507,32,109],"class_list":{"0":"post-124738","1":"post","2":"type-post","3":"status-publish","4":"format-standard","5":"has-post-thumbnail","7":"category-viihde","8":"tag-entertainment","9":"tag-fi","10":"tag-finland","11":"tag-finnish","12":"tag-mcu","13":"tag-suomi","14":"tag-viihde"},"share_on_mastodon":{"url":"https:\/\/pubeurope.com\/@fi\/115774064246978298","error":""},"_links":{"self":[{"href":"https:\/\/www.europesays.com\/fi\/wp-json\/wp\/v2\/posts\/124738","targetHints":{"allow":["GET"]}}],"collection":[{"href":"https:\/\/www.europesays.com\/fi\/wp-json\/wp\/v2\/posts"}],"about":[{"href":"https:\/\/www.europesays.com\/fi\/wp-json\/wp\/v2\/types\/post"}],"author":[{"embeddable":true,"href":"https:\/\/www.europesays.com\/fi\/wp-json\/wp\/v2\/users\/2"}],"replies":[{"embeddable":true,"href":"https:\/\/www.europesays.com\/fi\/wp-json\/wp\/v2\/comments?post=124738"}],"version-history":[{"count":0,"href":"https:\/\/www.europesays.com\/fi\/wp-json\/wp\/v2\/posts\/124738\/revisions"}],"wp:featuredmedia":[{"embeddable":true,"href":"https:\/\/www.europesays.com\/fi\/wp-json\/wp\/v2\/media\/124739"}],"wp:attachment":[{"href":"https:\/\/www.europesays.com\/fi\/wp-json\/wp\/v2\/media?parent=124738"}],"wp:term":[{"taxonomy":"category","embeddable":true,"href":"https:\/\/www.europesays.com\/fi\/wp-json\/wp\/v2\/categories?post=124738"},{"taxonomy":"post_tag","embeddable":true,"href":"https:\/\/www.europesays.com\/fi\/wp-json\/wp\/v2\/tags?post=124738"}],"curies":[{"name":"wp","href":"https:\/\/api.w.org\/{rel}","templated":true}]}}