{"id":124742,"date":"2025-12-24T10:29:09","date_gmt":"2025-12-24T10:29:09","guid":{"rendered":"https:\/\/www.europesays.com\/fi\/124742\/"},"modified":"2025-12-24T10:29:09","modified_gmt":"2025-12-24T10:29:09","slug":"lehti-nain-ex-prinssi-andrew-ja-sarah-ferguson-juhlivat-joulua","status":"publish","type":"post","link":"https:\/\/www.europesays.com\/fi\/124742\/","title":{"rendered":"Lehti: N\u00e4in ex-prinssi Andrew ja Sarah Ferguson juhlivat joulua"},"content":{"rendered":"<p>Andrew Mountbatten Windsor ja Sarah Ferguson ottavat lehden mukaan \u201dkaiken irti\u201d viimeisest\u00e4 joulustaan Royal Lodgessa.<\/p>\n<p class=\"article-body mb-nof-24 px-nof-16\">Britannian entinen prinssi <a class=\"article-personlink\" href=\"https:\/\/www.is.fi\/haku\/?query=Andrew\" rel=\"nofollow noopener\" target=\"_blank\">Andrew <\/a>ja h\u00e4nen ex-vaimonsa <a class=\"article-personlink\" href=\"https:\/\/www.is.fi\/haku\/?query=Sarah%20Ferguson\" rel=\"nofollow noopener\" target=\"_blank\">Sarah Ferguson<\/a> valmistautuvat viimeiseen jouluunsa Royal Lodgessa, <a class=\"underline underline-offset-[0.12em] [text-decoration-thickness:var(--generic-link-underline-thickness)] [text-decoration-color:var(--generic-link-underline-color)] [text-decoration-skip-ink:var(--generic-link-underline-skip-ink)] break-words\" href=\"https:\/\/www.dailymail.co.uk\/news\/article-15408611\/Fergie-Andrew-farewell-party-Royal-Lodge.html\" rel=\"nofollow noopener\" target=\"_blank\">kirjoittaa Daily Mail.<\/a><\/p>\n<p class=\"article-body mb-nof-24 px-nof-16\">Lehden mukaan kaksikko aikoo ottaa kaiken irti viimeisist\u00e4 hetkist\u00e4\u00e4n kartanossa, kunnes he joutuvat muuttamaan pois.<\/p>\n<p class=\"article-body mb-nof-24 px-nof-16\">Kuninkaalliskirjailija <a class=\"article-personlink\" href=\"https:\/\/www.is.fi\/haku\/?query=Andrew%20Lownien\" rel=\"nofollow noopener\" target=\"_blank\">Andrew Lownien<\/a> mukaan kaksikko olisi j\u00e4rjest\u00e4m\u00e4ss\u00e4 joulukuussa viel\u00e4 viimeiset juhlansa Royal Lodgessa.<\/p>\n<p class=\"article-body mb-nof-24 px-nof-16\">Daily Mailin l\u00e4hteiden mukaan vieraslista koostuu kaksikon pitk\u00e4aikaisista yst\u00e4vist\u00e4, josta ovat pysyneet n\u00e4iden rinnalla kohun keskell\u00e4.<\/p>\n<p class=\"article-body mb-nof-24 px-nof-16\">\u2013 He pit\u00e4v\u00e4t jonkinlaisen juhlan viimeisille j\u00e4ljell\u00e4 oleville yst\u00e4villeen joulun aikana. En usko, ett\u00e4 he ovat virallisesti nimenneet sen l\u00e4ksi\u00e4isjuhlaksi, mutta silt\u00e4 se melko lailla vaikuttaa, l\u00e4hde v\u00e4itt\u00e4\u00e4 Daily Mailin mukaan.<\/p>\n<p class=\"article-body mb-nof-24 px-nof-16\">Lehti on listannut useita julkisuudenhenkil\u00f6it\u00e4, jotka tunnetaan Andrew\u2019n ja Fergusonin l\u00e4heisin\u00e4 yst\u00e4vin\u00e4. Heid\u00e4n joukossaan ovat muiden muassa malli <a class=\"article-personlink\" href=\"https:\/\/www.is.fi\/haku\/?query=Lady%20Victoria%20Hervey\" rel=\"nofollow noopener\" target=\"_blank\">Lady Victoria Hervey<\/a>, supermalli <a class=\"article-personlink\" href=\"https:\/\/www.is.fi\/haku\/?query=Kate%20Moss\" rel=\"nofollow noopener\" target=\"_blank\">Kate Moss<\/a>, supermalli <a class=\"article-personlink\" href=\"https:\/\/www.is.fi\/haku\/?query=Naomi%20Campbell\" rel=\"nofollow noopener\" target=\"_blank\">Naomi Campbell<\/a>, n\u00e4yttelij\u00e4 <a class=\"article-personlink\" href=\"https:\/\/www.is.fi\/haku\/?query=Demi%20Moore\" rel=\"nofollow noopener\" target=\"_blank\">Demi Moore<\/a>, laulaja <a class=\"article-personlink\" href=\"https:\/\/www.is.fi\/haku\/?query=Ellie%20Goulding\" rel=\"nofollow noopener\" target=\"_blank\">Ellie Goulding <\/a>ja seurapiirihenkil\u00f6 <a class=\"article-personlink\" href=\"https:\/\/www.is.fi\/haku\/?query=Shafira%20Huang\" rel=\"nofollow noopener\" target=\"_blank\">Shafira Huang<\/a>.<\/p>\n<p class=\"article-body mb-nof-24 px-nof-16\">Andrew ja Ferguson eiv\u00e4t ole tervetulleita kuninkaallisen perheen joulunviettoon. Andrew menetti tittelins\u00e4 aiemmin syksyll\u00e4 kohun takia.<\/p>\n<p class=\"article-body mb-nof-24 px-nof-16\">P\u00e4\u00e4t\u00f6ksen taustalla vaikuttivat ex-pariskunnan v\u00e4itetyt yhteydet seksuaalirikoksista tuomittuun liikemies <a class=\"article-personlink\" href=\"https:\/\/www.is.fi\/haku\/?query=Jeffrey%20Epsteiniin\" rel=\"nofollow noopener\" target=\"_blank\">Jeffrey Epsteiniin<\/a>. Vuosia kest\u00e4nyt kohu kulminoitui t\u00e4n\u00e4 syksyn\u00e4, kun lokakuussa julkaistiin Andrew\u2019ta ja Epsteinia seksuaalirikoksista syytt\u00e4neen <a class=\"article-personlink\" href=\"https:\/\/www.is.fi\/haku\/?query=Virginia%20Giuffren\" rel=\"nofollow noopener\" target=\"_blank\">Virginia Giuffren<\/a> el\u00e4m\u00e4kerta.<\/p>\n<p class=\"article-body mb-nof-24 px-nof-16\">Kirja julkaistiin postuumisti, sill\u00e4 Giuffre teki itsemurhan huhtikuussa. Giuffre on v\u00e4itt\u00e4nyt, ett\u00e4 h\u00e4net pakotettiin alaik\u00e4isen\u00e4 seksiin Andrew\u2019n kanssa, mutta ex-prinssi on kiist\u00e4nyt kaikki syyt\u00f6kset.<\/p>\n<p class=\"article-body mb-nof-24 px-nof-16\">Andrew asuu viel\u00e4 toistaiseksi Royal Lodgessa, mutta joutuu muuttamaan sielt\u00e4 pois. Sis\u00e4piiril\u00e4hteiden mukaan Andrew h\u00e4\u00e4det\u00e4\u00e4n Sandringhamiin r\u00e4nsistyneelle maatilalle, joka sijaitsee noin viiden kilometrin p\u00e4\u00e4ss\u00e4 kuningas <a class=\"article-personlink\" href=\"https:\/\/www.is.fi\/haku\/?query=Charlesin\" rel=\"nofollow noopener\" target=\"_blank\">Charlesin <\/a>maaseutukodista.<\/p>\n","protected":false},"excerpt":{"rendered":"Andrew Mountbatten Windsor ja Sarah Ferguson ottavat lehden mukaan \u201dkaiken irti\u201d viimeisest\u00e4 joulustaan Royal Lodgessa. Britannian entinen prinssi&hellip;\n","protected":false},"author":2,"featured_media":124743,"comment_status":"","ping_status":"","sticky":false,"template":"","format":"standard","meta":{"footnotes":""},"categories":[14],"tags":[22,23,26,27,33,31,30,17,34,24,25,28,29,15,18,21,32,19,20,56,16,59,60,61],"class_list":{"0":"post-124742","1":"post","2":"type-post","3":"status-publish","4":"format-standard","5":"has-post-thumbnail","7":"category-ulkomaat","8":"tag-breaking-news","9":"tag-breakingnews","10":"tag-featured-news","11":"tag-featurednews","12":"tag-fi","13":"tag-finland","14":"tag-finnish","15":"tag-headlines","16":"tag-ilta-sanomat","17":"tag-latest-news","18":"tag-latestnews","19":"tag-main-news","20":"tag-mainnews","21":"tag-news","22":"tag-otsikot","23":"tag-paauutiset","24":"tag-suomi","25":"tag-top-stories","26":"tag-topstories","27":"tag-ulkomaat","28":"tag-uutiset","29":"tag-world","30":"tag-world-news","31":"tag-worldnews"},"share_on_mastodon":{"url":"https:\/\/pubeurope.com\/@fi\/115774079994486887","error":""},"_links":{"self":[{"href":"https:\/\/www.europesays.com\/fi\/wp-json\/wp\/v2\/posts\/124742","targetHints":{"allow":["GET"]}}],"collection":[{"href":"https:\/\/www.europesays.com\/fi\/wp-json\/wp\/v2\/posts"}],"about":[{"href":"https:\/\/www.europesays.com\/fi\/wp-json\/wp\/v2\/types\/post"}],"author":[{"embeddable":true,"href":"https:\/\/www.europesays.com\/fi\/wp-json\/wp\/v2\/users\/2"}],"replies":[{"embeddable":true,"href":"https:\/\/www.europesays.com\/fi\/wp-json\/wp\/v2\/comments?post=124742"}],"version-history":[{"count":0,"href":"https:\/\/www.europesays.com\/fi\/wp-json\/wp\/v2\/posts\/124742\/revisions"}],"wp:featuredmedia":[{"embeddable":true,"href":"https:\/\/www.europesays.com\/fi\/wp-json\/wp\/v2\/media\/124743"}],"wp:attachment":[{"href":"https:\/\/www.europesays.com\/fi\/wp-json\/wp\/v2\/media?parent=124742"}],"wp:term":[{"taxonomy":"category","embeddable":true,"href":"https:\/\/www.europesays.com\/fi\/wp-json\/wp\/v2\/categories?post=124742"},{"taxonomy":"post_tag","embeddable":true,"href":"https:\/\/www.europesays.com\/fi\/wp-json\/wp\/v2\/tags?post=124742"}],"curies":[{"name":"wp","href":"https:\/\/api.w.org\/{rel}","templated":true}]}}