{"id":124744,"date":"2025-12-24T10:30:12","date_gmt":"2025-12-24T10:30:12","guid":{"rendered":"https:\/\/www.europesays.com\/fi\/124744\/"},"modified":"2025-12-24T10:30:12","modified_gmt":"2025-12-24T10:30:12","slug":"rekat-paloivat-roihuten-lidlin-kiinteistolla-poliisi-ampui-kaasusailiot-varmuuden-vuoksi","status":"publish","type":"post","link":"https:\/\/www.europesays.com\/fi\/124744\/","title":{"rendered":"Rekat paloivat roihuten Lidlin kiinteist\u00f6ll\u00e4 \u2013 Poliisi ampui kaasus\u00e4ili\u00f6t varmuuden vuoksi"},"content":{"rendered":"<p>Lidlin jakelukeskuksella J\u00e4rvenp\u00e4\u00e4ss\u00e4 tapahtuneen tulipalon syttymissyyt\u00e4 ei viel\u00e4 tiedet\u00e4.<\/p>\n<p><a href=\"https:\/\/www.iltalehti.fi\/kirjoittajat\/Onni Kari\" rel=\"nofollow noopener\" target=\"_blank\"><img decoding=\"async\" class=\"author-image-img\" alt=\"Tekij\u00e4n kuva\" src=\"https:\/\/www.europesays.com\/fi\/wp-content\/uploads\/2025\/12\/7b247f0d787c34fd25aa80913debdb20ea11879aaf5e253139c04048a760c9c6.png\"\/><\/a><a href=\"https:\/\/www.iltalehti.fi\/kirjoittajat\/Alisa Valta\" rel=\"nofollow noopener\" target=\"_blank\"><img decoding=\"async\" class=\"author-image-img\" alt=\"Tekij\u00e4n kuva\" src=\"https:\/\/www.europesays.com\/fi\/wp-content\/uploads\/2025\/12\/33855b18477c2ff478e7031d5f9e1d86caca1b769add206fd728a5f0971001f4.png\"\/><\/a><\/p>\n<p>T\u00e4n\u00e4\u00e4n klo 11:20 (p\u00e4ivitetty klo 11:21)<\/p>\n<p class=\"paragraph\">Nelj\u00e4 ajoneuvoyhdistelm\u00e4\u00e4 tuhoutui t\u00e4ysin tulipalossa J\u00e4rvenp\u00e4\u00e4ss\u00e4.<\/p>\n<p class=\"paragraph\">Tulipalo syttyi Lidlin jakelukeskuksen parkkipaikalla varhain aamulla jouluaattona. Kyseess\u00e4 on Lidlin suurin jakelukeskus Suomessa.<\/p>\n<p class=\"paragraph\">Palon syttymissyyst\u00e4 ei toistaiseksi ole tietoa, komisario <strong>Jere P\u00e4\u00e4kk\u00f6nen<\/strong> It\u00e4-Uudenmaan poliisista kertoo. Poliisin tekninen tutkinta voi alkaa vasta, kun palaneet rekat ovat tarpeeksi j\u00e4\u00e4htyneet.<\/p>\n<p><img decoding=\"async\" class=\"image image-show image-preview\" src=\"https:\/\/www.europesays.com\/fi\/wp-content\/uploads\/2025\/12\/0cd07adffbcb14199f310b44a73ee5fef8e0e6559df7e8166244b8687480bc7a.jpg\" alt=\"\"\/><img decoding=\"async\" class=\"image image-show\" src=\"https:\/\/www.europesays.com\/fi\/wp-content\/uploads\/2025\/12\/1766572212_823_0cd07adffbcb14199f310b44a73ee5fef8e0e6559df7e8166244b8687480bc7a.jpg\" alt=\"\"\/><\/p>\n<p>Nelj\u00e4 rekkaa tuhoutui tulipalossa Lidlin pihassa. Lukijan kuva<\/p>\n<p class=\"paragraph\">Yksi palaneista autoista on maakaasutoiminen rekka, jonka s\u00e4ili\u00f6t poliisi teki vaarattomaksi ampumalla, P\u00e4\u00e4kk\u00f6nen kertoo.<\/p>\n<p class=\"paragraph\">\u2013 Muuten rekkapalo olisi jatkunut vaikka kuinka pitk\u00e4\u00e4n. Toisaalta n\u00e4m\u00e4 s\u00e4ili\u00f6t olisivat saattaneet r\u00e4j\u00e4ht\u00e4\u00e4 hallitsemattomasti, P\u00e4\u00e4kk\u00f6nen selitt\u00e4\u00e4.<\/p>\n<p class=\"paragraph\">Iltalehti vieraili onnettomuuspaikalla jouluaattona aamup\u00e4iv\u00e4ll\u00e4. Palokunta oli erist\u00e4nyt turma-alueen kaasur\u00e4j\u00e4hdysten uhan takia. Poliisi oli paikalla ja varustautui tekem\u00e4\u00e4n kaasupullot vaarattomaksi ampumalla. Palopaikalla oli yh\u00e4 havaittavissa savua.<\/p>\n<p class=\"paragraph\">Tulipalo on saatu sammutettua, kertoi p\u00e4ivyst\u00e4v\u00e4 palomestari <strong>Niklas Eriksson<\/strong> Keski-Uudenmaan pelastuslaitokselta kello kahdeksan j\u00e4lkeen aamulla. Rekat olivat ilmiliekeiss\u00e4, kun pelastuslaitos saapui paikalle.<\/p>\n<p class=\"paragraph\">Kukaan ei loukkaantunut palossa. Sopimuspalokunta j\u00e4i vartioimaan paloaluetta, kun pelastuslaitos oli saanut tulipalon sammutettua.<\/p>\n<p class=\"paragraph\">Pelastuslaitos sai ilmoituksen J\u00e4rvenp\u00e4\u00e4n Riffikadulla syttyneest\u00e4 palosta noin kello viiden aikaan aamulla. Paikalle h\u00e4lytettiin useita pelastuslaitoksen yksik\u00f6it\u00e4.<\/p>\n<p>Alue oli aamup\u00e4iv\u00e4ll\u00e4 eristetty. MATTI MATIKAINEN<\/p>\n<p>Pelastuslaitos oli n\u00e4kyv\u00e4sti paikalla viel\u00e4 aamuy\u00f6ll\u00e4. MATTI MATIKAINEN<\/p>\n<p>Palaneita raskaita ajoneuvoja Lidlin J\u00e4rvenp\u00e4\u00e4n jakelukeskuksella jouluaattona 2025. MATTI MATIKAINEN<\/p>\n","protected":false},"excerpt":{"rendered":"Lidlin jakelukeskuksella J\u00e4rvenp\u00e4\u00e4ss\u00e4 tapahtuneen tulipalon syttymissyyt\u00e4 ei viel\u00e4 tiedet\u00e4. T\u00e4n\u00e4\u00e4n klo 11:20 (p\u00e4ivitetty klo 11:21) Nelj\u00e4 ajoneuvoyhdistelm\u00e4\u00e4 tuhoutui&hellip;\n","protected":false},"author":2,"featured_media":124745,"comment_status":"","ping_status":"","sticky":false,"template":"","format":"standard","meta":{"footnotes":""},"categories":[12],"tags":[35,22,23,26,27,33,31,30,17,55,24,25,121,28,29,15,18,21,122,54,32,19,20,546,16],"class_list":{"0":"post-124744","1":"post","2":"type-post","3":"status-publish","4":"format-standard","5":"has-post-thumbnail","7":"category-suomi","8":"tag-24h","9":"tag-breaking-news","10":"tag-breakingnews","11":"tag-featured-news","12":"tag-featurednews","13":"tag-fi","14":"tag-finland","15":"tag-finnish","16":"tag-headlines","17":"tag-lainvalvonta","18":"tag-latest-news","19":"tag-latestnews","20":"tag-liikenne-ja-kuljetus","21":"tag-main-news","22":"tag-mainnews","23":"tag-news","24":"tag-otsikot","25":"tag-paauutiset","26":"tag-pelastaminen","27":"tag-pelastuspalvelut","28":"tag-suomi","29":"tag-top-stories","30":"tag-topstories","31":"tag-turvallisuus","32":"tag-uutiset"},"share_on_mastodon":{"url":"https:\/\/pubeurope.com\/@fi\/115774084196371708","error":""},"_links":{"self":[{"href":"https:\/\/www.europesays.com\/fi\/wp-json\/wp\/v2\/posts\/124744","targetHints":{"allow":["GET"]}}],"collection":[{"href":"https:\/\/www.europesays.com\/fi\/wp-json\/wp\/v2\/posts"}],"about":[{"href":"https:\/\/www.europesays.com\/fi\/wp-json\/wp\/v2\/types\/post"}],"author":[{"embeddable":true,"href":"https:\/\/www.europesays.com\/fi\/wp-json\/wp\/v2\/users\/2"}],"replies":[{"embeddable":true,"href":"https:\/\/www.europesays.com\/fi\/wp-json\/wp\/v2\/comments?post=124744"}],"version-history":[{"count":0,"href":"https:\/\/www.europesays.com\/fi\/wp-json\/wp\/v2\/posts\/124744\/revisions"}],"wp:featuredmedia":[{"embeddable":true,"href":"https:\/\/www.europesays.com\/fi\/wp-json\/wp\/v2\/media\/124745"}],"wp:attachment":[{"href":"https:\/\/www.europesays.com\/fi\/wp-json\/wp\/v2\/media?parent=124744"}],"wp:term":[{"taxonomy":"category","embeddable":true,"href":"https:\/\/www.europesays.com\/fi\/wp-json\/wp\/v2\/categories?post=124744"},{"taxonomy":"post_tag","embeddable":true,"href":"https:\/\/www.europesays.com\/fi\/wp-json\/wp\/v2\/tags?post=124744"}],"curies":[{"name":"wp","href":"https:\/\/api.w.org\/{rel}","templated":true}]}}