{"id":124760,"date":"2025-12-24T10:56:17","date_gmt":"2025-12-24T10:56:17","guid":{"rendered":"https:\/\/www.europesays.com\/fi\/124760\/"},"modified":"2025-12-24T10:56:17","modified_gmt":"2025-12-24T10:56:17","slug":"puoluejohtajat-paljastavat-joulusuunnitelmansa-ja-kommelluksensa","status":"publish","type":"post","link":"https:\/\/www.europesays.com\/fi\/124760\/","title":{"rendered":"Puoluejohtajat paljastavat joulusuunnitelmansa ja -kommelluksensa"},"content":{"rendered":"<p>Er\u00e4s pelasti kotikaupunkinsa joulurauhan julistuksen, toinen yritti ep\u00e4toivoisesti p\u00e4\u00e4st\u00e4 Dubaihin ja kolmas joutui joulupukiksi.<\/p>\n<p>Lue tiivistelm\u00e4<\/p>\n<p class=\"article-body mb-nof-24 px-nof-16 sndp-summary-bullet-point-font\">Suomen puoluejohtajat viett\u00e4v\u00e4t joulua perinteisesti perheidens\u00e4 parissa eri puolilla Suomea.<\/p>\n<p class=\"article-body mb-nof-24 px-nof-16 sndp-summary-bullet-point-font\">Kokoomuksen Petteri Orpo seikkaili aikoinaan jouluna yksin lasten kanssa tiens\u00e4 Dubaihin ja keskustan Antti Kaikkonen ajautui armeija-aikanaan joulupukiksi kantahenkil\u00f6kunnan koteihin.<\/p>\n<p class=\"article-body mb-nof-24 px-nof-16 sndp-summary-bullet-point-font\">Sdp:n Antti Lindtman pelasti kymmenen vuotta sitten Vantaan joulurauhan julistuksen, joka oli hiipumassa.<\/p>\n<p class=\"article-body mb-nof-24 px-nof-16 sndp-summary-bullet-point-font\">Vihreiden Sofia Virran koira Urho s\u00f6i t\u00e4n\u00e4 jouluna etuk\u00e4teen kaikki joulua varten leivotut ja koristellut piparit.<\/p>\n<p class=\"article-body mb-nof-24 px-nof-16\">Puoluejohtajat viett\u00e4v\u00e4t jouluaan perinteisesti perheidens\u00e4 parissa, mutta aina kommelluksilta ei ole v\u00e4ltytty. IS kysyi suurimpien puolueiden puheenjohtajien joulusuunnitelmat ja joulumuistoja.<\/p>\n<p class=\"article-body mb-nof-24 px-nof-16\">Turkulainen p\u00e4\u00e4ministeri, puheenjohtaja <a class=\"article-personlink\" href=\"https:\/\/www.is.fi\/haku\/?query=Petteri%20Orpo\" rel=\"nofollow noopener\" target=\"_blank\">Petteri Orpo<\/a> (kok) ei t\u00e4n\u00e4 vuonna kuuntele joulurauhan julistusta kotikaupungissaan, vaan Kes\u00e4rannassa Helsingiss\u00e4.<\/p>\n<p class=\"article-body mb-nof-24 px-nof-16\">\u2013 Se on pyh\u00e4 hetki, ja joulun rauhoittumisen alku. Televisio on viritetty valmiiksi, siihen joulupuuro ja ruvetaan rauhalliseen joulun viettoon, Orpo kertoo.<\/p>\n<p class=\"article-body mb-nof-24 px-nof-16\">\u2013 Kun ei olla Turussa, menemme helsinkil\u00e4isvastineena k\u00e4ym\u00e4\u00e4n Hietaniemen hautausmaan sankarihaudoilla.<\/p>\n<p class=\"article-body mb-nof-24 px-nof-16\">Itse asiassa Orpon perhe ei ole aina joulujaan Turussa viett\u00e4nyt, vaan my\u00f6s Orpon vanhempien luona Satakunnassa tai appivanhemmilla Kainuussa.<\/p>\n<p class=\"article-body mb-nof-24 px-nof-16\">\u2013 Aina olemme olleet perheen kesken, hyvin perinteist\u00e4 joulunviettoa eri sukupolvien kesken. Nyt olemme Kes\u00e4rannassa, perhett\u00e4 tulee sinne, mutta aina olemme kulkeneet Turku-Satakunta-Kainuu -v\u00e4li\u00e4.<\/p>\n<p><img decoding=\"async\" src=\"https:\/\/www.europesays.com\/fi\/wp-content\/uploads\/2025\/12\/1766573775_843_468.jpg\" alt=\"Petteri Orpolle joulu on rauhoittumisen aikaa. Yhten\u00e4 jouluna Orpolla oli mutkia matkassa, kun h\u00e4n yritti yksin kahden pienen lapsen kanssa p\u00e4\u00e4st\u00e4\u00e4 perille Du\" class=\"_Img_1rerz_1\" style=\"aspect-ratio:1.5011727912431587\" loading=\"eager\"\/><\/p>\n<p class=\"article-picture-caption\">Petteri Orpolle joulu on rauhoittumisen aikaa. Yhten\u00e4 jouluna Orpolla oli mutkia matkassa, kun h\u00e4n yritti yksin kahden pienen lapsen kanssa p\u00e4\u00e4st\u00e4\u00e4 perille Du Kuva:\u00a0Vesa-Matti V\u00e4\u00e4r\u00e4<\/p>\n<p class=\"article-body mb-nof-24 px-nof-16\">Kenties erityisen hyv\u00e4t Orpon joulumuistot liittyv\u00e4t vuosiin, jolloin h\u00e4nen ja <a class=\"article-personlink\" href=\"https:\/\/www.is.fi\/haku\/?query=Niina%20Kanniainen-Orpon\" rel=\"nofollow noopener\" target=\"_blank\">Niina Kanniainen-Orpon<\/a> lapset olivat pieni\u00e4.<\/p>\n<p class=\"article-body mb-nof-24 px-nof-16\">\u2013 Olimme Niinan kanssa olleet p\u00e4iv\u00e4n t\u00f6iss\u00e4, pakkasimme kotona Turussa auton ja l\u00e4hdimme ajamaan 750 kilometri\u00e4 Kainuuseen. Kun saapui etel\u00e4st\u00e4 perille pitk\u00e4lle yli puolen y\u00f6n j\u00e4lkeen, hankien keskelle pakkaseen, isovanhemmat olivat odottamassa \u2013 joulutunnelma tuli todella hienosti esiin, Orpo muistelee.<\/p>\n<p class=\"article-body mb-nof-24 px-nof-16\">Kun Orpon lapset olivat pieni\u00e4, silloin viel\u00e4 lentoem\u00e4nt\u00e4n\u00e4 ty\u00f6skennellyt vaimo Niina oli muutamina jouluina t\u00f6iss\u00e4.<\/p>\n<p class=\"article-body mb-nof-24 px-nof-16\">Orpon muistissa on esimerkiksi joulu, jolloin perhe vietti joulunsa Dubaissa. Vaimo Niina oli lent\u00e4nyt sinne ty\u00f6ns\u00e4 puolesta etuk\u00e4teen ja h\u00e4n odotti aviomiest\u00e4\u00e4n ja kahta lastaan paikalle.<\/p>\n<p class=\"article-body mb-nof-24 px-nof-16\">\u2013 L\u00e4hdin lasten kanssa per\u00e4ss\u00e4, oli hyvin erilainen joulu. Menin kahden vaunuik\u00e4isen lapsen kanssa Dubaihin, siit\u00e4 syntyisi yksi novelli.<\/p>\n<p class=\"article-body mb-nof-24 px-nof-16\">\u2013 Seikkailin Finnairin henkil\u00f6kuntalipuilla kahden lapsen kanssa Euroopan halki. V\u00e4ill\u00e4 oli ep\u00e4toivoa, ett\u00e4 emme ikin\u00e4 p\u00e4\u00e4se perille ja j\u00e4\u00e4mme Frankfurtiin. Kun p\u00e4\u00e4simme perille Niinan hotellihuoneeseen, se oli mahtava tunne \u2013 kaikille, Orpo muistelee.<\/p>\n<p class=\"article-body mb-nof-24 px-nof-16\">Puheenjohtaja <a class=\"article-personlink\" href=\"https:\/\/www.is.fi\/haku\/?query=Antti%20Lindtman\" rel=\"nofollow noopener\" target=\"_blank\">Antti Lindtman<\/a> (sd) on viett\u00e4nyt joulunsa perinteisesti kotonaan, mutta t\u00e4m\u00e4n vuoden joulun h\u00e4n viett\u00e4\u00e4 perheens\u00e4 kanssa toisaalla Vantaalla.<\/p>\n<p class=\"article-body mb-nof-24 px-nof-16\">\u2013 Tykk\u00e4\u00e4mme perinteist\u00e4. Yhdess\u00e4 perheen ja sukulaisten kanssa. Yleens\u00e4 olemme olleet meill\u00e4, ja sinne ovat tulleet is\u00e4ni, Kaijan (puoliso <a class=\"article-personlink\" href=\"https:\/\/www.is.fi\/haku\/?query=Kaija%20Storbom\" rel=\"nofollow noopener\" target=\"_blank\">Kaija Storbom<\/a>) vanhempi tyt\u00e4r <a class=\"article-personlink\" href=\"https:\/\/www.is.fi\/haku\/?query=Mandi\" rel=\"nofollow noopener\" target=\"_blank\">Mandi <\/a>miehens\u00e4 kanssa ja muita sukulaisia.<\/p>\n<p class=\"article-body mb-nof-24 px-nof-16\">\u2013 T\u00e4ll\u00e4 kertaa p\u00e4\u00e4semme valmiiseen p\u00f6yt\u00e4\u00e4n, kun menemme Mandin uuteen ja remontoituun kotiin.<\/p>\n<p class=\"article-body mb-nof-24 px-nof-16\">Lindtmanin jouluun kuuluu yh\u00e4 joulupukki, jota tyt\u00e4r <a class=\"article-personlink\" href=\"https:\/\/www.is.fi\/haku\/?query=Sofie\" rel=\"nofollow noopener\" target=\"_blank\">Sofie<\/a>, 8, odottaa kovasti.<\/p>\n<p class=\"article-body mb-nof-24 px-nof-16\">Lindtmanin mieleen aiemmista jouluista on j\u00e4\u00e4nyt muun muassa joulu reilut kymmenen vuotta sitten.<\/p>\n<p><img decoding=\"async\" src=\"https:\/\/www.europesays.com\/fi\/wp-content\/uploads\/2025\/12\/1766573776_369_468.jpg\" alt=\"Antti Lindtman tunnustaa tykk\u00e4\u00e4v\u00e4ns\u00e4 joulun perinteist\u00e4 ja kertoo pelastaneensa Vantaan joulurauhan julistuksen, jota oltiin jo kuoppaamassa.\" class=\"_Img_1rerz_1\" style=\"aspect-ratio:1.4690130068859986\" loading=\"eager\"\/><\/p>\n<p class=\"article-picture-caption\">Antti Lindtman tunnustaa tykk\u00e4\u00e4v\u00e4ns\u00e4 joulun perinteist\u00e4 ja kertoo pelastaneensa Vantaan joulurauhan julistuksen, jota oltiin jo kuoppaamassa. Kuva:\u00a0Terhi Ylim\u00e4inen<\/p>\n<p class=\"article-body mb-nof-24 px-nof-16\">Vantaalla joulurauha oli tavan mukaan julistettu Tikkurilassa kaupungintalon ja kirkon edess\u00e4, mutta kukaan ei ollut sit\u00e4 valmistellut, saati mainostanut.<\/p>\n<p class=\"article-body mb-nof-24 px-nof-16\">\u2013 Tykk\u00e4\u00e4n niist\u00e4 perinteist\u00e4. Vantaan joulurauhan julistus oli hiipunut. Kuulin, ett\u00e4 se meinataan lopettaa ja sit\u00e4 ei en\u00e4\u00e4 tehd\u00e4. Ajattelin, ett\u00e4 ei n\u00e4in voin olla.<\/p>\n<p class=\"article-body mb-nof-24 px-nof-16\">\u2013 Olin valtuuston puheenjohtaja ja sanoin, ett\u00e4 kyll\u00e4 perinteest\u00e4 pidet\u00e4\u00e4n kiinni ja siit\u00e4 ei luovuta. Oli muutama p\u00e4iv\u00e4 aikaa ja tehd\u00e4\u00e4n mit\u00e4 pystyt\u00e4\u00e4n. Pyysin joulurauhan julistuksen itselleni ja asiasta ei ehditty juuri tiedottaa.<\/p>\n<p class=\"article-body mb-nof-24 px-nof-16\">\u2013 No, jouluaattona Tikkurilassa, jo puretun kirkon edess\u00e4, \u201320 asteen pakkasessa k\u00e4vin lukemassa joulurauhan julistuksen. Kuuntelijoina oli suurin piirtein oma perhe, yksi naapuri tuli s\u00e4\u00e4list\u00e4 paikalle ja joku satunnainen ohikulkija. Oli alle 10 ihmist\u00e4, Lindtman muistelee.<\/p>\n<p class=\"article-body mb-nof-24 px-nof-16\">Lindtman pelasti Vantaan joulurauhan julistuksen, ja se voi paremmin kuin ehk\u00e4 koskaan.<\/p>\n<p class=\"article-body mb-nof-24 px-nof-16\">Tuon joulun j\u00e4lkeen Vantaa p\u00e4\u00e4tti alkaa taas satsata tilaisuuteen ja nyt jouluaattona Tikkurilaan odotetaan satoja ihmisi\u00e4 kuuntelemassa joulurauhan julistusta.<\/p>\n<p><img decoding=\"async\" src=\"https:\/\/www.europesays.com\/fi\/wp-content\/uploads\/2025\/12\/1766573776_179_468.jpg\" alt=\"Antti Kaikkonen nosti varusmiehen\u00e4 joulun alla k\u00e4tens\u00e4 pystyyn ja p\u00e4\u00e4tyi joulupukiksi.\" class=\"_Img_1rerz_1\" style=\"aspect-ratio:1.5\" loading=\"eager\"\/><\/p>\n<p class=\"article-picture-caption\">Antti Kaikkonen nosti varusmiehen\u00e4 joulun alla k\u00e4tens\u00e4 pystyyn ja p\u00e4\u00e4tyi joulupukiksi. Kuva:\u00a0Aleksi Jalava \/ IS<\/p>\n<p class=\"article-body mb-nof-24 px-nof-16\">Puheenjohtaja <a class=\"article-personlink\" href=\"https:\/\/www.is.fi\/haku\/?query=Antti%20Kaikkonen\" rel=\"nofollow noopener\" target=\"_blank\">Antti Kaikkonen<\/a> (kesk) viett\u00e4\u00e4 joulua kotonaan Sipoossa perheens\u00e4 kanssa perinteisin menoin.<\/p>\n<p class=\"article-body mb-nof-24 px-nof-16\">\u2013 Hieman l\u00e4hisukuakin on tulossa k\u00e4ym\u00e4\u00e4n. Perheen kolme- ja viisivuotiaat pojat toki kovasti joulupukkia odottavat. Kilttein\u00e4 on yritetty olla, joten ehk\u00e4 pukkikin n\u00e4hd\u00e4\u00e4n. T\u00e4t\u00e4 toki j\u00e4nnitet\u00e4\u00e4n viel\u00e4.<\/p>\n<p class=\"article-body mb-nof-24 px-nof-16\">\u2013 Valmisteluja on kovasti tehty. Sain itse muun muassa vastuuteht\u00e4v\u00e4n saunan pesusta, Kaikkonen huomauttaa jouluvalmisteluista.<\/p>\n<p class=\"article-body mb-nof-24 px-nof-16\">Kaikkosen perinteeseen on kuulunut tietysti Turun joulurauhan julistuksen seuraaminen televisiosta.<\/p>\n<p class=\"article-body mb-nof-24 px-nof-16\">T\u00e4m\u00e4n lis\u00e4ksi Kaikkonen on omaksunut Sipoossa uuden perinteen. H\u00e4n ajaa perheineen iltap\u00e4iv\u00e4ll\u00e4 naapurikuntaan Porvooseen ja Kaikkoset k\u00e4yv\u00e4t paikan p\u00e4\u00e4ll\u00e4 kuuntelemassa my\u00f6s Porvoon joulurauhan julistuksen.<\/p>\n<p class=\"article-body mb-nof-24 px-nof-16\">Aiemmista jouluista Kaikkoselle tulee mieleen joulu varusmiehen\u00e4 1990-luvulla.<\/p>\n<p class=\"article-body mb-nof-24 px-nof-16\">\u2013 Varusmiehist\u00e4 tarvittiin vapaaehtoista joulupukiksi, ja nostinpa k\u00e4teni pystyyn. Se jouluaatto menikin sitten kiert\u00e4en joulupukkina varuskunnan henkil\u00f6kunnan koteja niihin jouluiloa vieden.<\/p>\n<p class=\"article-body mb-nof-24 px-nof-16\">\u2013 Joulua vietet\u00e4\u00e4n monin tavoin. Sekin on hyv\u00e4 muistaa, ettei joulu ole ollenkaan kaikille riemukas perhejuhla. Jouluun voi liitty\u00e4 my\u00f6s vaikeitakin tuntoja tai tilanteita. Toivon kuitenkin, ett\u00e4 kaikkien suomalaisten syd\u00e4miin l\u00f6ytyy t\u00e4n\u00e4 vuonna ripaus hyv\u00e4\u00e4 joulumielt\u00e4, Kaikkonen toivoo.<\/p>\n<p class=\"article-body mb-nof-24 px-nof-16\">Puheenjohtaja <a class=\"article-personlink\" href=\"https:\/\/www.is.fi\/haku\/?query=Sofia%20Virta\" rel=\"nofollow noopener\" target=\"_blank\">Sofia Virta<\/a> (vihr) viett\u00e4\u00e4 joulun perheens\u00e4 ja l\u00e4heistens\u00e4 kanssa Varsinais-Suomessa.<\/p>\n<p class=\"article-body mb-nof-24 px-nof-16\">Virran jouluun kuuluvat muun muassa lapsenmieli ja Rappakalja-peli.<\/p>\n<p class=\"article-body mb-nof-24 px-nof-16\">\u2013 Olen aiemmassa ty\u00f6el\u00e4m\u00e4ss\u00e4 viett\u00e4nyt jouluja ty\u00f6vuoroissa ja osaan arvostaa todella paljon, kun joulu on vapaa. Rakastan heitt\u00e4yty\u00e4 mukaan lapsen joulutunnelmaan, sy\u00f6d\u00e4 hyvin ja pelata lautapelej\u00e4 l\u00e4pi y\u00f6n.<\/p>\n<p class=\"article-body mb-nof-24 px-nof-16\">\u2013 Rappakalja-peli on saanut lapsuudesta saakka minut ja veljet aivan sekaisin huonon huumorin \u00e4\u00e4rell\u00e4 \u2013 naurattaa joka vuosi yht\u00e4 paljon, ja \u00e4iti raukka katsoo sit\u00e4 show&#8217;ta joulusta toiseen, Virta kuvailee.<\/p>\n<p><img decoding=\"async\" src=\"https:\/\/www.europesays.com\/fi\/wp-content\/uploads\/2025\/12\/1766573777_709_468.jpg\" alt=\"Sofia Virran jouluun kuuluu Rappakalja-peli veljien kanssa huonon huumorin s\u00e4est\u00e4m\u00e4n\u00e4. T\u00e4n\u00e4 jouluna Virran alle vuoden ik\u00e4inen Urho-koira j\u00e4rjesti yll\u00e4tyksen\" class=\"_Img_1rerz_1\" style=\"aspect-ratio:1.5\" loading=\"eager\"\/><\/p>\n<p class=\"article-picture-caption\">Sofia Virran jouluun kuuluu Rappakalja-peli veljien kanssa huonon huumorin s\u00e4est\u00e4m\u00e4n\u00e4. T\u00e4n\u00e4 jouluna Virran alle vuoden ik\u00e4inen Urho-koira j\u00e4rjesti yll\u00e4tyksen Kuva:\u00a0Petteri Tuohinen \/ HS<\/p>\n<p class=\"article-body mb-nof-24 px-nof-16\">Virta kertoo, ett\u00e4 aiemmin h\u00e4n on suorittanut joulujaan ja yritt\u00e4nyt saada kaikki valmiiksi ja t\u00e4ydelliseksi.<\/p>\n<p class=\"article-body mb-nof-24 px-nof-16\">\u2013 Onneksi olen pikkuhiljaa oppinut, ett\u00e4 v\u00e4hempikin riitt\u00e4\u00e4 ja lopulta l\u00e4sn\u00e4olo on se mik\u00e4 merkitsee eniten.<\/p>\n<p class=\"article-body mb-nof-24 px-nof-16\">T\u00e4n\u00e4 vuonna Virran jouluvalmisteluihin oman pikantin lis\u00e4ns\u00e4 on tuonut perheen koira, Urho, joka on langennut varastelemaan herkkuja.<\/p>\n<p class=\"article-body mb-nof-24 px-nof-16\">\u2013 T\u00e4m\u00e4 on my\u00f6s Urho-koiran ensimm\u00e4inen joulu. Koska se on maailman ahnein koira, saamme olla tarkkana jouluruokien suojaamisen suhteen. Urho oli ty\u00f6p\u00e4iv\u00e4n aikana onnistunut sy\u00f6m\u00e4\u00e4n kaikki minun ja lapsen etuk\u00e4teen tekem\u00e4t ja koristelemat piparit, Virta kuivailee Urhon mielitekoja.<\/p>\n<p class=\"article-body mb-nof-24 px-nof-16\">Virran jouluista h\u00e4nen mieleens\u00e4 ovat piirtyneet ty\u00f6joulut, jolloin h\u00e4n oli t\u00f6iss\u00e4 lastensuojelussa.<\/p>\n<p class=\"article-body mb-nof-24 px-nof-16\">\u2013 Joulu ei ole kaikille iloa ja valoa, vaikka jokainen lapsi ansaitsisi turvallisen joulun. Muistan kuitenkin miten hienoa oli saada tarjota lapsille uusia, hyvi\u00e4 kokemuksia joulusta. Ty\u00f6ntekij\u00e4t lastensuojelussa tai esimerkiksi sijaisperheiss\u00e4 tekev\u00e4t korvaamatonta ty\u00f6t\u00e4, my\u00f6s jouluisin, Virta muistuttaa.<\/p>\n<p class=\"article-body mb-nof-24 px-nof-16\">IS kysyi jouluviikolla joulumuistoja my\u00f6s puheenjohtaja <a class=\"article-personlink\" href=\"https:\/\/www.is.fi\/haku\/?query=Riikka%20Purralta\" rel=\"nofollow noopener\" target=\"_blank\">Riikka Purralta<\/a> (ps) ja<a class=\"article-personlink\" href=\"https:\/\/www.is.fi\/haku\/?query=%20Minja%20Koskelalta\" rel=\"nofollow noopener\" target=\"_blank\"> Minja Koskelalta<\/a> (vas).<\/p>\n<p class=\"article-body mb-nof-24 px-nof-16\">Purra oli vet\u00e4ytynyt joulunviettoon ja Koskela ei vastannut IS:n yhteydenottopyynt\u00f6\u00f6n.<\/p>\n","protected":false},"excerpt":{"rendered":"Er\u00e4s pelasti kotikaupunkinsa joulurauhan julistuksen, toinen yritti ep\u00e4toivoisesti p\u00e4\u00e4st\u00e4 Dubaihin ja kolmas joutui joulupukiksi. Lue tiivistelm\u00e4 Suomen puoluejohtajat&hellip;\n","protected":false},"author":2,"featured_media":124761,"comment_status":"","ping_status":"","sticky":false,"template":"","format":"standard","meta":{"footnotes":""},"categories":[12],"tags":[22,23,26,27,33,31,30,17,34,24,25,28,29,15,18,21,32,19,20,16],"class_list":{"0":"post-124760","1":"post","2":"type-post","3":"status-publish","4":"format-standard","5":"has-post-thumbnail","7":"category-suomi","8":"tag-breaking-news","9":"tag-breakingnews","10":"tag-featured-news","11":"tag-featurednews","12":"tag-fi","13":"tag-finland","14":"tag-finnish","15":"tag-headlines","16":"tag-ilta-sanomat","17":"tag-latest-news","18":"tag-latestnews","19":"tag-main-news","20":"tag-mainnews","21":"tag-news","22":"tag-otsikot","23":"tag-paauutiset","24":"tag-suomi","25":"tag-top-stories","26":"tag-topstories","27":"tag-uutiset"},"share_on_mastodon":{"url":"https:\/\/pubeurope.com\/@fi\/115774186252407240","error":""},"_links":{"self":[{"href":"https:\/\/www.europesays.com\/fi\/wp-json\/wp\/v2\/posts\/124760","targetHints":{"allow":["GET"]}}],"collection":[{"href":"https:\/\/www.europesays.com\/fi\/wp-json\/wp\/v2\/posts"}],"about":[{"href":"https:\/\/www.europesays.com\/fi\/wp-json\/wp\/v2\/types\/post"}],"author":[{"embeddable":true,"href":"https:\/\/www.europesays.com\/fi\/wp-json\/wp\/v2\/users\/2"}],"replies":[{"embeddable":true,"href":"https:\/\/www.europesays.com\/fi\/wp-json\/wp\/v2\/comments?post=124760"}],"version-history":[{"count":0,"href":"https:\/\/www.europesays.com\/fi\/wp-json\/wp\/v2\/posts\/124760\/revisions"}],"wp:featuredmedia":[{"embeddable":true,"href":"https:\/\/www.europesays.com\/fi\/wp-json\/wp\/v2\/media\/124761"}],"wp:attachment":[{"href":"https:\/\/www.europesays.com\/fi\/wp-json\/wp\/v2\/media?parent=124760"}],"wp:term":[{"taxonomy":"category","embeddable":true,"href":"https:\/\/www.europesays.com\/fi\/wp-json\/wp\/v2\/categories?post=124760"},{"taxonomy":"post_tag","embeddable":true,"href":"https:\/\/www.europesays.com\/fi\/wp-json\/wp\/v2\/tags?post=124760"}],"curies":[{"name":"wp","href":"https:\/\/api.w.org\/{rel}","templated":true}]}}