{"id":124762,"date":"2025-12-24T10:57:11","date_gmt":"2025-12-24T10:57:11","guid":{"rendered":"https:\/\/www.europesays.com\/fi\/124762\/"},"modified":"2025-12-24T10:57:11","modified_gmt":"2025-12-24T10:57:11","slug":"jalankulkija-loukkaantui-vakavasti-siilinjarvella-mtv-uutiset","status":"publish","type":"post","link":"https:\/\/www.europesays.com\/fi\/124762\/","title":{"rendered":"Jalankulkija loukkaantui vakavasti Siilinj\u00e4rvell\u00e4 | MTV Uutiset"},"content":{"rendered":"<p><strong class=\"typography-bold\">Poliisin mukaan lumisade teki ajokelist\u00e4 haastavan.\u00a0<\/strong><strong class=\"typography-bold\">\u00a0<\/strong><\/p>\n<p>Onnettomuus tapahtui Siilinj\u00e4rven Varpaisj\u00e4rventiell\u00e4 noin kello 07.45.\u00a0\u00a0<\/p>\n<p>Varpaisj\u00e4rventiet\u00e4 Siilinj\u00e4rven suuntaan ajanut henkil\u00f6auto t\u00f6rm\u00e4si jalankulkijaan. Autoilija ilmoitti onnettomuudesta h\u00e4t\u00e4keskukseen.\u00a0<\/p>\n<p>Poliisin mukaan lumisade teki ajokelist\u00e4 haastavan.\u00a0\u00a0<\/p>\n<p>Jalankulkija loukkaantui onnettomuudessa vakavasti ja h\u00e4net on kuljetettu sairaalaan Kuopioon.\u00a0\u00a0<\/p>\n<p>Liikenne onnettomuuspaikalla oli hetken aikaa poikki.\u00a0<\/p>\n","protected":false},"excerpt":{"rendered":"Poliisin mukaan lumisade teki ajokelist\u00e4 haastavan.\u00a0\u00a0 Onnettomuus tapahtui Siilinj\u00e4rven Varpaisj\u00e4rventiell\u00e4 noin kello 07.45.\u00a0\u00a0 Varpaisj\u00e4rventiet\u00e4 Siilinj\u00e4rven suuntaan ajanut henkil\u00f6auto&hellip;\n","protected":false},"author":2,"featured_media":110580,"comment_status":"","ping_status":"","sticky":false,"template":"","format":"standard","meta":{"footnotes":""},"categories":[5],"tags":[22,23,26,27,33,31,30,17,24,25,28,29,15,18,21,32,19,20,16],"class_list":{"0":"post-124762","1":"post","2":"type-post","3":"status-publish","4":"format-standard","5":"has-post-thumbnail","7":"category-otsikot","8":"tag-breaking-news","9":"tag-breakingnews","10":"tag-featured-news","11":"tag-featurednews","12":"tag-fi","13":"tag-finland","14":"tag-finnish","15":"tag-headlines","16":"tag-latest-news","17":"tag-latestnews","18":"tag-main-news","19":"tag-mainnews","20":"tag-news","21":"tag-otsikot","22":"tag-paauutiset","23":"tag-suomi","24":"tag-top-stories","25":"tag-topstories","26":"tag-uutiset"},"share_on_mastodon":{"url":"https:\/\/pubeurope.com\/@fi\/115774189983646115","error":""},"_links":{"self":[{"href":"https:\/\/www.europesays.com\/fi\/wp-json\/wp\/v2\/posts\/124762","targetHints":{"allow":["GET"]}}],"collection":[{"href":"https:\/\/www.europesays.com\/fi\/wp-json\/wp\/v2\/posts"}],"about":[{"href":"https:\/\/www.europesays.com\/fi\/wp-json\/wp\/v2\/types\/post"}],"author":[{"embeddable":true,"href":"https:\/\/www.europesays.com\/fi\/wp-json\/wp\/v2\/users\/2"}],"replies":[{"embeddable":true,"href":"https:\/\/www.europesays.com\/fi\/wp-json\/wp\/v2\/comments?post=124762"}],"version-history":[{"count":0,"href":"https:\/\/www.europesays.com\/fi\/wp-json\/wp\/v2\/posts\/124762\/revisions"}],"wp:featuredmedia":[{"embeddable":true,"href":"https:\/\/www.europesays.com\/fi\/wp-json\/wp\/v2\/media\/110580"}],"wp:attachment":[{"href":"https:\/\/www.europesays.com\/fi\/wp-json\/wp\/v2\/media?parent=124762"}],"wp:term":[{"taxonomy":"category","embeddable":true,"href":"https:\/\/www.europesays.com\/fi\/wp-json\/wp\/v2\/categories?post=124762"},{"taxonomy":"post_tag","embeddable":true,"href":"https:\/\/www.europesays.com\/fi\/wp-json\/wp\/v2\/tags?post=124762"}],"curies":[{"name":"wp","href":"https:\/\/api.w.org\/{rel}","templated":true}]}}