{"id":124765,"date":"2025-12-24T11:12:08","date_gmt":"2025-12-24T11:12:08","guid":{"rendered":"https:\/\/www.europesays.com\/fi\/124765\/"},"modified":"2025-12-24T11:12:08","modified_gmt":"2025-12-24T11:12:08","slug":"salatut-elamat-tahti-esko-kovero-kinkku-on-joulupoydan-kunkku","status":"publish","type":"post","link":"https:\/\/www.europesays.com\/fi\/124765\/","title":{"rendered":"Salatut el\u00e4m\u00e4t -t\u00e4hti Esko Kovero: Kinkku on joulup\u00f6yd\u00e4n kunkku"},"content":{"rendered":"<p class=\"article-content article-content-width !bg-background\">Rakastettu n\u00e4yttelij\u00e4 <a alt=\"Haku\" class=\"text-primary-red font-extrabold\" href=\"https:\/\/www.seiska.fi\/haku?q=Esko Kovero\" rel=\"nofollow noopener\" target=\"_blank\">Esko Kovero<\/a> on jouluihminen. Joulun h\u00e4n saa viett\u00e4\u00e4 vapaalla, sill\u00e4 Salkkareissa on yli kuukauden mittainen kuvaustauko. Lomalla Esko aikoo ladata akkuja uutta vuotta varten.<\/p>\n<p class=\"article-content article-content-width !bg-background\">Mennein\u00e4 vuosina n\u00e4yttelij\u00e4 oli perheen joulupukki, rooli on siirtynyt\u00a0 jo uudelle sukupolvelle.<\/p>\n<p class=\"article-content article-content-width !bg-background\">\u2013\tMin\u00e4 olen sen taksv\u00e4rkkini jo tehnyt, Esko toteaa Katsolle.<\/p>\n<p class=\"article-content article-content-width !bg-background\">Suunnitteilla on sukujoulu.\u00a0<\/p>\n<p class=\"article-content article-content-width !bg-background\">\u2013\tMeit\u00e4 tulee noin parikymment\u00e4 henkil\u00f6\u00e4 samaan paikkaan. Vuokrataan yhdess\u00e4 tila, jossa vietet\u00e4\u00e4n joulua.<\/p>\n<p>Joulup\u00f6yd\u00e4n kunkku<\/p>\n<p class=\"article-content article-content-width !bg-background\">Eskon joulun yksi t\u00e4rkein elementti aattona on ruoka.<\/p>\n<p class=\"article-content article-content-width !bg-background\">\u2013\tPerinteik\u00e4s kaveri kun olen, niin kyll\u00e4 se kinkku on joulup\u00f6yd\u00e4n kunkku.<\/p>\n<p class=\"article-content article-content-width !bg-background\">My\u00f6s muut perinteiset asiat kuuluvat siihen, kuten joulupukki, joulusauna ja mantelin etsiminen joulupuurosta.<\/p>\n<p class=\"article-content article-content-width !bg-background\">\u2013\tJoulupukilta toivon maailmanrauhaa.<\/p>\n<p class=\"article-content article-content-width !bg-background\">Perinteet kulkevat my\u00f6s tv-ohjelmissa. Esko katsoo joka joulu aina saman ohjelman:<\/p>\n<p class=\"article-content article-content-width !bg-background\">\u2013\tKyll\u00e4 se on se joulurauhan julistus, jonka katson aina.<\/p>\n<p class=\"italic m-italic article-content article-content-width !bg-background\">Salatut el\u00e4m\u00e4t arkisin MTV3-kanavalla ja MTV Katsomossa.\u00a0<\/p>\n","protected":false},"excerpt":{"rendered":"Rakastettu n\u00e4yttelij\u00e4 Esko Kovero on jouluihminen. Joulun h\u00e4n saa viett\u00e4\u00e4 vapaalla, sill\u00e4 Salkkareissa on yli kuukauden mittainen kuvaustauko.&hellip;\n","protected":false},"author":2,"featured_media":124766,"comment_status":"","ping_status":"","sticky":false,"template":"","format":"standard","meta":{"footnotes":""},"categories":[133],"tags":[137,12763,33,31,30,5856,22091,20932,22245,22244,20931,19036,5760,209,12504,4463,32,206,156,109],"class_list":{"0":"post-124765","1":"post","2":"type-post","3":"status-publish","4":"format-standard","5":"has-post-thumbnail","7":"category-televisiot","8":"tag-entertainment","9":"tag-esko-kovero","10":"tag-fi","11":"tag-finland","12":"tag-finnish","13":"tag-joulu","14":"tag-jouluaatto","15":"tag-joulukinkku","16":"tag-joululoma","17":"tag-joulupoyta","18":"tag-jouluruoka","19":"tag-juhla","20":"tag-perinteet","21":"tag-salatut-elamat","22":"tag-salatut-elamat-nayttelija","23":"tag-salkkarit","24":"tag-suomi","25":"tag-televisiot","26":"tag-tv","27":"tag-viihde"},"share_on_mastodon":{"url":"https:\/\/pubeurope.com\/@fi\/115774248906977550","error":""},"_links":{"self":[{"href":"https:\/\/www.europesays.com\/fi\/wp-json\/wp\/v2\/posts\/124765","targetHints":{"allow":["GET"]}}],"collection":[{"href":"https:\/\/www.europesays.com\/fi\/wp-json\/wp\/v2\/posts"}],"about":[{"href":"https:\/\/www.europesays.com\/fi\/wp-json\/wp\/v2\/types\/post"}],"author":[{"embeddable":true,"href":"https:\/\/www.europesays.com\/fi\/wp-json\/wp\/v2\/users\/2"}],"replies":[{"embeddable":true,"href":"https:\/\/www.europesays.com\/fi\/wp-json\/wp\/v2\/comments?post=124765"}],"version-history":[{"count":0,"href":"https:\/\/www.europesays.com\/fi\/wp-json\/wp\/v2\/posts\/124765\/revisions"}],"wp:featuredmedia":[{"embeddable":true,"href":"https:\/\/www.europesays.com\/fi\/wp-json\/wp\/v2\/media\/124766"}],"wp:attachment":[{"href":"https:\/\/www.europesays.com\/fi\/wp-json\/wp\/v2\/media?parent=124765"}],"wp:term":[{"taxonomy":"category","embeddable":true,"href":"https:\/\/www.europesays.com\/fi\/wp-json\/wp\/v2\/categories?post=124765"},{"taxonomy":"post_tag","embeddable":true,"href":"https:\/\/www.europesays.com\/fi\/wp-json\/wp\/v2\/tags?post=124765"}],"curies":[{"name":"wp","href":"https:\/\/api.w.org\/{rel}","templated":true}]}}