{"id":124773,"date":"2025-12-24T11:21:10","date_gmt":"2025-12-24T11:21:10","guid":{"rendered":"https:\/\/www.europesays.com\/fi\/124773\/"},"modified":"2025-12-24T11:21:10","modified_gmt":"2025-12-24T11:21:10","slug":"zelenskyi-toivoo-venajalta-nopeaa-vastausta-rauhansuunnitelmaan-luonnos-vaatii-ukrainalta-muun-muassa-vaaleja","status":"publish","type":"post","link":"https:\/\/www.europesays.com\/fi\/124773\/","title":{"rendered":"Zelenskyi toivoo Ven\u00e4j\u00e4lt\u00e4 nopeaa vastausta rauhansuunnitelmaan \u2013 Luonnos vaatii Ukrainalta muun muassa vaaleja"},"content":{"rendered":"<p>    <img decoding=\"async\" class=\"responsive-image article__image-image lozad\"   src=\"https:\/\/www.europesays.com\/fi\/wp-content\/uploads\/2025\/12\/RBmhQEIEgc8gKGamT3ZDPVfMlkYSCIpUsC1JFGgtZeBkpktcoaG0Aa05hJedz4LUkRbEIYwmaw1iYt3xUyyIfJLCCxp0v3Cm_ozb.jpeg\" alt=\"Ukrainan presidentti Volodymyr Zelenskyi on vaatinut Ven\u00e4j\u00e4\u00e4 vastaamaan rauhansuunnitelman luonnokseen pian.\"\/><\/p>\n<p>\n                Ukrainan presidentti Volodymyr Zelenskyi on vaatinut Ven\u00e4j\u00e4\u00e4 vastaamaan rauhansuunnitelman luonnokseen pian.\n              <\/p>\n<p>\n                Kuva: REMKO DE WAAL \/ AFP \/ Lehtikuva\n              <\/p>\n<p class=\"article__paragraph\">\n      Ukrainan presidentti Volodymyr Zelenskyi sanoo toivovansa, ett\u00e4 Ven\u00e4j\u00e4 vastaa tuoreimpaan rauhansuunnitelmaluonnokseen keskiviikon aikana. H\u00e4nen mukaansa vastaus saadaan, kun neuvotteluissa mukana ollut Yhdysvallat on puhunut Ven\u00e4j\u00e4n kanssa.\n    <\/p>\n<p class=\"article__paragraph\">\n      20-kohtaisesta suunnitelmasta ovat neuvotelleet Ukrainan ja Yhdysvaltojen edustajat. Ven\u00e4j\u00e4 tuskin luopuu tiukoista aluevaatimuksistaan, ja Zelenskyi on my\u00f6nt\u00e4nyt, ettei h\u00e4n itse pid\u00e4 kaikista esityksen kohdista.\n    <\/p>\n<p class=\"article__paragraph\">\n      Ukraina n\u00e4ytt\u00e4\u00e4 kuitenkin onnistuneen muovaamaan Yhdysvaltojen alun perin esitt\u00e4m\u00e4\u00e4 28 kohdan suunnitelmaa, joka noudatti laajalti Ven\u00e4j\u00e4n keskeisi\u00e4 toiveita. Uusimmassa luonnoksessa ei esimerkiksi mainita Yhdysvaltain alkuper\u00e4isess\u00e4 esityksess\u00e4 ollutta vaatimusta siit\u00e4, ett\u00e4 Ukraina kirjaa lakiinsa, ettei se liity sotilasliitto Natoon. Yhdysvallat on tosin pitk\u00e4\u00e4n sanonut, ettei se sallisi Ukrainan liittyv\u00e4n Naton j\u00e4seneksi.\n    <\/p>\n<p class=\"article__paragraph\">\n      Zelenskyi kommentoi luonnosta tiedotusv\u00e4lineille tiistaina, ja kommentit julkaistiin keskiviikkona.\n    <\/p>\n<p>      Ydinvoimalan tilanteesta eri n\u00e4kemyksi\u00e4<\/p>\n<p class=\"article__paragraph\">\n      Zelenskyin mukaan luonnoksessa esimerkiksi m\u00e4\u00e4r\u00e4t\u00e4\u00e4n Ukraina pit\u00e4m\u00e4\u00e4n vaalit heti, kun sopimus on allekirjoitettu. Lis\u00e4ksi luonnos j\u00e4\u00e4dytt\u00e4isi rintamalinjan mutta mahdollistaisi ukrainalaisten joukkojen vet\u00e4ytymisen ja demilitarisoitujen alueiden luomisen.\n    <\/p>\n<p class=\"article__paragraph\">\n      Presidentti kertoo, ett\u00e4 luonnoksessa Zaporizhzhjan ydinvoimalasta vastaisivat Ukraina, Yhdysvallat ja Ven\u00e4j\u00e4 yhdess\u00e4. Ukraina ei pid\u00e4 t\u00e4t\u00e4 sopivana eik\u00e4 t\u00e4ysin realistisena, sill\u00e4 Zelenskyi ei halua voimalaa ven\u00e4l\u00e4isten valvontaan.\n    <\/p>\n<p class=\"article__paragraph\">\n      Zelenskyin mukaan mink\u00e4 tahansa suunnitelman, joka edellytt\u00e4\u00e4 Ukrainan vet\u00e4ytymist\u00e4, on l\u00e4p\u00e4ist\u00e4v\u00e4 kansan\u00e4\u00e4nestys Ukrainassa.\n    <\/p>\n<p class=\"article__paragraph\">\n      Luonnoksessa mainitaan my\u00f6s esimerkiksi kiinni otettujen siviilien ja sotavankien vapauttaminen. Lis\u00e4ksi kumpikin maa sitoutuisi perustamaan koulutusohjelmia, jotka lis\u00e4\u00e4v\u00e4t kulttuurista ymm\u00e4rryst\u00e4 ja suvaitsevaisuutta sek\u00e4 pyrkiv\u00e4t v\u00e4hent\u00e4m\u00e4\u00e4n rasismia ja ennakkoluuloja. Ukrainan olisi my\u00f6s esimerkiksi suojeltava v\u00e4hemmist\u00f6kielten asemaa.\n    <\/p>\n","protected":false},"excerpt":{"rendered":"Ukrainan presidentti Volodymyr Zelenskyi on vaatinut Ven\u00e4j\u00e4\u00e4 vastaamaan rauhansuunnitelman luonnokseen pian. Kuva: REMKO DE WAAL \/ AFP \/&hellip;\n","protected":false},"author":2,"featured_media":124774,"comment_status":"","ping_status":"","sticky":false,"template":"","format":"standard","meta":{"footnotes":""},"categories":[14],"tags":[22,23,26,27,33,31,30,17,24,25,28,29,15,18,21,32,19,20,56,16,59,60,61],"class_list":{"0":"post-124773","1":"post","2":"type-post","3":"status-publish","4":"format-standard","5":"has-post-thumbnail","7":"category-ulkomaat","8":"tag-breaking-news","9":"tag-breakingnews","10":"tag-featured-news","11":"tag-featurednews","12":"tag-fi","13":"tag-finland","14":"tag-finnish","15":"tag-headlines","16":"tag-latest-news","17":"tag-latestnews","18":"tag-main-news","19":"tag-mainnews","20":"tag-news","21":"tag-otsikot","22":"tag-paauutiset","23":"tag-suomi","24":"tag-top-stories","25":"tag-topstories","26":"tag-ulkomaat","27":"tag-uutiset","28":"tag-world","29":"tag-world-news","30":"tag-worldnews"},"share_on_mastodon":{"url":"https:\/\/pubeurope.com\/@fi\/115774284660423520","error":""},"_links":{"self":[{"href":"https:\/\/www.europesays.com\/fi\/wp-json\/wp\/v2\/posts\/124773","targetHints":{"allow":["GET"]}}],"collection":[{"href":"https:\/\/www.europesays.com\/fi\/wp-json\/wp\/v2\/posts"}],"about":[{"href":"https:\/\/www.europesays.com\/fi\/wp-json\/wp\/v2\/types\/post"}],"author":[{"embeddable":true,"href":"https:\/\/www.europesays.com\/fi\/wp-json\/wp\/v2\/users\/2"}],"replies":[{"embeddable":true,"href":"https:\/\/www.europesays.com\/fi\/wp-json\/wp\/v2\/comments?post=124773"}],"version-history":[{"count":0,"href":"https:\/\/www.europesays.com\/fi\/wp-json\/wp\/v2\/posts\/124773\/revisions"}],"wp:featuredmedia":[{"embeddable":true,"href":"https:\/\/www.europesays.com\/fi\/wp-json\/wp\/v2\/media\/124774"}],"wp:attachment":[{"href":"https:\/\/www.europesays.com\/fi\/wp-json\/wp\/v2\/media?parent=124773"}],"wp:term":[{"taxonomy":"category","embeddable":true,"href":"https:\/\/www.europesays.com\/fi\/wp-json\/wp\/v2\/categories?post=124773"},{"taxonomy":"post_tag","embeddable":true,"href":"https:\/\/www.europesays.com\/fi\/wp-json\/wp\/v2\/tags?post=124773"}],"curies":[{"name":"wp","href":"https:\/\/api.w.org\/{rel}","templated":true}]}}