{"id":124784,"date":"2025-12-24T11:43:08","date_gmt":"2025-12-24T11:43:08","guid":{"rendered":"https:\/\/www.europesays.com\/fi\/124784\/"},"modified":"2025-12-24T11:43:08","modified_gmt":"2025-12-24T11:43:08","slug":"herttuatar-meghan-pitaa-ylla-hovissa-oppimaansa-jouluperinnetta","status":"publish","type":"post","link":"https:\/\/www.europesays.com\/fi\/124784\/","title":{"rendered":"Herttuatar Meghan pit\u00e4\u00e4 yll\u00e4 hovissa oppimaansa jouluperinnett\u00e4"},"content":{"rendered":"<p>            All Over Press\n        <\/p>\n<p class=\"subtitle \">Meghan ehti viett\u00e4\u00e4 kaksi kuninkaallista joulua Sandringhamissa.<\/p>\n<p class=\"article-content article-content-width !bg-background\">Sussexin herttuatar , 44, pit\u00e4\u00e4 ainakin yht\u00e4 brittil\u00e4ist\u00e4 jouluperinnett\u00e4 elossa.<\/p>\n<p class=\"article-content article-content-width !bg-background\">Sussexin herttuattaren Netflix-erikoisohjelma With Love, Meghan: Holiday Celebration julkaistiin keskiviikkona 3. joulukuuta. Jouluisessa, tunnin mittaisessa jaksossa Meghan jakaa joukon suosikkivinkkej\u00e4\u00e4n ja -niksej\u00e4\u00e4n juhlistamiseen ja vieraiden kestitsemiseen.<\/p>\n<p class=\"article-content article-content-width !bg-background\">Yhdess\u00e4 jakson osiossa Meghan saa seurakseen ravintoloitsija . Kaksikko tekee yhdess\u00e4 brittil\u00e4iseen jouluperinteeseen kuuluvia paukkukarkkeja.<\/p>\n<p>        <a itemprop=\"url\" href=\"https:\/\/www.seiska.fi\/kuninkaalliset\/herttuatar-meghan-rikkoi-hiljaisuuden-isa-yha-sairaalassa\/2014480\" rel=\"nofollow noopener\" target=\"_blank\"><\/p>\n<p>\nIs\u00e4 yh\u00e4 sairaalassa\n<\/p>\n<p class=\"section-date\">\n        <strong class=\"article-section\" data-section=\"kuninkaalliset\"><br \/>\n            kuninkaalliset<br \/>\n        <\/strong><br \/>\n        8.12. 11:56\n    <\/p>\n<p>Herttuatar Meghan rikkoi hiljaisuuden \u2013 is\u00e4 yh\u00e4 sairaalassa\n    <\/p>\n<p itemprop=\"description\" class=\"subtitle \">\n    Herttuattaren edustaja kommentoi perheen tilannetta.\n<\/p>\n<p>        <\/a><\/p>\n<p>Brittikulttuuria joulukesteihin<\/p>\n<p class=\"article-content article-content-width !bg-background\">Paukkukarkki koostuu lahjapaperiin k\u00e4\u00e4rityst\u00e4 pahviputkesta, joka on sidottu kiinni molemmista p\u00e4ist\u00e4. Kun p\u00e4ist\u00e4 vedet\u00e4\u00e4n, karkin sis\u00e4ll\u00e4 oleva paperisuikale napsahtaa, jolloin putki halkeaa kahtia ja sis\u00e4lt\u00e4 paljastuu makeinen tai viesti sek\u00e4 perinteisesti paperikruunu, jonka voittaja saa p\u00e4\u00e4h\u00e4ns\u00e4.<\/p>\n<p class=\"article-content article-content-width !bg-background\"> \u2013 Kun asuin Yhdistyneess\u00e4 kuningaskunnassa, se oli niin iso osa kulttuuria, Meghan kertoo.\u00a0<\/p>\n<p class=\"article-content article-content-width !bg-background\"> \u2013 Ihmiset istuvat p\u00f6yd\u00e4n \u00e4\u00e4ress\u00e4 ja vet\u00e4v\u00e4t kaikki samaan aikaan\u2026 Se tuntuu todella yhdist\u00e4v\u00e4lt\u00e4 ja suloiselta. Min\u00e4 opin tuntemaan perinteen niin, ett\u00e4 karkeissa oli aina sis\u00e4ll\u00e4 onnenkeksin kokoinen vitsi tai arvoitus ja jotakin makeaa.<\/p>\n<p>        <a itemprop=\"url\" href=\"https:\/\/www.seiska.fi\/kuninkaalliset\/sisapiiritietoa-prinsessa-catherinen-ja-prinssi-harryn-valeista\/1903279\" rel=\"nofollow noopener\" target=\"_blank\"><\/p>\n<p>\nHarry ja Catherine\n<\/p>\n<p class=\"section-date\">\n        <strong class=\"article-section\" data-section=\"kuninkaalliset\"><br \/>\n            kuninkaalliset<br \/>\n        <\/strong><br \/>\n        19.8. 08:00\n    <\/p>\n<p>Sis\u00e4piiritietoa prinsessa Catherinen ja prinssi Harryn v\u00e4leist\u00e4\n    <\/p>\n<p itemprop=\"description\" class=\"subtitle \">\n    Harryn ja Williamin riita on vaikuttanut koko perheeseen.\n<\/p>\n<p>        <\/a><\/p>\n<p class=\"article-content article-content-width !bg-background\">Meghan ehti kokea kaksi kuninkaallisen perheen joulua Sandringhamissa: vuonna 2017 kihlauksensa j\u00e4lkeen  kanssa ja uudelleen vuonna 2018. Vuoden 2019 joulun Harry ja Meghan viettiv\u00e4t Kanadassa. Pari vet\u00e4ytyi kuninkaallisista teht\u00e4vist\u00e4\u00e4n vuonna 2020.<\/p>\n<p class=\"article-content article-content-width !bg-background\">Kuninkaallinen perhe on pitk\u00e4\u00e4n vaalinut paukkukarkkeja osana perinteist\u00e4 joulunviettoa. Edesmennyt kuningatar  rakasti kertoman mukaan lukea \u00e4\u00e4neen k\u00f6mpel\u00f6it\u00e4 vitsej\u00e4 kuninkaallisen perheen joululounaalla Sandringhamissa.<\/p>\n<p>Henkil\u00f6kohtaisia pikkulahjoja<\/p>\n<p class=\"article-content article-content-width !bg-background\">Kotitekoisiin paukkukarkkeihin Meghan lis\u00e4si jokaiselle perheenj\u00e4senelle tarkoitettuun karkkiin henkil\u00f6kohtaisen silauksen. Harryn omassa on pieni rakkauskirje, suklaa ja pikkuhattu, kun taas prinssi , 6, paukkukarkki keskittyy kahteen h\u00e4nen lempiasiaansa: hampurilaisiin ja punaiseen v\u00e4riin.<\/p>\n<p class=\"article-content article-content-width !bg-background\">Prinsessa , 4, kohdalla \u00e4iti muisti yht\u00e4 h\u00e4nen t\u00e4m\u00e4nhetkisist\u00e4 kiinnostuksenkohteistaan.\u00a0<\/p>\n<p class=\"article-content article-content-width !bg-background\"> \u2013 Lili haluaa juuri nyt kovasti olla aikuinen nainen, joten t\u00e4ss\u00e4 on laventelinen roll-on-pullo, Meghan sanoo jaksossa.<\/p>\n<p>        <a itemprop=\"url\" href=\"https:\/\/www.seiska.fi\/kuninkaalliset\/prinsessa-catherinelta-uskomaton-kadenojennus-meghanille\/1859510\" rel=\"nofollow noopener\" target=\"_blank\"><\/p>\n<p>\nK\u00e4denojennus Meghanille\n<\/p>\n<p class=\"section-date\">\n        <strong class=\"article-section\" data-section=\"kuninkaalliset\"><br \/>\n            kuninkaalliset<br \/>\n        <\/strong><br \/>\n        13.7. 09:30\n    <\/p>\n<p>Prinsessa Catherinelta uskomaton k\u00e4denojennus Meghanille\n    <\/p>\n<p itemprop=\"description\" class=\"subtitle \">\n    Sopu tulossa?\n<\/p>\n<p>        <\/a><\/p>\n<p class=\"article-content article-content-width !bg-background\">With Love, Meghanin jouluinen erikoisjakso ajoittui samaan aikaan Meghanin lifestyle-br\u00e4ndin As everin ensimm\u00e4isen joulumalliston julkaisun kanssa.\u00a0<\/p>\n<p class=\"article-content article-content-width !bg-background\">Uutuusmallisto sis\u00e4lt\u00e4\u00e4 kuohuviinej\u00e4, k\u00e4sin valettuja kynttil\u00f6it\u00e4, artesaanihedelm\u00e4levitteit\u00e4 ja kalifornialaista hunajaa.<\/p>\n","protected":false},"excerpt":{"rendered":"All Over Press Meghan ehti viett\u00e4\u00e4 kaksi kuninkaallista joulua Sandringhamissa. Sussexin herttuatar , 44, pit\u00e4\u00e4 ainakin yht\u00e4 brittil\u00e4ist\u00e4&hellip;\n","protected":false},"author":2,"featured_media":124785,"comment_status":"","ping_status":"","sticky":false,"template":"","format":"standard","meta":{"footnotes":""},"categories":[130],"tags":[1721,4257,137,33,31,30,1383,4256,5856,20271,212,1384,22248,4301,1416,32,109],"class_list":{"0":"post-124784","1":"post","2":"type-post","3":"status-publish","4":"format-standard","5":"has-post-thumbnail","7":"category-viihde","8":"tag-brittihovi","9":"tag-englannin-kuninkaallinen-perhe","10":"tag-entertainment","11":"tag-fi","12":"tag-finland","13":"tag-finnish","14":"tag-herttuatar-meghan","15":"tag-ison-britannian-hovi","16":"tag-joulu","17":"tag-jouluperinne","18":"tag-lifestyle","19":"tag-meghan-markle","20":"tag-paukkukarkit","21":"tag-perinne","22":"tag-prinssi-harry","23":"tag-suomi","24":"tag-viihde"},"share_on_mastodon":{"url":"https:\/\/pubeurope.com\/@fi\/115774370857139825","error":""},"_links":{"self":[{"href":"https:\/\/www.europesays.com\/fi\/wp-json\/wp\/v2\/posts\/124784","targetHints":{"allow":["GET"]}}],"collection":[{"href":"https:\/\/www.europesays.com\/fi\/wp-json\/wp\/v2\/posts"}],"about":[{"href":"https:\/\/www.europesays.com\/fi\/wp-json\/wp\/v2\/types\/post"}],"author":[{"embeddable":true,"href":"https:\/\/www.europesays.com\/fi\/wp-json\/wp\/v2\/users\/2"}],"replies":[{"embeddable":true,"href":"https:\/\/www.europesays.com\/fi\/wp-json\/wp\/v2\/comments?post=124784"}],"version-history":[{"count":0,"href":"https:\/\/www.europesays.com\/fi\/wp-json\/wp\/v2\/posts\/124784\/revisions"}],"wp:featuredmedia":[{"embeddable":true,"href":"https:\/\/www.europesays.com\/fi\/wp-json\/wp\/v2\/media\/124785"}],"wp:attachment":[{"href":"https:\/\/www.europesays.com\/fi\/wp-json\/wp\/v2\/media?parent=124784"}],"wp:term":[{"taxonomy":"category","embeddable":true,"href":"https:\/\/www.europesays.com\/fi\/wp-json\/wp\/v2\/categories?post=124784"},{"taxonomy":"post_tag","embeddable":true,"href":"https:\/\/www.europesays.com\/fi\/wp-json\/wp\/v2\/tags?post=124784"}],"curies":[{"name":"wp","href":"https:\/\/api.w.org\/{rel}","templated":true}]}}