{"id":124793,"date":"2025-12-24T12:03:10","date_gmt":"2025-12-24T12:03:10","guid":{"rendered":"https:\/\/www.europesays.com\/fi\/124793\/"},"modified":"2025-12-24T12:03:10","modified_gmt":"2025-12-24T12:03:10","slug":"brittilainen-superahti-sampo-kaulasen-resortissa","status":"publish","type":"post","link":"https:\/\/www.europesays.com\/fi\/124793\/","title":{"rendered":"Brittil\u00e4inen super\u00e4hti Sampo Kaulasen resortissa!"},"content":{"rendered":"<p>Sampo Kaulanen avasi pitk\u00e4\u00e4n ja hartaasti rakennetun lomakyl\u00e4ns\u00e4 J\u00e4nk\u00e4 Resortin ennen joulua ja kertoi, ett\u00e4 m\u00f6kit ovat mukavasti varattuja jo joksikin aikaa.<\/p>\n<p>Nyt tihkuu tietoa siit\u00e4, ett\u00e4 brittil\u00e4inen supert\u00e4hti olisi tullut resortiin jouluvieraaksi.<\/p>\n<p>Asia k\u00e4y ilmi h\u00e4nen someen jakamistaan useista videoista, joissa esiintyy my\u00f6s Sampo itse sek\u00e4 h\u00e4nen vaimonsa, Michele.<\/p>\n<p>Monista ohjelmista tuttu<\/p>\n<p>Kuka on sitten kyseess\u00e4?<\/p>\n<p>Gemma Collins! H\u00e4n on brittil\u00e4inen mediapersoona, yritt\u00e4j\u00e4 ja tosi-tv-t\u00e4hti, joka tuli kuuluisaksi ohjelmasta The Only Way Is Essex (TOWIE). H\u00e4net tunnetaan my\u00f6s lempinimell\u00e4 \u201dThe GC\u201d ja h\u00e4n on esiintynyt useissa muissa brittil\u00e4isiss\u00e4 reality-ohjelmissa, kuten I\u2019m a Celebrity\u2026 Get Me Out of Here!, Celebrity Big Brother ja Dancing on Ice, sek\u00e4 t\u00e4hditt\u00e4nyt omia ohjelmiaan, kuten Gemma Collins: Diva.<\/p>\n<p>Gemmalla on kaksi miljoonaa seuraajaa, joten mainos on Sampolle mieluinen. Ehk\u00e4p\u00e4 Sampo on kutsunut Gemman vieraakseen ja maksanut matkat, mene ja tied\u00e4.<\/p>\n<p>Katso kuvia <a href=\"https:\/\/www.instagram.com\/p\/DSovU3JDO2O\/\" rel=\"nofollow noopener\" target=\"_blank\">t\u00e4st\u00e4<\/a> ja <a href=\"https:\/\/www.instagram.com\/p\/DSjpioTjG7B\/\" rel=\"nofollow noopener\" target=\"_blank\">t\u00e4st\u00e4 <\/a>tai alta.<\/p>\n<p>Lue my\u00f6s: <a href=\"https:\/\/www.como.fi\/tilaa-comon-uutiskirje\/\" title=\"Tilaa Comon uutiskirje ja tied\u00e4t mist\u00e4 kahvitauolla puhutaan! Nappaa kotimaan tv-vinkit ja puheenaiheet suoraan s\u00e4hk\u00f6postiin t\u00e4st\u00e4.\" class=\"underline-custom !font-montserrat !font-bold !underline-offset-4 !decoration-4 !decoration-red-600 !text-md\" rel=\"nofollow noopener\" target=\"_blank\">Tilaa Comon uutiskirje ja tied\u00e4t mist\u00e4 kahvitauolla puhutaan! Nappaa kotimaan tv-vinkit ja puheenaiheet suoraan s\u00e4hk\u00f6postiin t\u00e4st\u00e4.<\/a><\/p>\n<p>\t\t\t<script async src=\"\/\/www.instagram.com\/embed.js\"><\/script><\/p>\n","protected":false},"excerpt":{"rendered":"Sampo Kaulanen avasi pitk\u00e4\u00e4n ja hartaasti rakennetun lomakyl\u00e4ns\u00e4 J\u00e4nk\u00e4 Resortin ennen joulua ja kertoi, ett\u00e4 m\u00f6kit ovat mukavasti&hellip;\n","protected":false},"author":2,"featured_media":124794,"comment_status":"","ping_status":"","sticky":false,"template":"","format":"standard","meta":{"footnotes":""},"categories":[136],"tags":[407,137,33,31,30,408,22250,2922,32,109],"class_list":{"0":"post-124793","1":"post","2":"type-post","3":"status-publish","4":"format-standard","5":"has-post-thumbnail","7":"category-julkkikset","8":"tag-celebrities","9":"tag-entertainment","10":"tag-fi","11":"tag-finland","12":"tag-finnish","13":"tag-julkkikset","14":"tag-michele-minttu-kaulanen","15":"tag-sampo-kaulanen","16":"tag-suomi","17":"tag-viihde"},"share_on_mastodon":{"url":"https:\/\/pubeurope.com\/@fi\/115774449526320918","error":""},"_links":{"self":[{"href":"https:\/\/www.europesays.com\/fi\/wp-json\/wp\/v2\/posts\/124793","targetHints":{"allow":["GET"]}}],"collection":[{"href":"https:\/\/www.europesays.com\/fi\/wp-json\/wp\/v2\/posts"}],"about":[{"href":"https:\/\/www.europesays.com\/fi\/wp-json\/wp\/v2\/types\/post"}],"author":[{"embeddable":true,"href":"https:\/\/www.europesays.com\/fi\/wp-json\/wp\/v2\/users\/2"}],"replies":[{"embeddable":true,"href":"https:\/\/www.europesays.com\/fi\/wp-json\/wp\/v2\/comments?post=124793"}],"version-history":[{"count":0,"href":"https:\/\/www.europesays.com\/fi\/wp-json\/wp\/v2\/posts\/124793\/revisions"}],"wp:featuredmedia":[{"embeddable":true,"href":"https:\/\/www.europesays.com\/fi\/wp-json\/wp\/v2\/media\/124794"}],"wp:attachment":[{"href":"https:\/\/www.europesays.com\/fi\/wp-json\/wp\/v2\/media?parent=124793"}],"wp:term":[{"taxonomy":"category","embeddable":true,"href":"https:\/\/www.europesays.com\/fi\/wp-json\/wp\/v2\/categories?post=124793"},{"taxonomy":"post_tag","embeddable":true,"href":"https:\/\/www.europesays.com\/fi\/wp-json\/wp\/v2\/tags?post=124793"}],"curies":[{"name":"wp","href":"https:\/\/api.w.org\/{rel}","templated":true}]}}