{"id":124799,"date":"2025-12-24T12:11:09","date_gmt":"2025-12-24T12:11:09","guid":{"rendered":"https:\/\/www.europesays.com\/fi\/124799\/"},"modified":"2025-12-24T12:11:09","modified_gmt":"2025-12-24T12:11:09","slug":"valkeakoskelainen-mikael-jaaneva-sairastui-parantumattomaan-syopaan-mutta-ei-luovuta","status":"publish","type":"post","link":"https:\/\/www.europesays.com\/fi\/124799\/","title":{"rendered":"Valkeakoskelainen Mikael J\u00e4\u00e4neva sairastui parantumattomaan sy\u00f6p\u00e4\u00e4n, mutta ei luovuta"},"content":{"rendered":"<p><img decoding=\"async\" src=\"https:\/\/www.europesays.com\/fi\/wp-content\/uploads\/2025\/12\/1766578269_200_978.jpg\" alt=\"Kun kipujen vuoksi uni ei tule y\u00f6ll\u00e4, on valkeakoskelainen Mikael J\u00e4\u00e4neva jutellut puhelimessa y\u00f6t\u00f6it\u00e4 tekev\u00e4n poikansa kanssa.\" class=\"_Img_1rerz_1\" style=\"aspect-ratio:0.6666666666666666\" loading=\"eager\"\/><\/p>\n<p class=\"article-picture-caption\">Kun kipujen vuoksi uni ei tule y\u00f6ll\u00e4, on valkeakoskelainen Mikael J\u00e4\u00e4neva jutellut puhelimessa y\u00f6t\u00f6it\u00e4 tekev\u00e4n poikansa kanssa. Kuva:\u00a0Eelis Hirvel\u00e4 \/ Valkeakosken Sanomat<\/p>\n<p>Valkeakoskelainen Mikael J\u00e4\u00e4neva t\u00e4ytti helmikuussa 60 vuotta ja kyykk\u00e4si 220 kiloa. Nyt osoitteena on \u201dkuolemanleiri osa kaksi\u201d juhannuksena saadun parantumattoman sy\u00f6p\u00e4diagnoosin vuoksi. Valkeakosken Sanomat julkaisee joulun aikana loppuvuoden parhaita juttujaan. T\u00e4m\u00e4 juttu on julkaistu ensimm\u00e4isen kerran 16. lokakuuta 2025.<\/p>\n<p class=\"article-body mb-nof-24 px-nof-16\">Puhelimen ruudulla mies laulaa karaokea ihmish\u00e4lin\u00e4n keskell\u00e4. K\u00e4ynniss\u00e4 ovat laulajan, valkeakoskelaisen <a class=\"article-personlink\" href=\"https:\/\/www.valkeakoskensanomat.fi\/haku\/?query=Mikael%20J%C3%A4%C3%A4nevan\" rel=\"nofollow noopener\" target=\"_blank\">Mikael J\u00e4\u00e4nevan<\/a> ja h\u00e4nen kaksoissisarensa 60-vuotisjuhlat ja siskon tytt\u00e4ren kolmekymppiset. Yhteens\u00e4 suvussa vietet\u00e4\u00e4n siis 150-vuotisjuhlia. Kaksosten syntym\u00e4p\u00e4iv\u00e4 oli helmikuussa, ja niit\u00e4 juhlittiin toukokuussa 2025.<\/p>\n","protected":false},"excerpt":{"rendered":"Kun kipujen vuoksi uni ei tule y\u00f6ll\u00e4, on valkeakoskelainen Mikael J\u00e4\u00e4neva jutellut puhelimessa y\u00f6t\u00f6it\u00e4 tekev\u00e4n poikansa kanssa. Kuva:\u00a0Eelis&hellip;\n","protected":false},"author":2,"featured_media":124800,"comment_status":"","ping_status":"","sticky":false,"template":"","format":"standard","meta":{"footnotes":""},"categories":[130],"tags":[137,33,31,30,32,3856,109],"class_list":{"0":"post-124799","1":"post","2":"type-post","3":"status-publish","4":"format-standard","5":"has-post-thumbnail","7":"category-viihde","8":"tag-entertainment","9":"tag-fi","10":"tag-finland","11":"tag-finnish","12":"tag-suomi","13":"tag-valkeakosken-sanomat","14":"tag-viihde"},"share_on_mastodon":{"url":"https:\/\/pubeurope.com\/@fi\/115774481314354867","error":""},"_links":{"self":[{"href":"https:\/\/www.europesays.com\/fi\/wp-json\/wp\/v2\/posts\/124799","targetHints":{"allow":["GET"]}}],"collection":[{"href":"https:\/\/www.europesays.com\/fi\/wp-json\/wp\/v2\/posts"}],"about":[{"href":"https:\/\/www.europesays.com\/fi\/wp-json\/wp\/v2\/types\/post"}],"author":[{"embeddable":true,"href":"https:\/\/www.europesays.com\/fi\/wp-json\/wp\/v2\/users\/2"}],"replies":[{"embeddable":true,"href":"https:\/\/www.europesays.com\/fi\/wp-json\/wp\/v2\/comments?post=124799"}],"version-history":[{"count":0,"href":"https:\/\/www.europesays.com\/fi\/wp-json\/wp\/v2\/posts\/124799\/revisions"}],"wp:featuredmedia":[{"embeddable":true,"href":"https:\/\/www.europesays.com\/fi\/wp-json\/wp\/v2\/media\/124800"}],"wp:attachment":[{"href":"https:\/\/www.europesays.com\/fi\/wp-json\/wp\/v2\/media?parent=124799"}],"wp:term":[{"taxonomy":"category","embeddable":true,"href":"https:\/\/www.europesays.com\/fi\/wp-json\/wp\/v2\/categories?post=124799"},{"taxonomy":"post_tag","embeddable":true,"href":"https:\/\/www.europesays.com\/fi\/wp-json\/wp\/v2\/tags?post=124799"}],"curies":[{"name":"wp","href":"https:\/\/api.w.org\/{rel}","templated":true}]}}