{"id":124810,"date":"2025-12-24T12:36:10","date_gmt":"2025-12-24T12:36:10","guid":{"rendered":"https:\/\/www.europesays.com\/fi\/124810\/"},"modified":"2025-12-24T12:36:10","modified_gmt":"2025-12-24T12:36:10","slug":"sopimus-muuttui-vaikutus-nakyy-jo-ylella","status":"publish","type":"post","link":"https:\/\/www.europesays.com\/fi\/124810\/","title":{"rendered":"Sopimus muuttui \u2013 Vaikutus n\u00e4kyy jo Ylell\u00e4"},"content":{"rendered":"<p>Katsojat ovat toivoneet vanhoja joulukalentereita katsottaviksi.<\/p>\n<p><img decoding=\"async\" class=\"image image-show image-preview\" src=\"https:\/\/www.europesays.com\/fi\/wp-content\/uploads\/2025\/12\/9ad8f379f056ae7b1ba853d157cf1920bf2e7f55daabe66723c9d989b30c0bec.jpg\" alt=\"\"\/><img decoding=\"async\" class=\"image image-show\" src=\"https:\/\/www.europesays.com\/fi\/wp-content\/uploads\/2025\/12\/1766579769_778_9ad8f379f056ae7b1ba853d157cf1920bf2e7f55daabe66723c9d989b30c0bec.jpg\" alt=\"\"\/><\/p>\n<p>Jaana Saarinen n\u00e4yttelee Tonttuakatemiassa amerikant\u00e4ti\u00e4. H\u00e4n on viimeisess\u00e4 jaksossa aluksi allap\u00e4in, koska kaikki on ollut yht\u00e4 fiaskoa. Hannu K\u00e4ki, Yle<\/p>\n<p class=\"paragraph\">Ylen joulukalenteri p\u00e4\u00e4ttyy aattoon. Toiseksi viimeinen luukku avautuu t\u00e4n\u00e4\u00e4n TV2:lla kolmeen kertaan: kello 08.08, 17.44 ja 19.47.<\/p>\n<p class=\"paragraph\">Moni on kiitellyt t\u00e4t\u00e4 Tonttuakatemian kakkoskautta, mutta pettymyst\u00e4kin on ollut ilmassa. Osa katsojista on toivonut Areenan Facebookissa, ett\u00e4 jatkoa olisi saanut tyystin toinen joulukalenteri.<\/p>\n<p class=\"paragraph\">\u2013\u2009Kyll\u00e4h\u00e4n t\u00e4m\u00e4kin menee, mutta odotin ja toivoin sille Kiltteyskriisi Korvatunturilla jatkoa, <strong>Gini\u00e4<\/strong> harmittaa.<\/p>\n<p class=\"paragraph\">Niin harmittaa muun muassa <strong>Tuomasta<\/strong>, <strong>Satua<\/strong> ja <strong>Danielaakin<\/strong>.<\/p>\n<p class=\"paragraph\">\u2013\u2009Miksei sit\u00e4 viime vuoden kalenterin tarinaa jatkettu suoraan? Se oli hyv\u00e4 ja siihen j\u00e4i huomaamatta koukkuun, <strong>Paula<\/strong> puolestaan perustelee.<\/p>\n<p class=\"paragraph\">Heille on Areenan puolesta vastattu, ett\u00e4 jatkotoivetta vied\u00e4\u00e4n yhti\u00f6n sis\u00e4ll\u00e4 eteenp\u00e4in. Viel\u00e4 ei ole uutisia kerrottavaksi.<\/p>\n<p>Tonttuakatemian kohtalo selvi\u00e4\u00e4 Suuressa tonttukatselmuksessa. Aluksi ei n\u00e4yt\u00e4 hyv\u00e4lt\u00e4, kun kerroin on v\u00e4\u00e4r\u00e4. Sen pit\u00e4isi olla 24-A, kuten joulupukki yst\u00e4v\u00e4llisesti muistuttaa tarkastajaa. Hannu K\u00e4ki, Yle<\/p>\n<p class=\"paragraph\">Joulukalentereista on aiheutunut muutakin mielipahaa. <strong>Mari<\/strong> toivoisi n\u00e4kev\u00e4ns\u00e4 Kiltteyskriisi Korvatunturilla -jaksot Areenassa, mutta Ylelt\u00e4 on kerrottu, ettei niit\u00e4 ainakaan toistaiseksi ole katsottavissa.<\/p>\n<p class=\"paragraph\"><strong>Timoa<\/strong> taas p\u00e4nnii, ettei Areenasta l\u00f6ydy kuin yksi Tonttu Toljanterin joulukalenteri. Se on Joulupulma vuodelta 1998. Miksi sit\u00e4 ei voisi vaihdella, kun kerran tarjontaa riitt\u00e4\u00e4? Se ei kuitenkaan ole nyt mahdollista.<\/p>\n<p class=\"paragraph\">\u2013\u2009Meill\u00e4 ei harmillisesti ole nyt t\u00e4ll\u00e4 hetkell\u00e4 esitysoikeuksia muihin Toljantereihin. Niiden, ja muiden vanhojen kotimaisten ohjelmien, esitt\u00e4miseen vaikuttaa Ylen ja ohjelmien tekij\u00f6it\u00e4 edustavien j\u00e4rjest\u00f6jen v\u00e4linen arkistosopimus, Timolle on vastattu.<\/p>\n<p>Vuonna 2023 kuollut n\u00e4yttelij\u00e4 Kunto Ojansivu muistetaan etenkin Tonttu Toljanterin roolistaan. Petteri Kivim\u00e4ki<\/p>\n<p class=\"paragraph\">T\u00e4m\u00e4 mainittu sopimus m\u00e4\u00e4ritt\u00e4\u00e4, kuinka monta tuntia Yle voi vuoden aikana esitt\u00e4\u00e4 vanhempia, kotimaisia ohjelmia. Sopimus on muuttunut aiemmasta.<\/p>\n<p class=\"paragraph\">\u2013\u2009Nykyinen sopimus on kooltaan noin puolet pienempi kuin edellinen, mink\u00e4 vuoksi emme voineet ostaa t\u00e4n\u00e4 jouluna enemp\u00e4\u00e4 joulukalentereita katsottavaksi.<\/p>\n<p class=\"paragraph\">Joulukalenteri: Tonttuakatemia t\u00e4n\u00e4\u00e4n TV2:lla kello 08.08, 17.44 ja 19.47 &amp; Areenassa. <a href=\"https:\/\/www.iltalehti.fi\/telkku\/\" rel=\"nofollow noopener\" target=\"_blank\">Katso kaikki\u00a0TV-ohjelmat ja l\u00e4hetysajat Telkun TV-oppaasta<\/a>.<\/p>\n","protected":false},"excerpt":{"rendered":"Katsojat ovat toivoneet vanhoja joulukalentereita katsottaviksi. Jaana Saarinen n\u00e4yttelee Tonttuakatemiassa amerikant\u00e4ti\u00e4. H\u00e4n on viimeisess\u00e4 jaksossa aluksi allap\u00e4in, koska&hellip;\n","protected":false},"author":2,"featured_media":124811,"comment_status":"","ping_status":"","sticky":false,"template":"","format":"standard","meta":{"footnotes":""},"categories":[133],"tags":[35,137,33,31,30,3674,14442,1616,979,32,206,140,156,109],"class_list":{"0":"post-124810","1":"post","2":"type-post","3":"status-publish","4":"format-standard","5":"has-post-thumbnail","7":"category-televisiot","8":"tag-24h","9":"tag-entertainment","10":"tag-fi","11":"tag-finland","12":"tag-finnish","13":"tag-juhla-ja-vapaapaivat","14":"tag-kansalliset-ja-kansainvaliset-juhlapaivat","15":"tag-media-viestinta","16":"tag-sahkoinen-media","17":"tag-suomi","18":"tag-televisiot","19":"tag-tv-ja-elokuvat","20":"tag-tv","21":"tag-viihde"},"share_on_mastodon":{"url":"https:\/\/pubeurope.com\/@fi\/115774579556625579","error":""},"_links":{"self":[{"href":"https:\/\/www.europesays.com\/fi\/wp-json\/wp\/v2\/posts\/124810","targetHints":{"allow":["GET"]}}],"collection":[{"href":"https:\/\/www.europesays.com\/fi\/wp-json\/wp\/v2\/posts"}],"about":[{"href":"https:\/\/www.europesays.com\/fi\/wp-json\/wp\/v2\/types\/post"}],"author":[{"embeddable":true,"href":"https:\/\/www.europesays.com\/fi\/wp-json\/wp\/v2\/users\/2"}],"replies":[{"embeddable":true,"href":"https:\/\/www.europesays.com\/fi\/wp-json\/wp\/v2\/comments?post=124810"}],"version-history":[{"count":0,"href":"https:\/\/www.europesays.com\/fi\/wp-json\/wp\/v2\/posts\/124810\/revisions"}],"wp:featuredmedia":[{"embeddable":true,"href":"https:\/\/www.europesays.com\/fi\/wp-json\/wp\/v2\/media\/124811"}],"wp:attachment":[{"href":"https:\/\/www.europesays.com\/fi\/wp-json\/wp\/v2\/media?parent=124810"}],"wp:term":[{"taxonomy":"category","embeddable":true,"href":"https:\/\/www.europesays.com\/fi\/wp-json\/wp\/v2\/categories?post=124810"},{"taxonomy":"post_tag","embeddable":true,"href":"https:\/\/www.europesays.com\/fi\/wp-json\/wp\/v2\/tags?post=124810"}],"curies":[{"name":"wp","href":"https:\/\/api.w.org\/{rel}","templated":true}]}}