{"id":124814,"date":"2025-12-24T12:41:08","date_gmt":"2025-12-24T12:41:08","guid":{"rendered":"https:\/\/www.europesays.com\/fi\/124814\/"},"modified":"2025-12-24T12:41:08","modified_gmt":"2025-12-24T12:41:08","slug":"nain-suomalaisjulkkikset-viettavat-joulua-ilta-sanomat","status":"publish","type":"post","link":"https:\/\/www.europesays.com\/fi\/124814\/","title":{"rendered":"N\u00e4in suomalaisjulkkikset viett\u00e4v\u00e4t joulua &#8211; Ilta-Sanomat"},"content":{"rendered":"<p>Jotkut lep\u00e4ilev\u00e4t, toiset matkustavat. T\u00e4h\u00e4n juttuun on koostettu julkkisten p\u00e4ivityksi\u00e4 joulunvietostaan.<\/p>\n<p class=\"article-body mb-nof-24 px-nof-16\">Sosiaalinen media on t\u00e4yttynyt jouluisista kuvista. Monet julkisuudenhenkil\u00f6t ovat paljastaneet, miten viett\u00e4v\u00e4t joulua t\u00e4n\u00e4 vuonna.<\/p>\n<p class=\"article-body mb-nof-24 px-nof-16\">Esimerkiksi rallikartturi ja mediapersoona <a class=\"article-personlink\" href=\"https:\/\/www.is.fi\/haku\/?query=Janni%20Hussi\" rel=\"nofollow noopener\" target=\"_blank\">Janni Hussi <\/a>paljastaa Instagramissa, ett\u00e4 viett\u00e4\u00e4 joulua lep\u00e4illen. H\u00e4n on julkaissut kuvan itsest\u00e4\u00e4n ja koirastaan sohvalla makoilemassa.<\/p>\n<p class=\"article-body mb-nof-24 px-nof-16\">\u2013 Me olemme Harppuunan kanssa valmiina levytt\u00e4m\u00e4\u00e4n pari p\u00e4iv\u00e4\u00e4! Verskat niskaan ja sohvalle r\u00f6tv\u00e4\u00e4m\u00e4\u00e4n. Best! Hussi kirjoittaa.<\/p>\n<p class=\"article-body mb-nof-24 px-nof-16\">\u2013 Kivaa joulua! Toivottavasti saat viett\u00e4\u00e4 sen just omann\u00e4k\u00f6isesti. Ps! Joulukaurapuurostani l\u00f6ytyi manteli! Lotto sis\u00e4\u00e4n!<\/p>\n<p class=\"article-body mb-nof-24 px-nof-16\">Yritt\u00e4j\u00e4 ja mediapersoona <a class=\"article-personlink\" href=\"https:\/\/www.is.fi\/haku\/?query=Sointu%20Borg\" rel=\"nofollow noopener\" target=\"_blank\">Sointu Borg <\/a>viett\u00e4\u00e4 joulua Vietnamissa kihlattunsa <a class=\"article-personlink\" href=\"https:\/\/www.is.fi\/haku\/?query=Tomi%20Solosen\" rel=\"nofollow noopener\" target=\"_blank\">Tomi Solosen<\/a> kanssa. Borg on julkaissut Instagramissa iloisen yhteiskuvan kumppaninsa kanssa rannalta.<\/p>\n<p class=\"article-body mb-nof-24 px-nof-16\">Kuvassa Solonen halaa Borgia, joka hymyilee kameralle.<\/p>\n<p class=\"article-body mb-nof-24 px-nof-16\">\u2013 Hyv\u00e4\u00e4 joulua! Borg toivottaa.<\/p>\n<p class=\"article-body mb-nof-24 px-nof-16\">Tosi-tv:st\u00e4 tuttu pariskunta, tuoreeltaan kihlautuneet <a class=\"article-personlink\" href=\"https:\/\/www.is.fi\/haku\/?query=Joni%20Rintala\" rel=\"nofollow noopener\" target=\"_blank\">Joni Rintala<\/a> ja <a class=\"article-personlink\" href=\"https:\/\/www.is.fi\/haku\/?query=Eveliina%20Uosukainen\" rel=\"nofollow noopener\" target=\"_blank\">Eveliina Uosukainen<\/a> jakoivat Instagramissa kuvia Lapin-reissultaan. Kuvassa pariskunta poseeraa lumisessa maisemassa vihreiden revontulien alla.<\/p>\n<p class=\"article-body mb-nof-24 px-nof-16\">Bikineihin pukeutunut Uosukainen pitelee yhdell\u00e4 k\u00e4dell\u00e4\u00e4n raskausmahaansa ja toisen k\u00e4tens\u00e4 h\u00e4n on kietonut Rintalan ymp\u00e4rille.<\/p>\n<p class=\"article-body mb-nof-24 px-nof-16\">N\u00e4yttelij\u00e4 <a class=\"article-personlink\" href=\"https:\/\/www.is.fi\/haku\/?query=Ilona%20Chevakova\" rel=\"nofollow noopener\" target=\"_blank\">Ilona Chevakova<\/a> on julkaissut jouluisen kuvan perheens\u00e4 kanssa kuusen edess\u00e4. H\u00e4n kirjoittaa saatetekstiss\u00e4, ett\u00e4 joulu on h\u00e4nelle \u201dhetki rauhoittua uuden \u00e4\u00e4relle\u201d. H\u00e4n kirjoittaa, ett\u00e4 kulunut vuosi oli h\u00e4nelle yksi vaikeimmista.<\/p>\n<p class=\"article-body mb-nof-24 px-nof-16\">\u2013 Suurin osa kollegoistani on enemm\u00e4n tai v\u00e4hemm\u00e4n ty\u00f6tt\u00f6min\u00e4, ja se loi ep\u00e4toivoa. Minullakin oli enemm\u00e4n ty\u00f6tt\u00f6mi\u00e4 p\u00e4ivi\u00e4 kuin koskaan ennen. Identiteettikriisi\u00e4 pukkasi ja kaikkea sit\u00e4, h\u00e4n avautuu.<\/p>\n<p class=\"article-body mb-nof-24 px-nof-16\">Chevakova lis\u00e4\u00e4, ett\u00e4 vuoteen on mahtunut my\u00f6s hyvi\u00e4 hetki\u00e4 ja hienoja t\u00f6it\u00e4.<\/p>\n<p class=\"article-body mb-nof-24 px-nof-16\">\u2013 T\u00e4ss\u00e4 on kaunis joulukuva. Y\u00f6kk\u00e4ri p\u00e4\u00e4ll\u00e4 t\u00e4t\u00e4 postailen. Kohta sy\u00f6d\u00e4\u00e4n aamupuuroa. Ihanaa joulua ihanalta perheelt\u00e4ni.<\/p>\n<p class=\"article-body mb-nof-24 px-nof-16\">Somevaikuttaja <a class=\"article-personlink\" href=\"https:\/\/www.is.fi\/haku\/?query=Ilona%20Siekkinen\" rel=\"nofollow noopener\" target=\"_blank\">Ilona Siekkinen<\/a> toivottaa Instagram-tilill\u00e4\u00e4n ihanaa joulua perheelt\u00e4\u00e4n. Samalla h\u00e4n hehkuttaa unelmiensa joulua.<\/p>\n<p class=\"article-body mb-nof-24 px-nof-16\">Siekkisen jakamassa kuvakarusellissa h\u00e4n poseeraa yhdess\u00e4 kumppaninsa <a class=\"article-personlink\" href=\"https:\/\/www.is.fi\/haku\/?query=Mikko%20Niirasen\" rel=\"nofollow noopener\" target=\"_blank\">Mikko Niirasen<\/a> ja vauvansa kanssa y\u00f6puvuissa joulukuusen edess\u00e4.<\/p>\n<p class=\"article-body mb-nof-24 px-nof-16\">\u2013 Uusi koti on remontin j\u00e4ljilt\u00e4 kokonaan valmis ja vauva on terveen\u00e4 ja iloisena syliss\u00e4. Mit\u00e4 voisi enemp\u00e4\u00e4 pyyt\u00e4\u00e4? Kiitos el\u00e4m\u00e4. Niin onnellinen ja kiitollinen olo kaikesta.<\/p>\n<p class=\"article-body mb-nof-24 px-nof-16\">Vuoden 2024 Miss Suomi <a class=\"article-personlink\" href=\"https:\/\/www.is.fi\/haku\/?query=Matilda%20Wirtavuori\" rel=\"nofollow noopener\" target=\"_blank\">Matilda Wirtavuori<\/a> kertoo Instagram-tilill\u00e4\u00e4n, ett\u00e4 h\u00e4n viett\u00e4\u00e4 joulua Raumalla l\u00e4heistens\u00e4 kanssa.<\/p>\n<p class=\"article-body mb-nof-24 px-nof-16\">\u2013 Olen odottanut niin paljon, ett\u00e4 saan nyt nauttia perheest\u00e4 ja l\u00e4heisist\u00e4, suomalaisista jouluherkuista, joululauluista ja talvesta, h\u00e4n hehkuttaa.<\/p>\n<p class=\"article-body mb-nof-24 px-nof-16\">Wirtavuori p\u00e4\u00e4see nauttimaan joulusta my\u00f6s kumppaninsa, kreikkalaisen <a class=\"article-personlink\" href=\"https:\/\/www.is.fi\/haku\/?query=Apostolosin\" rel=\"nofollow noopener\" target=\"_blank\">Apostolosin <\/a>kanssa.<\/p>\n<p class=\"article-body mb-nof-24 px-nof-16\">\u2013 Perjantaina A tulee per\u00e4ss\u00e4 kokemaan ekaa kertaa Suomen talven ja joulunajan.<\/p>\n","protected":false},"excerpt":{"rendered":"Jotkut lep\u00e4ilev\u00e4t, toiset matkustavat. T\u00e4h\u00e4n juttuun on koostettu julkkisten p\u00e4ivityksi\u00e4 joulunvietostaan. Sosiaalinen media on t\u00e4yttynyt jouluisista kuvista. Monet&hellip;\n","protected":false},"author":2,"featured_media":124815,"comment_status":"","ping_status":"","sticky":false,"template":"","format":"standard","meta":{"footnotes":""},"categories":[130],"tags":[137,33,31,30,34,32,109],"class_list":{"0":"post-124814","1":"post","2":"type-post","3":"status-publish","4":"format-standard","5":"has-post-thumbnail","7":"category-viihde","8":"tag-entertainment","9":"tag-fi","10":"tag-finland","11":"tag-finnish","12":"tag-ilta-sanomat","13":"tag-suomi","14":"tag-viihde"},"share_on_mastodon":{"url":"https:\/\/pubeurope.com\/@fi\/115774598922371719","error":""},"_links":{"self":[{"href":"https:\/\/www.europesays.com\/fi\/wp-json\/wp\/v2\/posts\/124814","targetHints":{"allow":["GET"]}}],"collection":[{"href":"https:\/\/www.europesays.com\/fi\/wp-json\/wp\/v2\/posts"}],"about":[{"href":"https:\/\/www.europesays.com\/fi\/wp-json\/wp\/v2\/types\/post"}],"author":[{"embeddable":true,"href":"https:\/\/www.europesays.com\/fi\/wp-json\/wp\/v2\/users\/2"}],"replies":[{"embeddable":true,"href":"https:\/\/www.europesays.com\/fi\/wp-json\/wp\/v2\/comments?post=124814"}],"version-history":[{"count":0,"href":"https:\/\/www.europesays.com\/fi\/wp-json\/wp\/v2\/posts\/124814\/revisions"}],"wp:featuredmedia":[{"embeddable":true,"href":"https:\/\/www.europesays.com\/fi\/wp-json\/wp\/v2\/media\/124815"}],"wp:attachment":[{"href":"https:\/\/www.europesays.com\/fi\/wp-json\/wp\/v2\/media?parent=124814"}],"wp:term":[{"taxonomy":"category","embeddable":true,"href":"https:\/\/www.europesays.com\/fi\/wp-json\/wp\/v2\/categories?post=124814"},{"taxonomy":"post_tag","embeddable":true,"href":"https:\/\/www.europesays.com\/fi\/wp-json\/wp\/v2\/tags?post=124814"}],"curies":[{"name":"wp","href":"https:\/\/api.w.org\/{rel}","templated":true}]}}