{"id":124816,"date":"2025-12-24T12:45:24","date_gmt":"2025-12-24T12:45:24","guid":{"rendered":"https:\/\/www.europesays.com\/fi\/124816\/"},"modified":"2025-12-24T12:45:24","modified_gmt":"2025-12-24T12:45:24","slug":"kaksivuotiasta-lasta-sairaalaan-vienyt-pienkone-syoksyi-mereen-teksasissa-viisi-kuollutta-uutissuomalainen-2","status":"publish","type":"post","link":"https:\/\/www.europesays.com\/fi\/124816\/","title":{"rendered":"Kaksivuotiasta lasta sairaalaan vienyt pienkone sy\u00f6ksyi mereen Teksasissa \u2013\u2009viisi kuollutta | Uutissuomalainen"},"content":{"rendered":"<p>Ainakin viisi ihmist\u00e4 on kuollut pienkoneen mereensy\u00f6ksyss\u00e4 Yhdysvaltojen Teksasissa, kertoo <a href=\"https:\/\/apnews.com\/article\/galveston-texas-plane-crash-07fbc8ca6632354bb0148df460606c86\" rel=\"nofollow noopener\" target=\"_blank\">AP<\/a>.<\/p>\n<p>Kone kuului Meksikon merivoimille. Merivoimien mukaan kone oli onnettomuushetkell\u00e4 &#8221;l\u00e4\u00e4ketieteellisell\u00e4 teht\u00e4v\u00e4ll\u00e4&#8221; tukemassa Michou y Mau -s\u00e4\u00e4ti\u00f6t\u00e4. S\u00e4\u00e4ti\u00f6 auttaa lenn\u00e4tt\u00e4m\u00e4\u00e4n hengenvaarallisia palovammoja saaneita meksikolaislapsia Galvestonissa sijaitsevaan lastensairaalaan.<\/p>\n<p>Kone oli l\u00e4hestym\u00e4ss\u00e4 Galvestonin lentoasemaa. Sen kyydiss\u00e4 oli kahdeksan ihmist\u00e4, joista nelj\u00e4 oli Meksikon merivoimien upseereja.<\/p>\n<p>Nelj\u00e4st\u00e4 siviilist\u00e4 yksi oli lapsi. Kaksi matkustajaa oli Michou y Mau -s\u00e4\u00e4ti\u00f6n ty\u00f6ntekij\u00f6it\u00e4. <a href=\"https:\/\/edition.cnn.com\/2025\/12\/22\/us\/galveston-bay-mexican-plane-crash\" rel=\"nofollow noopener\" target=\"_blank\">CNN:n<\/a> mukaan yksi kuolleista on kaksivuotias lapsi.<\/p>\n<p><a href=\"https:\/\/www.bbc.com\/news\/articles\/c1lr1yvqge5o\" rel=\"nofollow noopener\" target=\"_blank\">BBC:n<\/a> mukaan yksi ihminen on yh\u00e4 kateissa. Kaksi ihmist\u00e4 on pelastettu hengiss\u00e4 koneesta.<\/p>\n<p>Onnettomuuspaikka sijaitsee Galvestoninlahdella. L\u00e4hist\u00f6ll\u00e4 asuva <strong>Sky Decker<\/strong> kertoo n\u00e4hneens\u00e4 onnettomuuden ja menneens\u00e4 omalla aluksellaan paikan p\u00e4\u00e4lle yhdess\u00e4 kahden poliisin kanssa.<\/p>\n<p>Decker sanoo l\u00f6yt\u00e4neens\u00e4 hylyst\u00e4 vakavasti loukkaantuneen naisen ja kuolleen miehen, jotka h\u00e4n veti ulos hylyst\u00e4. Molemmilla oli siviilivaatteet.<\/p>\n<p>\u2013\u2009En voinut uskoa sit\u00e4. H\u00e4nell\u00e4 oli ehk\u00e4 kolmen tuuman kolo, jossa hengitt\u00e4\u00e4. Ja veteen oli sekoittunut lentopolttoainetta, h\u00f6yryt olivat pahat. H\u00e4n todella taisteli hengest\u00e4\u00e4n, Decker sanoo naisesta.<\/p>\n<p>Michou y Mau l\u00e4hetti sosiaalisessa mediassa surunvalittelut onnettomuuden uhrien perheille.<\/p>\n<p>Alkuvuodesta niin ik\u00e4\u00e4n lasta kuljettanut meksikolainen l\u00e4\u00e4kint\u00e4lentokone sy\u00f6ksyi maahan Philadelphiassa. Seitsem\u00e4n ihmist\u00e4 kuoli.<\/p>\n<p>\t\t\t\t\t<img class=\"diks-card__image\" src=\"https:\/\/www.europesays.com\/fi\/wp-content\/uploads\/2025\/12\/10611623.jpg\"   loading=\"lazy\" decoding=\"sync\" alt=\"\"\/><\/p>\n","protected":false},"excerpt":{"rendered":"Ainakin viisi ihmist\u00e4 on kuollut pienkoneen mereensy\u00f6ksyss\u00e4 Yhdysvaltojen Teksasissa, kertoo AP. Kone kuului Meksikon merivoimille. Merivoimien mukaan kone&hellip;\n","protected":false},"author":2,"featured_media":124817,"comment_status":"","ping_status":"","sticky":false,"template":"","format":"standard","meta":{"footnotes":""},"categories":[14],"tags":[22,23,26,27,33,31,30,17,24,25,28,29,15,18,21,32,19,20,56,16,59,60,61],"class_list":{"0":"post-124816","1":"post","2":"type-post","3":"status-publish","4":"format-standard","5":"has-post-thumbnail","7":"category-ulkomaat","8":"tag-breaking-news","9":"tag-breakingnews","10":"tag-featured-news","11":"tag-featurednews","12":"tag-fi","13":"tag-finland","14":"tag-finnish","15":"tag-headlines","16":"tag-latest-news","17":"tag-latestnews","18":"tag-main-news","19":"tag-mainnews","20":"tag-news","21":"tag-otsikot","22":"tag-paauutiset","23":"tag-suomi","24":"tag-top-stories","25":"tag-topstories","26":"tag-ulkomaat","27":"tag-uutiset","28":"tag-world","29":"tag-world-news","30":"tag-worldnews"},"share_on_mastodon":{"url":"https:\/\/pubeurope.com\/@fi\/115774615116141969","error":""},"_links":{"self":[{"href":"https:\/\/www.europesays.com\/fi\/wp-json\/wp\/v2\/posts\/124816","targetHints":{"allow":["GET"]}}],"collection":[{"href":"https:\/\/www.europesays.com\/fi\/wp-json\/wp\/v2\/posts"}],"about":[{"href":"https:\/\/www.europesays.com\/fi\/wp-json\/wp\/v2\/types\/post"}],"author":[{"embeddable":true,"href":"https:\/\/www.europesays.com\/fi\/wp-json\/wp\/v2\/users\/2"}],"replies":[{"embeddable":true,"href":"https:\/\/www.europesays.com\/fi\/wp-json\/wp\/v2\/comments?post=124816"}],"version-history":[{"count":0,"href":"https:\/\/www.europesays.com\/fi\/wp-json\/wp\/v2\/posts\/124816\/revisions"}],"wp:featuredmedia":[{"embeddable":true,"href":"https:\/\/www.europesays.com\/fi\/wp-json\/wp\/v2\/media\/124817"}],"wp:attachment":[{"href":"https:\/\/www.europesays.com\/fi\/wp-json\/wp\/v2\/media?parent=124816"}],"wp:term":[{"taxonomy":"category","embeddable":true,"href":"https:\/\/www.europesays.com\/fi\/wp-json\/wp\/v2\/categories?post=124816"},{"taxonomy":"post_tag","embeddable":true,"href":"https:\/\/www.europesays.com\/fi\/wp-json\/wp\/v2\/tags?post=124816"}],"curies":[{"name":"wp","href":"https:\/\/api.w.org\/{rel}","templated":true}]}}