{"id":124818,"date":"2025-12-24T12:46:11","date_gmt":"2025-12-24T12:46:11","guid":{"rendered":"https:\/\/www.europesays.com\/fi\/124818\/"},"modified":"2025-12-24T12:46:11","modified_gmt":"2025-12-24T12:46:11","slug":"isa-ja-tytar-saavat-joulumielen-kuusimyynnista-tasta-pirkanmaalaiset-vinkit-joulukuusen-hoitoon-aamulehti","status":"publish","type":"post","link":"https:\/\/www.europesays.com\/fi\/124818\/","title":{"rendered":"Is\u00e4 ja tyt\u00e4r saavat joulumielen kuusimyynnist\u00e4 \u2013 T\u00e4st\u00e4 pirkanmaalaiset vinkit joulukuusen hoitoon &#8211; Aamulehti"},"content":{"rendered":"<ol>\n<li><a href=\"https:\/\/news.google.com\/rss\/articles\/CBMiaEFVX3lxTE1SR0hjSElUMFdpcnpPOXlOUHVmT000ekloaUgtNHBYRkJYSmRTRURJNEZpWEV0TTlQSzVOYS1MczAtam10aU50eTNGWWEtVGdBUHc5bU5LT1VZTzBBWlRZZVJ5c0Fmbllt?oc=5\" target=\"_blank\" rel=\"nofollow noopener\">Is\u00e4 ja tyt\u00e4r saavat joulumielen kuusimyynnist\u00e4 \u2013 T\u00e4st\u00e4 pirkanmaalaiset vinkit joulukuusen hoitoon<\/a>&nbsp;&nbsp;Aamulehti<\/li>\n<li><a href=\"https:\/\/news.google.com\/rss\/articles\/CBMimgFBVV95cUxNTzlta0pOSzRvWmFJX3JFWXBJdmlLTFhQZmExZHdIY3ZOVks1bFJvRGdRZTF5OGUtdTBoRTBPQWQyTjBRcEdHSDc0UDB3OFdrVXBvLWYxbXRqVUwySVFGR3g2WS1YQ2t6UjlYOTgzRUFWX240SFdlaTd0NTFlYnVzelJkS3FEMS1UMC1TVF84Wl9QUGF5aTB3X1RB?oc=5\" target=\"_blank\" rel=\"nofollow noopener\">\u201dAmerikkalaisella kr\u00e4\u00e4s\u00e4kuusella ei ole tekemist\u00e4 joulukuusen kanssa\u201d \u2013 onko synkk\u00e4 s\u00e4\u00e4 vaikuttanut joulukuusien myyntiin?<\/a>&nbsp;&nbsp;SSS.fi<\/li>\n<li><a href=\"https:\/\/news.google.com\/rss\/articles\/CBMi4AFBVV95cUxPeXpDR25OLXhpbVNLcDg4VDFlOHRWT2FScDVZS25ObS1Xa2Y0ZE9mU1JCYmlNNUkzM19vTE42TlQzYUtmWURPWTRrWmlSZ1Uxa1NKM09ocU1hZElhUnhMWDcxVFAxQm9DRW5vbURKVVBySU9YSVVKTWdrX0NNdWtlOU1YM21JSFk3VWJJYVlWN2pSVHVwS2d4N1gwNllPTm11S3hIYUNEOTRWVnNidTNvWnlCYWN4SWdoTTlYT2owOFRVQ291RjRMSmNNWHFwRFc1bjhWeG45OE9GUVgtc0tKUQ?oc=5\" target=\"_blank\" rel=\"nofollow noopener\">Tiesitk\u00f6? Joulukuusesi kuhisee \u00f6t\u00f6k\u00f6it\u00e4 \u2013 &#8221;Purkavat lepotilansa sis\u00e4tilojen l\u00e4mm\u00f6ss\u00e4 ja l\u00e4htev\u00e4t liikkeelle&#8221;<\/a>&nbsp;&nbsp;mtvuutiset.fi<\/li>\n<li><a href=\"https:\/\/news.google.com\/rss\/articles\/CBMicEFVX3lxTE12czQ3V3BfamFSOXdMc2JlNFN0Mmt3TTBiTjVMWHA0NjJJRVpVQWZKS3NsU0VWWU5DQlNNRDlJck00ZG5DU2piM0RmTWtaMlNCZ3JONFNtZS1RT1hzdFhwbU5UdUlRS1NZV3ItY0M4Ym0?oc=5\" target=\"_blank\" rel=\"nofollow noopener\">Joulupuun hankinnassa on tapahtunut suuri muutos \u2013 \u201dVallan loppunut\u201d, sanoo kiikoislainen konkarikauppias<\/a>&nbsp;&nbsp;Tyrv\u00e4\u00e4n Sanomat<\/li>\n<li><a href=\"https:\/\/news.google.com\/rss\/articles\/CBMicEFVX3lxTE1Lc3dCU3RkMUFxR0d1b2gtUlhlQ2oxQW9Dd1llTExLR1dFSmhCMkd2YW9NYU90bFNWWEc0VmhyWF9QY2p4Z3JEZ09aYl9TYjdPZDV6bnNEYzBSd19WOGVKNk1KdU5vMU9BTl9OYzN0dmc?oc=5\" target=\"_blank\" rel=\"nofollow noopener\">Konkarikauppiaan mukaan joulukuusten menekki on kasvussa: \u201dEnsimm\u00e4inen kuusi myytiin 11. marraskuuta\u201d<\/a>&nbsp;&nbsp;Satakunnan Kansa<\/li>\n<\/ol>\n","protected":false},"excerpt":{"rendered":"Is\u00e4 ja tyt\u00e4r saavat joulumielen kuusimyynnist\u00e4 \u2013 T\u00e4st\u00e4 pirkanmaalaiset vinkit joulukuusen hoitoon&nbsp;&nbsp;Aamulehti \u201dAmerikkalaisella kr\u00e4\u00e4s\u00e4kuusella ei ole tekemist\u00e4 joulukuusen&hellip;\n","protected":false},"author":2,"featured_media":124819,"comment_status":"","ping_status":"","sticky":false,"template":"","format":"standard","meta":{"footnotes":""},"categories":[12],"tags":[157,22,23,26,27,33,31,30,17,24,25,28,29,15,18,21,32,19,20,16],"class_list":{"0":"post-124818","1":"post","2":"type-post","3":"status-publish","4":"format-standard","5":"has-post-thumbnail","7":"category-suomi","8":"tag-aamulehti","9":"tag-breaking-news","10":"tag-breakingnews","11":"tag-featured-news","12":"tag-featurednews","13":"tag-fi","14":"tag-finland","15":"tag-finnish","16":"tag-headlines","17":"tag-latest-news","18":"tag-latestnews","19":"tag-main-news","20":"tag-mainnews","21":"tag-news","22":"tag-otsikot","23":"tag-paauutiset","24":"tag-suomi","25":"tag-top-stories","26":"tag-topstories","27":"tag-uutiset"},"share_on_mastodon":{"url":"https:\/\/pubeurope.com\/@fi\/115774618738803080","error":""},"_links":{"self":[{"href":"https:\/\/www.europesays.com\/fi\/wp-json\/wp\/v2\/posts\/124818","targetHints":{"allow":["GET"]}}],"collection":[{"href":"https:\/\/www.europesays.com\/fi\/wp-json\/wp\/v2\/posts"}],"about":[{"href":"https:\/\/www.europesays.com\/fi\/wp-json\/wp\/v2\/types\/post"}],"author":[{"embeddable":true,"href":"https:\/\/www.europesays.com\/fi\/wp-json\/wp\/v2\/users\/2"}],"replies":[{"embeddable":true,"href":"https:\/\/www.europesays.com\/fi\/wp-json\/wp\/v2\/comments?post=124818"}],"version-history":[{"count":0,"href":"https:\/\/www.europesays.com\/fi\/wp-json\/wp\/v2\/posts\/124818\/revisions"}],"wp:featuredmedia":[{"embeddable":true,"href":"https:\/\/www.europesays.com\/fi\/wp-json\/wp\/v2\/media\/124819"}],"wp:attachment":[{"href":"https:\/\/www.europesays.com\/fi\/wp-json\/wp\/v2\/media?parent=124818"}],"wp:term":[{"taxonomy":"category","embeddable":true,"href":"https:\/\/www.europesays.com\/fi\/wp-json\/wp\/v2\/categories?post=124818"},{"taxonomy":"post_tag","embeddable":true,"href":"https:\/\/www.europesays.com\/fi\/wp-json\/wp\/v2\/tags?post=124818"}],"curies":[{"name":"wp","href":"https:\/\/api.w.org\/{rel}","templated":true}]}}