{"id":124826,"date":"2025-12-24T13:07:14","date_gmt":"2025-12-24T13:07:14","guid":{"rendered":"https:\/\/www.europesays.com\/fi\/124826\/"},"modified":"2025-12-24T13:07:14","modified_gmt":"2025-12-24T13:07:14","slug":"prinsessa-catherinen-ja-prinssi-williamin-paivitys-kaynnisti-huhumyllyn-ennen-joulukonserttia","status":"publish","type":"post","link":"https:\/\/www.europesays.com\/fi\/124826\/","title":{"rendered":"Prinsessa Catherinen ja Prinssi Williamin p\u00e4ivitys k\u00e4ynnisti huhumyllyn ennen joulukonserttia"},"content":{"rendered":"<p>            ANDY RAIN \/ AOP\n        <\/p>\n<p class=\"subtitle \">Prinssiparin sometilill\u00e4 vihjaillaan tulevasta, ja spekulaatiot k\u00e4yv\u00e4t kuumina.<\/p>\n<p class=\"article-content article-content-width !bg-background\">Joulu on juhlan aikaa my\u00f6s kuninkaallisille. Ennen yksityiseen joulunviettoon rauhoittumista Britannian kuninkaallisella perheell\u00e4 on kuitenkin viel\u00e4 menoja ja teht\u00e4vi\u00e4, mukaan lukien prinsessa\u00a0joulukonsertti jouluaattona.<\/p>\n<p class=\"font-weight-bold m-font-weight-bold article-content article-content-width !bg-background\">Arkistovideo: N\u00e4in pitki\u00e4 ovat kuninkaalliset puolisoineen<\/p>\n<p class=\"article-content article-content-width !bg-background\">Brittil\u00e4isell\u00e4 ITV:ll\u00e4 esitett\u00e4v\u00e4 konsertti l\u00e4henee, ja aattoaamuna prinsessa Catherinen ja prinssi\u00a0virallisella Instagram-tilill\u00e4 julkaistiin vihjaava mainos l\u00e4hetykselle.<\/p>\n<p class=\"article-content article-content-width !bg-background\">Kuvajulkaisussa on kuvattu flyygeli, jonka penkill\u00e4 ei ainakaan viel\u00e4 istu kukaan. Soittimen takana n\u00e4kyy kauniisti koristeltu joulukuusi, ja julkaisun kuvatekstiksi on lis\u00e4tty vain pianon n\u00e4pp\u00e4imist\u00f6\u00e4 ja nuottia esitt\u00e4v\u00e4t emojit.<\/p>\n<p class=\"article-content article-content-width !bg-background\">Julkaisun kommenteissa mainostetaan\u00a0Together at Christmas\u00a0-konserttia prinssiparin k\u00e4ytt\u00e4j\u00e4n kirjoittamassa kommentissa.<\/p>\n<p class=\"article-content article-content-width !bg-background\">Noin tunti my\u00f6hemmin samaisella tilill\u00e4 julkaistiin vain sekuntien pituinen videoklippi, jossa on kuvattuna sama piano. T\u00e4ll\u00e4 kertaa videolla n\u00e4kyy, ett\u00e4 joku on istahtanut pianon \u00e4\u00e4reen ja alkaa soittamaan.<\/p>\n<p class=\"article-content article-content-width !bg-background\">Ennen kuin kappale sen suuremmin kuin soittajakaan selvi\u00e4\u00e4, ehtii video jo loppua.<\/p>\n<p class=\"article-content article-content-width !bg-background\">Vilaukselta voi huomata, ett\u00e4 penkill\u00e4 istuu kaksi henkil\u00f6\u00e4, joista toinenkin n\u00e4ytt\u00e4\u00e4 olevan juuri aikeissa alkaa soittamaan.<\/p>\n<p class=\"article-content article-content-width !bg-background\">Lis\u00e4\u00e4 vihjeit\u00e4 l\u00f6ytyy julkaisun saatesanoista.<\/p>\n<p class=\"article-content article-content-width !bg-background\">\u2013 Erityinen duetto&#8230; julkaisussa vihjaillaan.<\/p>\n<p>        <a itemprop=\"url\" href=\"https:\/\/www.seiska.fi\/kuninkaalliset\/prinsessa-catherine-jarkyttyi-prinssi-williamin-salasuhteesta-vaati-rakastajattaren-poissulkemista\/2001537\" rel=\"nofollow noopener\" target=\"_blank\"><\/p>\n<p>\nRakastajatar sai monoa\n<\/p>\n<p class=\"section-date\">\n        <strong class=\"article-section\" data-section=\"kuninkaalliset\"><br \/>\n            kuninkaalliset<br \/>\n        <\/strong><br \/>\n        25.11. 07:00\n    <\/p>\n<p>Prinsessa Catherine j\u00e4rkyttyi prinssi Williamin salasuhteesta \u2013 vaati rakastajattaren poissulkemista\n    <\/p>\n<p itemprop=\"description\" class=\"subtitle \">\n    Prinssi Williamin on v\u00e4itetty olleen salasuhteessa prinssiparin yst\u00e4v\u00e4tt\u00e4ren kanssa.\n<\/p>\n<p>        <\/a><\/p>\n<p>\u00c4iti-tyt\u00e4r-esitys?<\/p>\n<p class=\"article-content article-content-width !bg-background\">Prinsessa Catherinen j\u00e4rjest\u00e4m\u00e4ss\u00e4 konsertissa on siis mit\u00e4 ilmeisimmin tiedossa melkoinen yll\u00e4tys.<\/p>\n<p class=\"article-content article-content-width !bg-background\">Katen itsens\u00e4 on kuultu soittavan pianoa vuonna 2021 Westminster Abbeyssa. Tuolloin h\u00e4n s\u00e4esti\u00a0laulua.<\/p>\n<p class=\"article-content article-content-width !bg-background\">Julkaisun kommenttikent\u00e4ss\u00e4 arvuutellaan, ketk\u00e4 kaksi lavalle ehk\u00e4 saattavat nousta. Toiveikkaimmat fanit povaavat, nousisiko 10-vuotias prinsessa\u00a0lavalle \u00e4itins\u00e4 kanssa.<\/p>\n<p class=\"article-content article-content-width !bg-background\">\u2013 Onko t\u00e4m\u00e4 Catherine &amp; Charlotte -duetto?! kysell\u00e4\u00e4n useammassa kommentissa.<\/p>\n<p class=\"article-content article-content-width !bg-background\">Moni muu on varma ainakin siit\u00e4, ett\u00e4 lavalle nousee juurikin prinsessa Catherine.<\/p>\n<p class=\"article-content article-content-width !bg-background\">\u2013 En malta odottaa, summaa er\u00e4s jouluintoinen katsoja kommentissaan.<\/p>\n<p>        <a itemprop=\"url\" href=\"https:\/\/www.seiska.fi\/kuninkaalliset\/prinssi-william-ja-prinsessa-catherine-suuri-uutinen\/1995290\" rel=\"nofollow noopener\" target=\"_blank\"><\/p>\n<p>\nPrinssi William ja prinsessa Catherine:\n<\/p>\n<p class=\"section-date\">\n        <strong class=\"article-section\" data-section=\"kuninkaalliset\"><br \/>\n            kuninkaalliset<br \/>\n        <\/strong><br \/>\n        18.11. 09:26\n    <\/p>\n<p>Prinssi William ja prinsessa Catherine: suuri uutinen\n    <\/p>\n<p itemprop=\"description\" class=\"subtitle \">\n    William ja Kate palaavat rakastettuun tilaisuuteen tauon j\u00e4lkeen.\n<\/p>\n<p>        <\/a><\/p>\n","protected":false},"excerpt":{"rendered":"ANDY RAIN \/ AOP Prinssiparin sometilill\u00e4 vihjaillaan tulevasta, ja spekulaatiot k\u00e4yv\u00e4t kuumina. Joulu on juhlan aikaa my\u00f6s kuninkaallisille.&hellip;\n","protected":false},"author":2,"featured_media":124827,"comment_status":"","ping_status":"","sticky":false,"template":"","format":"standard","meta":{"footnotes":""},"categories":[130],"tags":[1418,137,33,31,30,15130,212,22259,4200,4554,32,22260,109],"class_list":{"0":"post-124826","1":"post","2":"type-post","3":"status-publish","4":"format-standard","5":"has-post-thumbnail","7":"category-viihde","8":"tag-britannian-kuninkaallinen-perhe","9":"tag-entertainment","10":"tag-fi","11":"tag-finland","12":"tag-finnish","13":"tag-joulukonsertti","14":"tag-lifestyle","15":"tag-piano","16":"tag-prinsessa-catherine","17":"tag-prinsessa-charlotte","18":"tag-suomi","19":"tag-together-at-christmas","20":"tag-viihde"},"share_on_mastodon":{"url":"https:\/\/pubeurope.com\/@fi\/115774701140428927","error":""},"_links":{"self":[{"href":"https:\/\/www.europesays.com\/fi\/wp-json\/wp\/v2\/posts\/124826","targetHints":{"allow":["GET"]}}],"collection":[{"href":"https:\/\/www.europesays.com\/fi\/wp-json\/wp\/v2\/posts"}],"about":[{"href":"https:\/\/www.europesays.com\/fi\/wp-json\/wp\/v2\/types\/post"}],"author":[{"embeddable":true,"href":"https:\/\/www.europesays.com\/fi\/wp-json\/wp\/v2\/users\/2"}],"replies":[{"embeddable":true,"href":"https:\/\/www.europesays.com\/fi\/wp-json\/wp\/v2\/comments?post=124826"}],"version-history":[{"count":0,"href":"https:\/\/www.europesays.com\/fi\/wp-json\/wp\/v2\/posts\/124826\/revisions"}],"wp:featuredmedia":[{"embeddable":true,"href":"https:\/\/www.europesays.com\/fi\/wp-json\/wp\/v2\/media\/124827"}],"wp:attachment":[{"href":"https:\/\/www.europesays.com\/fi\/wp-json\/wp\/v2\/media?parent=124826"}],"wp:term":[{"taxonomy":"category","embeddable":true,"href":"https:\/\/www.europesays.com\/fi\/wp-json\/wp\/v2\/categories?post=124826"},{"taxonomy":"post_tag","embeddable":true,"href":"https:\/\/www.europesays.com\/fi\/wp-json\/wp\/v2\/tags?post=124826"}],"curies":[{"name":"wp","href":"https:\/\/api.w.org\/{rel}","templated":true}]}}