{"id":124830,"date":"2025-12-24T13:11:12","date_gmt":"2025-12-24T13:11:12","guid":{"rendered":"https:\/\/www.europesays.com\/fi\/124830\/"},"modified":"2025-12-24T13:11:12","modified_gmt":"2025-12-24T13:11:12","slug":"digikomissaari-virkkunen-tuomitsee-yhdysvaltojen-viisumikiellon-ex-komissaarille-uutisia-lyhyesti","status":"publish","type":"post","link":"https:\/\/www.europesays.com\/fi\/124830\/","title":{"rendered":"Digikomissaari Virkkunen tuomitsee Yhdysvaltojen viisumi\u00adkiellon ex-komissaarille | Uutisia lyhyesti"},"content":{"rendered":"<p class=\"aw-1gybjub aw-5vja16 kEtdKx kmuxyA yle__article__paragraph\">Yhdysvallat syytt\u00e4\u00e4 viisumikiellon saaneita pyrkimyksist\u00e4 painostaa amerikkalaisia sosiaalisen median alustoja sensuroimaan tiettyj\u00e4 n\u00e4kemyksi\u00e4.<\/p>\n<p><img decoding=\"async\" alt=\"Henna Virkkunen esittelee puolustusohjelmaa Brysseliss\u00e4\" src=\"https:\/\/www.europesays.com\/fi\/wp-content\/uploads\/2025\/12\/39-153937168f10681566f3.jpeg\" class=\"aw-1l9m598 hKVVvP\"\/><\/p>\n<p>Avaa kuvien katselu<\/p>\n<p>Kuva: EPA<\/p>\n<p>13:28\u2022P\u00e4ivitetty 14:22<\/p>\n<p class=\"aw-1gybjub aw-1p7kakr kEtdKx cEmitX yle__article__paragraph\">EU:n digikomissaari <strong class=\"aw-ak79eh KyCXm yle__article__strong\">Henna Virkkunen<\/strong> (kok.) on kommentoinut <a class=\"aw-iao6s4 iHOxEa yle__article__link\" href=\"https:\/\/yle.fi\/a\/74-20201400\" role=\"link\" rel=\"nofollow noopener\" target=\"_blank\">Yhdysvaltojen p\u00e4\u00e4t\u00f6st\u00e4<\/a> asettaa entinen EU-komissaari <strong class=\"aw-ak79eh KyCXm yle__article__strong\">Thierry Breton<\/strong> ja nelj\u00e4 turvallisemman verkkoymp\u00e4rist\u00f6n puolesta ty\u00f6skentelev\u00e4\u00e4 eurooppalaista viisumikieltoon.<\/p>\n<p class=\"aw-1gybjub aw-1p7kakr kEtdKx cEmitX yle__article__paragraph\">Virkkusen mukaan EU-komissio tuomitsee vahvasti Yhdysvaltojen matkustusrajoitukset. H\u00e4n sanoo, ett\u00e4 EU:n lait eiv\u00e4t tarkoita sensuuria.<\/p>\n<p class=\"aw-1gybjub aw-1p7kakr kEtdKx cEmitX yle__article__paragraph\">\u2013 On v\u00e4ltt\u00e4m\u00e4t\u00f6nt\u00e4 suojella kansalaisiamme verkon riskeilt\u00e4, kuten terroristiselta sis\u00e4ll\u00f6lt\u00e4 ja lapsiin kohdistuvalta seksuaaliselta hyv\u00e4ksik\u00e4ytt\u00f6materiaalilta, Virkkunen kirjoittaa viestipalvelu X:ss\u00e4.<\/p>\n<p class=\"aw-1gybjub aw-1p7kakr kEtdKx cEmitX yle__article__paragraph\">Bretonin lis\u00e4ksi matkustuskieltoon on asetettu nelj\u00e4 ihmist\u00e4, jotka ty\u00f6skentelev\u00e4t disinformaation ja vihapuheen vastaisissa j\u00e4rjest\u00f6iss\u00e4.<\/p>\n<p class=\"aw-1gybjub aw-1p7kakr kEtdKx cEmitX yle__article__paragraph\">\u2013 Voitte olla varmoja, ett\u00e4 komissio jatkaa s\u00e4\u00e4nt\u00f6jemme oikeudenmukaista ja puolueetonta valvontaa kaikkia EU:ssa toimivia yrityksi\u00e4 kohtaan. S\u00e4\u00e4nt\u00f6jen noudattaminen ei ole valinnaista, vaan se on velvollisuus, Virkkunen kirjoittaa.<\/p>\n<p class=\"aw-1gybjub aw-1p7kakr kEtdKx cEmitX yle__article__paragraph\">Yhdysvaltojen ulkoministeri <strong class=\"aw-ak79eh KyCXm yle__article__strong\">Marco Rubion<\/strong> mukaan viisumikieltoon asetetut ovat johtaneet j\u00e4rjest\u00e4ytyneit\u00e4 pyrkimyksi\u00e4 tukahduttaa amerikkalaisia n\u00e4kemyksi\u00e4.<\/p>\n<p class=\"aw-1gybjub aw-1p7kakr kEtdKx cEmitX yle__article__paragraph\">Mukana listalla on muun muassa brittil\u00e4isen Global Disinformation Index -j\u00e4rjest\u00f6n (GDI) johtaja <strong class=\"aw-ak79eh KyCXm yle__article__strong\">Clare Melford<\/strong>.<\/p>\n<p class=\"aw-1gybjub aw-1p7kakr kEtdKx cEmitX yle__article__paragraph\">\u2013 Trumpin hallinto k\u00e4ytt\u00e4\u00e4 j\u00e4lleen koko liittovaltion valtaa pelotellakseen, sensuroidakseen ja vaientaakseen \u00e4\u00e4ni\u00e4, joiden kanssa se on eri mielt\u00e4. Heid\u00e4n toimensa t\u00e4n\u00e4\u00e4n ovat moraalittomia, laittomia ja ep\u00e4amerikkalaisia, GDI sanoo tiedotteessaan Britannian yleisradioyhti\u00f6 <a class=\"aw-iao6s4 iHOxEa yle__article__link\" href=\"https:\/\/www.bbc.com\/news\/articles\/cp39kngz008o\" role=\"link\" rel=\"nofollow noopener\" target=\"_blank\">BBC<\/a>:n mukaan.<\/p>\n<p>Ranska ja Saksa tuomitsevat Yhdysvaltojen toiminnan<\/p>\n<p class=\"aw-1gybjub aw-1p7kakr kEtdKx cEmitX yle__article__paragraph\">Ranskan presidentti <strong class=\"aw-ak79eh KyCXm yle__article__strong\">Emmanuel Macron<\/strong> sanoo viestipalvelu X:ss\u00e4 Ranskan tuomitsevan Yhdysvaltojen toteuttamat viisumirajoitukset.<\/p>\n<p class=\"aw-1gybjub aw-1p7kakr kEtdKx cEmitX yle__article__paragraph\">\u2013 Kyseiset toimenpiteet ovat pelottelua ja pakottamista, jotka t\u00e4ht\u00e4\u00e4v\u00e4t eurooppalaisen digitaalisen suvereniteetin heikent\u00e4miseen, Macron kirjoittaa.<\/p>\n<p class=\"aw-1gybjub aw-1p7kakr kEtdKx cEmitX yle__article__paragraph\">H\u00e4nen mukaansa Eurooppa puolustaa s\u00e4\u00e4telyautonomiaansa.<\/p>\n<p class=\"aw-1gybjub aw-1p7kakr kEtdKx cEmitX yle__article__paragraph\">Viisumikielto kohdistui my\u00f6s Center for Countering Digital Hate -j\u00e4rjest\u00f6n johtajaan <strong class=\"aw-ak79eh KyCXm yle__article__strong\">Imran Ahmediin<\/strong>. J\u00e4rjest\u00f6 taistelee verkossa levi\u00e4v\u00e4\u00e4 misinformaatiota vastaan. My\u00f6s <strong class=\"aw-ak79eh KyCXm yle__article__strong\">Anna-Lena von Hodenberg<\/strong> ja <strong class=\"aw-ak79eh KyCXm yle__article__strong\">Josephine Ballon<\/strong> saksalaisesta HateAid-j\u00e4rjest\u00f6st\u00e4 joutuivat listalle.<\/p>\n<p class=\"aw-1gybjub aw-1p7kakr kEtdKx cEmitX yle__article__paragraph\">HateAidin lausunnossa Yhdysvaltain hallituksen p\u00e4\u00e4t\u00f6st\u00e4 kutsuttiin \u201dsorron teoksi hallinnolta, joka yh\u00e4 useammin ohittaa oikeusvaltioperiaatteen ja yritt\u00e4\u00e4 kaikin voimin vaientaa kriitikkonsa\u201d.<\/p>\n","protected":false},"excerpt":{"rendered":"Yhdysvallat syytt\u00e4\u00e4 viisumikiellon saaneita pyrkimyksist\u00e4 painostaa amerikkalaisia sosiaalisen median alustoja sensuroimaan tiettyj\u00e4 n\u00e4kemyksi\u00e4. Avaa kuvien katselu Kuva: EPA&hellip;\n","protected":false},"author":2,"featured_media":124831,"comment_status":"","ping_status":"","sticky":false,"template":"","format":"standard","meta":{"footnotes":""},"categories":[14],"tags":[22,23,1617,26,27,33,31,30,17,70,24,25,28,29,22261,15,18,21,32,19,20,56,16,59,60,61,619],"class_list":{"0":"post-124830","1":"post","2":"type-post","3":"status-publish","4":"format-standard","5":"has-post-thumbnail","7":"category-ulkomaat","8":"tag-breaking-news","9":"tag-breakingnews","10":"tag-euroopan-unioni","11":"tag-featured-news","12":"tag-featurednews","13":"tag-fi","14":"tag-finland","15":"tag-finnish","16":"tag-headlines","17":"tag-kansainvalinen-politiikka","18":"tag-latest-news","19":"tag-latestnews","20":"tag-main-news","21":"tag-mainnews","22":"tag-matkustusrajoitukset","23":"tag-news","24":"tag-otsikot","25":"tag-paauutiset","26":"tag-suomi","27":"tag-top-stories","28":"tag-topstories","29":"tag-ulkomaat","30":"tag-uutiset","31":"tag-world","32":"tag-world-news","33":"tag-worldnews","34":"tag-yhdysvallat"},"share_on_mastodon":{"url":"https:\/\/pubeurope.com\/@fi\/115774717264024433","error":""},"_links":{"self":[{"href":"https:\/\/www.europesays.com\/fi\/wp-json\/wp\/v2\/posts\/124830","targetHints":{"allow":["GET"]}}],"collection":[{"href":"https:\/\/www.europesays.com\/fi\/wp-json\/wp\/v2\/posts"}],"about":[{"href":"https:\/\/www.europesays.com\/fi\/wp-json\/wp\/v2\/types\/post"}],"author":[{"embeddable":true,"href":"https:\/\/www.europesays.com\/fi\/wp-json\/wp\/v2\/users\/2"}],"replies":[{"embeddable":true,"href":"https:\/\/www.europesays.com\/fi\/wp-json\/wp\/v2\/comments?post=124830"}],"version-history":[{"count":0,"href":"https:\/\/www.europesays.com\/fi\/wp-json\/wp\/v2\/posts\/124830\/revisions"}],"wp:featuredmedia":[{"embeddable":true,"href":"https:\/\/www.europesays.com\/fi\/wp-json\/wp\/v2\/media\/124831"}],"wp:attachment":[{"href":"https:\/\/www.europesays.com\/fi\/wp-json\/wp\/v2\/media?parent=124830"}],"wp:term":[{"taxonomy":"category","embeddable":true,"href":"https:\/\/www.europesays.com\/fi\/wp-json\/wp\/v2\/categories?post=124830"},{"taxonomy":"post_tag","embeddable":true,"href":"https:\/\/www.europesays.com\/fi\/wp-json\/wp\/v2\/tags?post=124830"}],"curies":[{"name":"wp","href":"https:\/\/api.w.org\/{rel}","templated":true}]}}