{"id":124838,"date":"2025-12-24T13:32:14","date_gmt":"2025-12-24T13:32:14","guid":{"rendered":"https:\/\/www.europesays.com\/fi\/124838\/"},"modified":"2025-12-24T13:32:14","modified_gmt":"2025-12-24T13:32:14","slug":"nuorten-leijonien-on-taytettava-konsta-heleniuksen-saappaat-ykkosehdokkaalla-jai-viime-vuodesta-hampaankoloon","status":"publish","type":"post","link":"https:\/\/www.europesays.com\/fi\/124838\/","title":{"rendered":"Nuorten Leijonien on t\u00e4ytett\u00e4v\u00e4 Konsta Heleniuksen saappaat \u2013\u2009ykk\u00f6sehdokkaalla j\u00e4i viime vuodesta hampaankoloon"},"content":{"rendered":"<p>Nuorten Leijonien lopullinen MM-ryhm\u00e4 saattaa olla t\u00e4ysin sama kuin t\u00e4m\u00e4n hetken leirimiehist\u00f6.<\/p>\n<p class=\"article-body mb-nof-24 px-nof-16\">STT<\/p>\n<p class=\"article-body mb-nof-24 px-nof-16\">Konsta Helenius olisi eitt\u00e4m\u00e4tt\u00e4 ollut Nuorten Leijonien avainpelaajia tapaninp\u00e4iv\u00e4n\u00e4 alkavassa j\u00e4\u00e4kiekon alle 20-vuotiaiden miesten MM-turnauksessa, mutta nyt muiden on t\u00e4ytett\u00e4v\u00e4 t\u00e4htihy\u00f6kk\u00e4\u00e4j\u00e4n j\u00e4tt\u00e4m\u00e4 aukko.<\/p>\n<p class=\"article-body mb-nof-24 px-nof-16\">Yksi potentiaalisista nimist\u00e4 pistetehtailijaksi ja hy\u00f6kk\u00e4yksen johtajaksi on Pohjois-Amerikan WHL-juniorisarjassa kelpo kautta pelaava <a class=\"article-personlink\" href=\"https:\/\/www.aamulehti.fi\/haku\/?query=Julius%20Miettinen\" rel=\"nofollow noopener\" target=\"_blank\">Julius Miettinen<\/a>, 19.<\/p>\n<p class=\"article-body mb-nof-24 px-nof-16\">H\u00e4n on tehnyt \u00a0Everett Silvertipsille t\u00e4ll\u00e4 kaudella 27 ottelussaan tehopisteet 18+24=42. Lukemalla irtoaa paikka WHL:n pistep\u00f6rssin k\u00e4rkikymmenik\u00f6ss\u00e4.<\/p>\n<p class=\"article-body mb-nof-24 px-nof-16\">\u201dJonkunhan se on nyt noustava Konstan (Heleniuksen) saappaisiin. T\u00e4m\u00e4 on itselleni hyv\u00e4 paikka n\u00e4ytt\u00e4\u00e4, mihin pystyn. Ja joukkueelle on hyv\u00e4 paikka n\u00e4ytt\u00e4\u00e4, ettei t\u00e4m\u00e4 j\u00e4\u00e4 kiinni yhdest\u00e4 j\u00e4tk\u00e4st\u00e4\u201d, Miettinen sanoi suomalaismedialle maanantaina et\u00e4yhteyksin Yhdysvaltain Duluthista.<\/p>\n<p class=\"article-body mb-nof-24 px-nof-16\">Nuoret Leijonat leireilee parhaillaan Duluthissa ja aloittaa MM-urakkansa perjantaina Tanskaa vastaan. MM-turnaus pelataan Minneapolisissa ja St. Paulissa.<\/p>\n<p>\u201dPotentiaalia on kultaan\u201d<\/p>\n<p class=\"article-body mb-nof-24 px-nof-16\">T\u00e4ll\u00e4 kaudella AHL:ss\u00e4 pelannut Helenius ei ole MM-turnauksessa mukana, koska h\u00e4nen edustamansa NHL-seura Buffalo Sabres ei vapauta suomalaishy\u00f6kk\u00e4\u00e4j\u00e4\u00e4 Nuorten Leijonien k\u00e4ytt\u00f6\u00f6n.<\/p>\n<p class=\"article-body mb-nof-24 px-nof-16\">NHL-seura Seattle Krakenin kanssa tulokassopimuksen lokakuussa allekirjoittanut Miettinen ei halua j\u00e4\u00e4d\u00e4 MM-kisoissa taustahahmoksi.<\/p>\n<p class=\"article-body mb-nof-24 px-nof-16\">\u201dPit\u00e4\u00e4 nousta eturiviin ja n\u00e4ytt\u00e4\u00e4 j\u00e4tkille mallia. Olisi tietysti hyv\u00e4 meille, jos Konsta olisi p\u00e4\u00e4ssyt mukaan\u201d, Nuorten Leijonien kapteenistoon nimetty keskushy\u00f6kk\u00e4\u00e4j\u00e4 sanoi.<\/p>\n<p class=\"article-body mb-nof-24 px-nof-16\">Miettinen kuului Suomen joukkueeseen jo edellisess\u00e4 MM-turnauksessa, jossa Nuoret Leijonat h\u00e4visi finaalissa jatkoajalla Yhdysvalloille. Suomi kuuluu t\u00e4ll\u00e4kin kerralla MM-kisojen mestariehdokkaisiin.<\/p>\n<p class=\"article-body mb-nof-24 px-nof-16\">\u201dPotentiaalia on kultaan, ja t\u00e4ll\u00e4 ryhm\u00e4ll\u00e4 pit\u00e4isi sinne asti menn\u00e4. On paljon j\u00e4tki\u00e4, joilla on viime kerrasta varmasti hampaankolossa, Miettinen sanoi viitaten siihen, ett\u00e4 moni Suomen nykyryhm\u00e4n pelaajista oli mukana jo edellisiss\u00e4 MM-kisoissa.\u201d<\/p>\n<p>Joulupukki k\u00e4y kyl\u00e4ss\u00e4<\/p>\n<p class=\"article-body mb-nof-24 px-nof-16\">Nuorten Leijonien p\u00e4\u00e4valmentajan <a class=\"article-personlink\" href=\"https:\/\/www.aamulehti.fi\/haku\/?query=Lauri%20Mikkolan\" rel=\"nofollow noopener\" target=\"_blank\">Lauri Mikkolan<\/a> mukaan MM-leiritys on sujunut hyvin.<\/p>\n<p class=\"article-body mb-nof-24 px-nof-16\">\u201dOtimme pikkaisen iisimmin kaksi ensimm\u00e4ist\u00e4 p\u00e4iv\u00e4\u00e4. Sen j\u00e4lkeen olemme p\u00e4\u00e4sseet arkeen hyvin kiinni ja tekem\u00e4\u00e4n haluamiamme harjoitteita.\u201d<\/p>\n<p class=\"article-body mb-nof-24 px-nof-16\">Lopullista MM-joukkuetta ei ole viel\u00e4 nimetty, mutta Suomen lopputurnausryhm\u00e4 saattaa olla t\u00e4sm\u00e4lleen sama kuin t\u00e4m\u00e4n hetken leirimiehist\u00f6.<\/p>\n<p class=\"article-body mb-nof-24 px-nof-16\">\u201dAinuthan meill\u00e4 oli tuo Heleniuksen tilanne, mutta siihen tuli selke\u00e4 p\u00e4\u00e4t\u00f6s Buffalon puolelta. Ei t\u00e4ss\u00e4 isoja muutoksia tai mit\u00e4\u00e4n muutoksia varmaan en\u00e4\u00e4 tule\u201d, Mikkola paljasti.<\/p>\n<p class=\"article-body mb-nof-24 px-nof-16\">Pelaajien ja valmennuksen joulu menee moneen muuhun verrattuna poikkeavissa merkeiss\u00e4, mutta tiettyj\u00e4 joulurutiineja joukkue haluaa pit\u00e4\u00e4.<\/p>\n<p class=\"article-body mb-nof-24 px-nof-16\">\u201dIstutaan ja rauhoitutaan joukkueen yhteisell\u00e4 illallisella, ja joulupukki k\u00e4y kyl\u00e4ss\u00e4\u201d, Mikkola naurahti.<\/p>\n<p class=\"article-body mb-nof-24 px-nof-16\">Nuoret Leijonat kohtaa MM-turnauksen alkusarjassa Tanskan lis\u00e4ksi Latvian, Tshekin ja Kanadan.<\/p>\n","protected":false},"excerpt":{"rendered":"Nuorten Leijonien lopullinen MM-ryhm\u00e4 saattaa olla t\u00e4ysin sama kuin t\u00e4m\u00e4n hetken leirimiehist\u00f6. STT Konsta Helenius olisi eitt\u00e4m\u00e4tt\u00e4 ollut&hellip;\n","protected":false},"author":2,"featured_media":124839,"comment_status":"","ping_status":"","sticky":false,"template":"","format":"standard","meta":{"footnotes":""},"categories":[158],"tags":[157,33,31,30,159,32,160],"class_list":{"0":"post-124838","1":"post","2":"type-post","3":"status-publish","4":"format-standard","5":"has-post-thumbnail","7":"category-urheilu","8":"tag-aamulehti","9":"tag-fi","10":"tag-finland","11":"tag-finnish","12":"tag-sports","13":"tag-suomi","14":"tag-urheilu"},"share_on_mastodon":{"url":"https:\/\/pubeurope.com\/@fi\/115774799507913215","error":""},"_links":{"self":[{"href":"https:\/\/www.europesays.com\/fi\/wp-json\/wp\/v2\/posts\/124838","targetHints":{"allow":["GET"]}}],"collection":[{"href":"https:\/\/www.europesays.com\/fi\/wp-json\/wp\/v2\/posts"}],"about":[{"href":"https:\/\/www.europesays.com\/fi\/wp-json\/wp\/v2\/types\/post"}],"author":[{"embeddable":true,"href":"https:\/\/www.europesays.com\/fi\/wp-json\/wp\/v2\/users\/2"}],"replies":[{"embeddable":true,"href":"https:\/\/www.europesays.com\/fi\/wp-json\/wp\/v2\/comments?post=124838"}],"version-history":[{"count":0,"href":"https:\/\/www.europesays.com\/fi\/wp-json\/wp\/v2\/posts\/124838\/revisions"}],"wp:featuredmedia":[{"embeddable":true,"href":"https:\/\/www.europesays.com\/fi\/wp-json\/wp\/v2\/media\/124839"}],"wp:attachment":[{"href":"https:\/\/www.europesays.com\/fi\/wp-json\/wp\/v2\/media?parent=124838"}],"wp:term":[{"taxonomy":"category","embeddable":true,"href":"https:\/\/www.europesays.com\/fi\/wp-json\/wp\/v2\/categories?post=124838"},{"taxonomy":"post_tag","embeddable":true,"href":"https:\/\/www.europesays.com\/fi\/wp-json\/wp\/v2\/tags?post=124838"}],"curies":[{"name":"wp","href":"https:\/\/api.w.org\/{rel}","templated":true}]}}