{"id":124856,"date":"2025-12-24T14:03:11","date_gmt":"2025-12-24T14:03:11","guid":{"rendered":"https:\/\/www.europesays.com\/fi\/124856\/"},"modified":"2025-12-24T14:03:11","modified_gmt":"2025-12-24T14:03:11","slug":"israel-hamas-rikkoi-tulitaukoa-uutisia-lyhyesti","status":"publish","type":"post","link":"https:\/\/www.europesays.com\/fi\/124856\/","title":{"rendered":"Israel: Hamas rikkoi tulitaukoa | Uutisia lyhyesti"},"content":{"rendered":"<p class=\"aw-1gybjub aw-5vja16 kEtdKx kmuxyA yle__article__paragraph\">Osapuolet ovat syytt\u00e4neet toisiaan v\u00e4kivallasta sen j\u00e4lkeen, kun sopimus tulitauosta tuli voimaan lokakuussa.<\/p>\n<p>15:01\u2022P\u00e4ivitetty 15:43<\/p>\n<p class=\"aw-1gybjub aw-1p7kakr kEtdKx cEmitX yle__article__paragraph\">Israelin p\u00e4\u00e4ministeri <strong class=\"aw-ak79eh KyCXm yle__article__strong\">Benjamin Netanjahu<\/strong> syytt\u00e4\u00e4 terroristij\u00e4rjest\u00f6 Hamasia Gazan tulitaukosopimuksen rikkomisesta.<\/p>\n<p class=\"aw-1gybjub aw-1p7kakr kEtdKx cEmitX yle__article__paragraph\">Syyn\u00e4 on Rafahin rajakaupungissa tapahtunut r\u00e4j\u00e4hdys, jossa haavoittui Israelin armeijan sotilas. Israelin lausunnossa todetaan, ett\u00e4 Hamasin on pidett\u00e4v\u00e4 kiinni sopimuksesta.<\/p>\n<p class=\"aw-1gybjub aw-1p7kakr kEtdKx cEmitX yle__article__paragraph\">Molemmat osapuolet ovat syytt\u00e4neet toisiaan tulitauon rikkomisesta sen j\u00e4lkeen, kun sopimus tuli voimaan lokakuussa.<\/p>\n<p class=\"aw-1gybjub aw-1p7kakr kEtdKx cEmitX yle__article__paragraph\">Neuvottelut pysyv\u00e4st\u00e4 rauhasta ovat yh\u00e4 kesken. Yhdysvaltain presidentin <strong class=\"aw-ak79eh KyCXm yle__article__strong\">Donald Trumpin<\/strong> rauhansuunnitelmaan sis\u00e4ltyy vaatimus siit\u00e4, ett\u00e4 Hamas luopuu aseistaan ja vallastaan Gazassa.<\/p>\n<p class=\"aw-1gybjub aw-1p7kakr kEtdKx cEmitX yle__article__paragraph\">Hamas sanoo luopuvansa aseistaan ainoastaan siin\u00e4 tapauksessa, ett\u00e4 alueelle perustetaan palestiinalaisvaltio.<\/p>\n<p class=\"aw-1gybjub aw-1p7kakr kEtdKx cEmitX yle__article__paragraph\">L\u00e4hde: Reuters<\/p>\n","protected":false},"excerpt":{"rendered":"Osapuolet ovat syytt\u00e4neet toisiaan v\u00e4kivallasta sen j\u00e4lkeen, kun sopimus tulitauosta tuli voimaan lokakuussa. 15:01\u2022P\u00e4ivitetty 15:43 Israelin p\u00e4\u00e4ministeri Benjamin&hellip;\n","protected":false},"author":2,"featured_media":74,"comment_status":"","ping_status":"","sticky":false,"template":"","format":"standard","meta":{"footnotes":""},"categories":[14],"tags":[22,23,26,27,33,31,30,505,997,17,992,24,25,28,29,15,18,21,32,19,20,56,16,59,60,61],"class_list":{"0":"post-124856","1":"post","2":"type-post","3":"status-publish","4":"format-standard","5":"has-post-thumbnail","7":"category-ulkomaat","8":"tag-breaking-news","9":"tag-breakingnews","10":"tag-featured-news","11":"tag-featurednews","12":"tag-fi","13":"tag-finland","14":"tag-finnish","15":"tag-gazan-sota","16":"tag-hamas","17":"tag-headlines","18":"tag-lahi-ita","19":"tag-latest-news","20":"tag-latestnews","21":"tag-main-news","22":"tag-mainnews","23":"tag-news","24":"tag-otsikot","25":"tag-paauutiset","26":"tag-suomi","27":"tag-top-stories","28":"tag-topstories","29":"tag-ulkomaat","30":"tag-uutiset","31":"tag-world","32":"tag-world-news","33":"tag-worldnews"},"share_on_mastodon":{"url":"https:\/\/pubeurope.com\/@fi\/115774921411139651","error":""},"_links":{"self":[{"href":"https:\/\/www.europesays.com\/fi\/wp-json\/wp\/v2\/posts\/124856","targetHints":{"allow":["GET"]}}],"collection":[{"href":"https:\/\/www.europesays.com\/fi\/wp-json\/wp\/v2\/posts"}],"about":[{"href":"https:\/\/www.europesays.com\/fi\/wp-json\/wp\/v2\/types\/post"}],"author":[{"embeddable":true,"href":"https:\/\/www.europesays.com\/fi\/wp-json\/wp\/v2\/users\/2"}],"replies":[{"embeddable":true,"href":"https:\/\/www.europesays.com\/fi\/wp-json\/wp\/v2\/comments?post=124856"}],"version-history":[{"count":0,"href":"https:\/\/www.europesays.com\/fi\/wp-json\/wp\/v2\/posts\/124856\/revisions"}],"wp:featuredmedia":[{"embeddable":true,"href":"https:\/\/www.europesays.com\/fi\/wp-json\/wp\/v2\/media\/74"}],"wp:attachment":[{"href":"https:\/\/www.europesays.com\/fi\/wp-json\/wp\/v2\/media?parent=124856"}],"wp:term":[{"taxonomy":"category","embeddable":true,"href":"https:\/\/www.europesays.com\/fi\/wp-json\/wp\/v2\/categories?post=124856"},{"taxonomy":"post_tag","embeddable":true,"href":"https:\/\/www.europesays.com\/fi\/wp-json\/wp\/v2\/tags?post=124856"}],"curies":[{"name":"wp","href":"https:\/\/api.w.org\/{rel}","templated":true}]}}