{"id":124857,"date":"2025-12-24T14:04:11","date_gmt":"2025-12-24T14:04:11","guid":{"rendered":"https:\/\/www.europesays.com\/fi\/124857\/"},"modified":"2025-12-24T14:04:11","modified_gmt":"2025-12-24T14:04:11","slug":"vakava-onnettomuus-siilinjarvella-jalankulkija-kiidatetty-sairaalaan","status":"publish","type":"post","link":"https:\/\/www.europesays.com\/fi\/124857\/","title":{"rendered":"Vakava onnettomuus Siilinj\u00e4rvell\u00e4, jalankulkija kiid\u00e4tetty sairaalaan"},"content":{"rendered":"<p>Autoilija t\u00f6rm\u00e4si jalankulkijaan Pohjois-Savossa.<\/p>\n<p><img decoding=\"async\" class=\"image image-show image-preview\" src=\"https:\/\/www.europesays.com\/fi\/wp-content\/uploads\/2025\/11\/9a52d8de069150759557eb2758ee3daa785bc4466d92b14ebe0534bb627a4b6e.jpg\" alt=\"\"\/><img decoding=\"async\" class=\"image image-show\" src=\"https:\/\/www.europesays.com\/fi\/wp-content\/uploads\/2025\/11\/1763741050_268_9a52d8de069150759557eb2758ee3daa785bc4466d92b14ebe0534bb627a4b6e.jpg\" alt=\"\"\/><\/p>\n<p>Yksi ihminen loukkaantui vakavasti Siilinj\u00e4rvell\u00e4. Inka Soveri<\/p>\n<p class=\"paragraph\">Jalankulkija loukkaantui vakavasti liikenneonnettomuudessa Siilinj\u00e4rven Varpaisj\u00e4rventiell\u00e4 jouluaattoaamuna kello 7.45 aikaan. Asiasta tiedottaa poliisi.<\/p>\n<p class=\"paragraph\">Poliisin mukaan henkil\u00f6auton kuljettaja t\u00f6rm\u00e4si ihmiseen tullessaan oletettavasti vastakkaisesta suunnasta. Kuski ilmoitti onnettomuudesta itse h\u00e4t\u00e4keskukseen.<\/p>\n<p class=\"paragraph\">Uhri vietiin Kuopion yliopistolliseen sairaalaan.<\/p>\n<p class=\"paragraph\">Turman syyt ovat viel\u00e4 ep\u00e4selv\u00e4t. Poliisi kertoo, ett\u00e4 olosuhteet olivat haastavat lumisateen vuoksi.<\/p>\n","protected":false},"excerpt":{"rendered":"Autoilija t\u00f6rm\u00e4si jalankulkijaan Pohjois-Savossa. Yksi ihminen loukkaantui vakavasti Siilinj\u00e4rvell\u00e4. Inka Soveri Jalankulkija loukkaantui vakavasti liikenneonnettomuudessa Siilinj\u00e4rven Varpaisj\u00e4rventiell\u00e4 jouluaattoaamuna&hellip;\n","protected":false},"author":2,"featured_media":109266,"comment_status":"","ping_status":"","sticky":false,"template":"","format":"standard","meta":{"footnotes":""},"categories":[12],"tags":[35,22,23,26,27,33,31,30,17,24,25,121,28,29,15,120,18,21,122,710,32,128,19,20,16],"class_list":{"0":"post-124857","1":"post","2":"type-post","3":"status-publish","4":"format-standard","5":"has-post-thumbnail","7":"category-suomi","8":"tag-24h","9":"tag-breaking-news","10":"tag-breakingnews","11":"tag-featured-news","12":"tag-featurednews","13":"tag-fi","14":"tag-finland","15":"tag-finnish","16":"tag-headlines","17":"tag-latest-news","18":"tag-latestnews","19":"tag-liikenne-ja-kuljetus","20":"tag-main-news","21":"tag-mainnews","22":"tag-news","23":"tag-onnettomuustapaus","24":"tag-otsikot","25":"tag-paauutiset","26":"tag-pelastaminen","27":"tag-saa","28":"tag-suomi","29":"tag-tieliikenne","30":"tag-top-stories","31":"tag-topstories","32":"tag-uutiset"},"share_on_mastodon":{"url":"https:\/\/pubeurope.com\/@fi\/115774926117817443","error":""},"_links":{"self":[{"href":"https:\/\/www.europesays.com\/fi\/wp-json\/wp\/v2\/posts\/124857","targetHints":{"allow":["GET"]}}],"collection":[{"href":"https:\/\/www.europesays.com\/fi\/wp-json\/wp\/v2\/posts"}],"about":[{"href":"https:\/\/www.europesays.com\/fi\/wp-json\/wp\/v2\/types\/post"}],"author":[{"embeddable":true,"href":"https:\/\/www.europesays.com\/fi\/wp-json\/wp\/v2\/users\/2"}],"replies":[{"embeddable":true,"href":"https:\/\/www.europesays.com\/fi\/wp-json\/wp\/v2\/comments?post=124857"}],"version-history":[{"count":0,"href":"https:\/\/www.europesays.com\/fi\/wp-json\/wp\/v2\/posts\/124857\/revisions"}],"wp:featuredmedia":[{"embeddable":true,"href":"https:\/\/www.europesays.com\/fi\/wp-json\/wp\/v2\/media\/109266"}],"wp:attachment":[{"href":"https:\/\/www.europesays.com\/fi\/wp-json\/wp\/v2\/media?parent=124857"}],"wp:term":[{"taxonomy":"category","embeddable":true,"href":"https:\/\/www.europesays.com\/fi\/wp-json\/wp\/v2\/categories?post=124857"},{"taxonomy":"post_tag","embeddable":true,"href":"https:\/\/www.europesays.com\/fi\/wp-json\/wp\/v2\/tags?post=124857"}],"curies":[{"name":"wp","href":"https:\/\/api.w.org\/{rel}","templated":true}]}}