{"id":124860,"date":"2025-12-24T14:17:08","date_gmt":"2025-12-24T14:17:08","guid":{"rendered":"https:\/\/www.europesays.com\/fi\/124860\/"},"modified":"2025-12-24T14:17:08","modified_gmt":"2025-12-24T14:17:08","slug":"ex-hovimestari-kommentoi-harryn-ja-meghanin-joulukorttikuvaa","status":"publish","type":"post","link":"https:\/\/www.europesays.com\/fi\/124860\/","title":{"rendered":"Ex-hovimestari kommentoi Harryn ja Meghanin joulukorttikuvaa"},"content":{"rendered":"<p>Harryn ja Meghanin perhekuvassa on yksityiskohta, joka h\u00e4mment\u00e4\u00e4 brittihovin entist\u00e4 hovimestaria.<\/p>\n<p class=\"article-body mb-nof-24 px-nof-16\">Prinssi <a class=\"article-personlink\" href=\"https:\/\/www.is.fi\/haku\/?query=Harry\" rel=\"nofollow noopener\" target=\"_blank\">Harry<\/a> ja herttuatar <a class=\"article-personlink\" href=\"https:\/\/www.is.fi\/haku\/?query=Meghan\" rel=\"nofollow noopener\" target=\"_blank\">Meghan<\/a> julkistivat hiljattain joulukorttikuvansa. Nyt brittihovin entinen ty\u00f6ntekij\u00e4 on avannut sanaisen arkkunsa kyseisest\u00e4 perhekuvasta.<\/p>\n<p class=\"article-body mb-nof-24 px-nof-16\">Lue lis\u00e4\u00e4: <a class=\"underline underline-offset-[0.12em] [text-decoration-thickness:var(--generic-link-underline-thickness)] [text-decoration-color:var(--generic-link-underline-color)] [text-decoration-skip-ink:var(--generic-link-underline-skip-ink)] break-words\" href=\"https:\/\/www.is.fi\/kuninkaalliset\/art-2000011706198.html\" rel=\"nofollow noopener\" target=\"_blank\">Harry ja Meghan julkaisivat suloisen joulukuvansa \u2013 mukana Archie ja Lilibet<\/a><\/p>\n<p class=\"article-body mb-nof-24 px-nof-16\"><a class=\"article-personlink\" href=\"https:\/\/www.is.fi\/haku\/?query=Grant%20Harrold\" rel=\"nofollow noopener\" target=\"_blank\">Grant Harrold<\/a> ty\u00f6skenteli kuningas <a class=\"article-personlink\" href=\"https:\/\/www.is.fi\/haku\/?query=Charlesin\" rel=\"nofollow noopener\" target=\"_blank\">Charlesin<\/a> hovimestarina 2004\u20132011, kun t\u00e4m\u00e4 oli viel\u00e4 prinssi. Harrold oli luonnollisesti paljon tekemisiss\u00e4 my\u00f6s Charlesin poikien, <a class=\"article-personlink\" href=\"https:\/\/www.is.fi\/haku\/?query=Williamin\" rel=\"nofollow noopener\" target=\"_blank\">Williamin<\/a> ja Harryn kanssa.<\/p>\n<p class=\"article-body mb-nof-24 px-nof-16\">Entinen hovimestari vertailee <a class=\"underline underline-offset-[0.12em] [text-decoration-thickness:var(--generic-link-underline-thickness)] [text-decoration-color:var(--generic-link-underline-color)] [text-decoration-skip-ink:var(--generic-link-underline-skip-ink)] break-words\" href=\"https:\/\/www.express.co.uk\/news\/royal\/2149302\/i-worked-harry-william\" rel=\"nofollow noopener\" target=\"_blank\">Express<\/a>-lehdelle veljesten juuri julkaistuja joulukorttikuvia.<\/p>\n<p class=\"article-body mb-nof-24 px-nof-16\">H\u00e4n nostaa esiin, ett\u00e4 hovin taakseen j\u00e4tt\u00e4neet Harry ja Meghan edelleen noudattavat tiettyj\u00e4 kuninkaallisia jouluperinteit\u00e4, kuten perhejoulukuvan julkaisemista.<\/p>\n<p class=\"article-body mb-nof-24 px-nof-16\">Er\u00e4s asia ihmetytt\u00e4\u00e4 Harroldia Harryn ja Meghanin t\u00e4m\u00e4nvuotisessa kuvassa.<\/p>\n<p class=\"article-body mb-nof-24 px-nof-16\">\u2013 Pid\u00e4n t\u00e4m\u00e4n vuoden kuvaa v\u00e4h\u00e4n outona. He eiv\u00e4t halua n\u00e4ytt\u00e4\u00e4 lastensa kasvoja, ja ymm\u00e4rr\u00e4n t\u00e4ysin heid\u00e4n valintansa pit\u00e4\u00e4 lasten kasvot poissa valokeilasta. Pid\u00e4n sit\u00e4 kuitenkin v\u00e4h\u00e4n outona t\u00e4ss\u00e4 kuvassa, h\u00e4n sanoo.<\/p>\n<p class=\"article-body mb-nof-24 px-nof-16\">Kuvassa Harryn k\u00e4si peitt\u00e4\u00e4 <a class=\"article-personlink\" href=\"https:\/\/www.is.fi\/haku\/?query=Archien\" rel=\"nofollow noopener\" target=\"_blank\">Archien<\/a> kasvoja, ja<a class=\"article-personlink\" href=\"https:\/\/www.is.fi\/haku\/?query=%20Lilibetin\" rel=\"nofollow noopener\" target=\"_blank\"> Lilibetin<\/a> naama on hiusten suojassa.<\/p>\n<p class=\"article-body mb-nof-24 px-nof-16\">Ex-hovimestarin mielest\u00e4 valinta osoittaa Harryn ja Meghanin tavan asettua kuninkaallisen perinteen ja hovista irtaantuneen el\u00e4m\u00e4n v\u00e4limaastoon.<\/p>\n<p class=\"article-body mb-nof-24 px-nof-16\">\u2013 Miksi l\u00e4hett\u00e4\u00e4 kuva lapsistaan, jos ei halua heid\u00e4n n\u00e4kyv\u00e4n? Minulle se ei k\u00e4y j\u00e4rkeen, Harrold suomii.<\/p>\n<p class=\"article-body mb-nof-24 px-nof-16\">Sussexin herttuapari on pit\u00e4nyt lastensa kasvot piilossa yleisemminkin sosiaalisen median julkaisuissaan.<\/p>\n<p class=\"article-body mb-nof-24 px-nof-16\">Prinssi Williamin ja prinsessa <a class=\"article-personlink\" href=\"https:\/\/www.is.fi\/haku\/?query=Catherinen\" rel=\"nofollow noopener\" target=\"_blank\">Catherinen<\/a> joulukorttikuva on t\u00e4ss\u00e4 suhteessa t\u00e4ysin p\u00e4invastainen. Heid\u00e4n kolme lastaan ovat kuvassa selv\u00e4sti esill\u00e4. Harrold kuvailee otosta perinteiseksi.<\/p>\n<p class=\"article-body mb-nof-24 px-nof-16\">\u2013 Se on ylpe\u00e4sti perhekuva. Heid\u00e4n kuvansa huokuu itsevarmuutta, kun taas Meghanin ja Harryn kuva n\u00e4ytt\u00e4\u00e4 v\u00e4h\u00e4n erikoiselta mielest\u00e4ni.<\/p>\n<p class=\"article-body mb-nof-24 px-nof-16\">Yhden yhtenev\u00e4isyyden Harrold kuvissa huomaa: molemmat on otettu ulkoilmassa.<\/p>\n<p class=\"article-body mb-nof-24 px-nof-16\">\u2013 T\u00e4m\u00e4 on hyvin tyypillist\u00e4 joulukorteille, mutta t\u00e4m\u00e4 on my\u00f6s symbolista, koska molemmat perheet rakastavat ulkoilua.<\/p>\n<p class=\"article-body mb-nof-24 px-nof-16\">Williamin ja Catherinen joulukorttikuva her\u00e4tti julkaisun j\u00e4lkeen somessa jonkin verran ihmettely\u00e4. Osa kommentoijista h\u00e4mm\u00e4steli, miksi miksi kuva on otettu vihre\u00e4ss\u00e4 nurmikossa narsissien keskell\u00e4. Kuvatekstiss\u00e4 kerrottiin, ett\u00e4 otos on per\u00e4isin huhtikuulta.<\/p>\n","protected":false},"excerpt":{"rendered":"Harryn ja Meghanin perhekuvassa on yksityiskohta, joka h\u00e4mment\u00e4\u00e4 brittihovin entist\u00e4 hovimestaria. Prinssi Harry ja herttuatar Meghan julkistivat hiljattain&hellip;\n","protected":false},"author":2,"featured_media":124861,"comment_status":"","ping_status":"","sticky":false,"template":"","format":"standard","meta":{"footnotes":""},"categories":[136],"tags":[407,137,33,31,30,34,408,32,109],"class_list":{"0":"post-124860","1":"post","2":"type-post","3":"status-publish","4":"format-standard","5":"has-post-thumbnail","7":"category-julkkikset","8":"tag-celebrities","9":"tag-entertainment","10":"tag-fi","11":"tag-finland","12":"tag-finnish","13":"tag-ilta-sanomat","14":"tag-julkkikset","15":"tag-suomi","16":"tag-viihde"},"share_on_mastodon":{"url":"https:\/\/pubeurope.com\/@fi\/115774976376028724","error":""},"_links":{"self":[{"href":"https:\/\/www.europesays.com\/fi\/wp-json\/wp\/v2\/posts\/124860","targetHints":{"allow":["GET"]}}],"collection":[{"href":"https:\/\/www.europesays.com\/fi\/wp-json\/wp\/v2\/posts"}],"about":[{"href":"https:\/\/www.europesays.com\/fi\/wp-json\/wp\/v2\/types\/post"}],"author":[{"embeddable":true,"href":"https:\/\/www.europesays.com\/fi\/wp-json\/wp\/v2\/users\/2"}],"replies":[{"embeddable":true,"href":"https:\/\/www.europesays.com\/fi\/wp-json\/wp\/v2\/comments?post=124860"}],"version-history":[{"count":0,"href":"https:\/\/www.europesays.com\/fi\/wp-json\/wp\/v2\/posts\/124860\/revisions"}],"wp:featuredmedia":[{"embeddable":true,"href":"https:\/\/www.europesays.com\/fi\/wp-json\/wp\/v2\/media\/124861"}],"wp:attachment":[{"href":"https:\/\/www.europesays.com\/fi\/wp-json\/wp\/v2\/media?parent=124860"}],"wp:term":[{"taxonomy":"category","embeddable":true,"href":"https:\/\/www.europesays.com\/fi\/wp-json\/wp\/v2\/categories?post=124860"},{"taxonomy":"post_tag","embeddable":true,"href":"https:\/\/www.europesays.com\/fi\/wp-json\/wp\/v2\/tags?post=124860"}],"curies":[{"name":"wp","href":"https:\/\/api.w.org\/{rel}","templated":true}]}}