{"id":124862,"date":"2025-12-24T14:22:26","date_gmt":"2025-12-24T14:22:26","guid":{"rendered":"https:\/\/www.europesays.com\/fi\/124862\/"},"modified":"2025-12-24T14:22:26","modified_gmt":"2025-12-24T14:22:26","slug":"the-legend-of-aang-the-last-airbender-eli-se-toinen-avatar-leffa-skippaa-teatterit","status":"publish","type":"post","link":"https:\/\/www.europesays.com\/fi\/124862\/","title":{"rendered":"The Legend of Aang: The Last Airbender eli se toinen Avatar-leffa skippaa teatterit"},"content":{"rendered":"<tr>\n<td><img loading=\"lazy\" decoding=\"async\" src=\"https:\/\/www.europesays.com\/fi\/wp-content\/uploads\/2025\/12\/1766586146_496_pic1.jpg\" width=\"1214\" height=\"489\" alt=\"\"\/><\/td>\n<\/tr>\n<p>\nEnsi vuonna valmistuva elokuva The Legend of Aang: The Last Airbender on suora jatko-osa animaatiosarjalle Avatar: The Last Airbender. Aang ja h\u00e4nen yst\u00e4v\u00e4ns\u00e4 ovat varttuneet nuoriksi aikuisiksi. Olemassa on jo jatkosarja The Legend of Korra, mutta se kertoo uudesta avatarista ja uudesta sukupolvesta. Kolmas sarja Avatar: Seven Havens on kehitteill\u00e4.<\/p>\n<p>Saaga on suosittu ja arvostettu, mutta leffastudio ns. j\u00e4nist\u00e4\u00e4. The Legend of Aang: The Last Airbender ei p\u00e4\u00e4se isolle kankaalle toisin kuin oli tarkoitus. Ensiesitys on Paramount+ -palvelussa eli todenn\u00e4k\u00f6isesti my\u00f6s SkyShowtime-palvelussa syksyll\u00e4 2026.<\/p>\n<p>Kyse on j\u00e4lleen siit\u00e4, ett\u00e4 Paramountin uudet pomot hylkiv\u00e4t edelt\u00e4jiens\u00e4 suunnitelmia. Animaatioelokuva Teenage Mutant Ninja Turtles: Mutant Mayhem 2 on t\u00e4h\u00e4n tietoon tulossa isolle kankaalle vuonna 2027, mutta Paramountin uusi johto kehittelee jo n\u00e4ytelty\u00e4 Turtles-elokuvaa vuodelle 2028, joten se ei olisi shokki, jos Mutant Mayhemille k\u00e4visi huonosti tavalla tai toisella.<\/p>\n<p>L\u00e4hde: <a href=\"https:\/\/deadline.com\/2025\/12\/the-legend-of-aang-the-last-airbender-paramount-skip-theaters-1236655848\/\" target=\"_self\" rel=\"nofollow noopener\">Deadline<\/a>\t\t\t\t<\/p>\n<p><b>V2.fi | Jari Tapani Peltonen <\/b>\n\t\t\t\t<\/p>\n","protected":false},"excerpt":{"rendered":"Ensi vuonna valmistuva elokuva The Legend of Aang: The Last Airbender on suora jatko-osa animaatiosarjalle Avatar: The Last&hellip;\n","protected":false},"author":2,"featured_media":124863,"comment_status":"","ping_status":"","sticky":false,"template":"","format":"standard","meta":{"footnotes":""},"categories":[131],"tags":[155,137,33,173,31,30,188,172,191,192,185,150,189,187,32,193,194,109,186,190],"class_list":{"0":"post-124862","1":"post","2":"type-post","3":"status-publish","4":"format-standard","5":"has-post-thumbnail","7":"category-elokuvat","8":"tag-elokuvat","9":"tag-entertainment","10":"tag-fi","11":"tag-film","12":"tag-finland","13":"tag-finnish","14":"tag-keskustelu","15":"tag-movies","16":"tag-nintendo","17":"tag-pc-pelit","18":"tag-peli","19":"tag-pelit","20":"tag-playstation","21":"tag-starat","22":"tag-suomi","23":"tag-video","24":"tag-videopelit","25":"tag-viihde","26":"tag-viihdeuutiset","27":"tag-xbox"},"share_on_mastodon":{"url":"https:\/\/pubeurope.com\/@fi\/115775000220859126","error":""},"_links":{"self":[{"href":"https:\/\/www.europesays.com\/fi\/wp-json\/wp\/v2\/posts\/124862","targetHints":{"allow":["GET"]}}],"collection":[{"href":"https:\/\/www.europesays.com\/fi\/wp-json\/wp\/v2\/posts"}],"about":[{"href":"https:\/\/www.europesays.com\/fi\/wp-json\/wp\/v2\/types\/post"}],"author":[{"embeddable":true,"href":"https:\/\/www.europesays.com\/fi\/wp-json\/wp\/v2\/users\/2"}],"replies":[{"embeddable":true,"href":"https:\/\/www.europesays.com\/fi\/wp-json\/wp\/v2\/comments?post=124862"}],"version-history":[{"count":0,"href":"https:\/\/www.europesays.com\/fi\/wp-json\/wp\/v2\/posts\/124862\/revisions"}],"wp:featuredmedia":[{"embeddable":true,"href":"https:\/\/www.europesays.com\/fi\/wp-json\/wp\/v2\/media\/124863"}],"wp:attachment":[{"href":"https:\/\/www.europesays.com\/fi\/wp-json\/wp\/v2\/media?parent=124862"}],"wp:term":[{"taxonomy":"category","embeddable":true,"href":"https:\/\/www.europesays.com\/fi\/wp-json\/wp\/v2\/categories?post=124862"},{"taxonomy":"post_tag","embeddable":true,"href":"https:\/\/www.europesays.com\/fi\/wp-json\/wp\/v2\/tags?post=124862"}],"curies":[{"name":"wp","href":"https:\/\/api.w.org\/{rel}","templated":true}]}}