{"id":124876,"date":"2025-12-24T14:50:10","date_gmt":"2025-12-24T14:50:10","guid":{"rendered":"https:\/\/www.europesays.com\/fi\/124876\/"},"modified":"2025-12-24T14:50:10","modified_gmt":"2025-12-24T14:50:10","slug":"pepe-willberg-viettaa-joulua-lapin-piilopirtissa","status":"publish","type":"post","link":"https:\/\/www.europesays.com\/fi\/124876\/","title":{"rendered":"Pepe Willberg viett\u00e4\u00e4 joulua Lapin piilopirtiss\u00e4."},"content":{"rendered":"<p>            Seiskan arkisto &amp; Adobe Stock\n        <\/p>\n<p class=\"subtitle \">Kolarikohussa marinoitunut Pepe matkusti kauas pohjoiseen.<\/p>\n<p class=\"article-content article-content-width !bg-background\">Kansan kestosuosikki , 79 on takanaan vauhdikas vuosi.<\/p>\n<p class=\"font-weight-bold m-font-weight-bold article-content article-content-width !bg-background\">Arkistovideolla Pepe Willberg esiintym\u00e4ss\u00e4 Lahden joulutorilla:<\/p>\n<p class=\"article-content article-content-width !bg-background\">Kev\u00e4\u00e4ll\u00e4 Pepe keikkaili ymp\u00e4ri Suomea. Kes\u00e4ll\u00e4 h\u00e4n piipahti Satulinnassa Vain el\u00e4m\u00e4\u00e4 -suosikkisarjan kuvauksissa.<\/p>\n<p class=\"article-content article-content-width !bg-background\">Tv-jakso paukahti ruutuun syksyll\u00e4. Silloin h\u00e4n my\u00f6s matkusti Espanjaan Aurinkorannikolle esiintym\u00e4\u00e4n.<\/p>\n<p class=\"article-content article-content-width !bg-background\">Aivan vuoden 2025 kalkkiviivoilla sattui viel\u00e4 ik\u00e4v\u00e4 selkkaus, kun Pepen uutisoitiin kolaroineen py\u00f6r\u00e4ilij\u00e4n kanssa Helsingiss\u00e4.<\/p>\n<p>        <a itemprop=\"url\" href=\"https:\/\/www.seiska.fi\/kotimaa\/seiska-loysi-pepe-willbergin-kirkosta-ymmarratte-varmaan\/2025260\" rel=\"nofollow noopener\" target=\"_blank\"><\/p>\n<p>\nPepe l\u00f6ytyi kirkosta\n<\/p>\n<p class=\"section-date\">\n        <strong class=\"article-section\" data-section=\"kotimaa\"><br \/>\n            kotimaa<br \/>\n        <\/strong><br \/>\n        17.12. 17:30\n    <\/p>\n<p>Seiska l\u00f6ysi Pepe Willbergin kirkosta: \u201cYmm\u00e4rr\u00e4tte varmaan\u201d\n    <\/p>\n<p itemprop=\"description\" class=\"subtitle \">\n    Seiska l\u00f6ysi kolarikohussa ryvettyneen suosikkilaulajan Lahdesta.\n<\/p>\n<p>        <\/a><\/p>\n<p>                <img decoding=\"async\" src=\"https:\/\/www.europesays.com\/fi\/wp-content\/uploads\/2025\/12\/2030576.webp\" width=\"576\" height=\"720\" alt=\"Pepe Willberg kertoo joulustaan Lapissa.\" loading=\"lazy\" \/>            <\/p>\n<p>\n            Pepe Willberg kertoo joulustaan Lapissa.<br \/>\n            Atte Kajova\n        <\/p>\n<p>Maisema vaihtui pohjoiseen<\/p>\n<p class=\"article-content article-content-width !bg-background\">Mutta nyt on aika ajaa koneet alas ja rauhoittua joulunviettoon.<\/p>\n<p class=\"article-content article-content-width !bg-background\">Sen Pepe tekee perhepiiriss\u00e4 lumoavan kauniissa Lapissa.<\/p>\n<p class=\"article-content article-content-width !bg-background\">Koko Kansan kultakurkku on n\u00e4et nostanut kytkint\u00e4 ja suunnannut \u00c4k\u00e4slompoloon, jossa h\u00e4nell\u00e4 on osaomistajuus lomam\u00f6kist\u00e4.<\/p>\n<p class=\"article-content article-content-width !bg-background\">\u2013 Se m\u00f6kki on ollut aika huonolla k\u00e4yt\u00f6ll\u00e4, kun se on niin kaukana. K\u00e4yd\u00e4\u00e4n nyt edes jouluna siell\u00e4, Pepe selostaa Seiskalle.<\/p>\n<p>        <a itemprop=\"url\" href=\"https:\/\/www.seiska.fi\/kotimaa\/pysayttava-puhelu-huippukokki-hans-valimaki-sai-tarjouksen-josta-ei-voinut-kieltaytya\/2008131\" rel=\"nofollow noopener\" target=\"_blank\"><\/p>\n<p>\nTarjous, josta ei voinut kielt\u00e4yty\u00e4\n<\/p>\n<p class=\"section-date\">\n        <strong class=\"article-section\" data-section=\"kotimaa\"><br \/>\n            kotimaa<br \/>\n        <\/strong><br \/>\n        3.12. 07:00\n    <\/p>\n<p>Pys\u00e4ytt\u00e4v\u00e4 puhelu! Huippukokki Hans V\u00e4lim\u00e4ki sai tarjouksen, josta ei voinut kielt\u00e4yty\u00e4\n    <\/p>\n<p itemprop=\"description\" class=\"subtitle \">\n    Michelin-palkittu keitti\u00f6mestari loi ravintolakonseptin Sampo Kaulasen miljoonaprojektiin.\n<\/p>\n<p>        <\/a><\/p>\n<p>Pepe ei p\u00e4\u00e4t\u00e4 mist\u00e4\u00e4n<\/p>\n<p class=\"article-content article-content-width !bg-background\">Pepe tunnetaan suurena maksalaatikon yst\u00e4v\u00e4n\u00e4. Sit\u00e4 herkkua l\u00f6ytyy luonnollisesti my\u00f6s \u00c4k\u00e4slompolon joulup\u00f6yd\u00e4st\u00e4.<\/p>\n<p class=\"article-content article-content-width !bg-background\">\u2013 Joo. Porokin olisi tietysti houkutteleva ajatus. Ja kinkku sek\u00e4 laatikot.<\/p>\n<p class=\"article-content article-content-width !bg-background\">\u2013 Mutta m\u00e4h\u00e4n en noista ruoka-asioista juurikaan p\u00e4\u00e4t\u00e4. Mulla ei ole puheoikeutta silloin, kun menn\u00e4\u00e4n ruokakauppaan.<\/p>\n<p>        <a itemprop=\"url\" href=\"https:\/\/www.seiska.fi\/kotimaa\/pepe-willberg-hermostui-espanjassa-tykittaa-seiskalle-pauliinalla-on-tapana\/1537972\" rel=\"nofollow noopener\" target=\"_blank\"><\/p>\n<p class=\"section-date\">\n        <strong class=\"article-section\" data-section=\"kotimaa\"><br \/>\n            kotimaa<br \/>\n        <\/strong><br \/>\n        1.12.2024 10:30\n    <\/p>\n<p>Pepe Willberg hermostui Espanjassa \u2013 tykitt\u00e4\u00e4 Seiskalle: \u201dPauliinalla on tapana\u2026\u201d\n    <\/p>\n<p itemprop=\"description\" class=\"subtitle \">\n    Rakastetulla laulajalla kuumeni k\u00e4\u00e4mit Malagan lentokent\u00e4ll\u00e4.\n<\/p>\n<p>        <\/a><\/p>\n<p>                <img decoding=\"async\" src=\"https:\/\/www.europesays.com\/fi\/wp-content\/uploads\/2025\/12\/2030583.webp\" width=\"576\" height=\"322\" alt=\"Pepe perheineen nauttii jouluna Lapin lumosta.\" loading=\"lazy\" \/>            <\/p>\n<p>\n            Pepe perheineen nauttii jouluna Lapin lumosta.<br \/>\n            AOP\n        <\/p>\n<p>Helppo lahjakuvio<\/p>\n<p class=\"article-content article-content-width !bg-background\">Aasinsilta johdattaa Pepen puolisoon , jolla on kuulemma viimeinen sana joulutarjoiluiden suhteen.<\/p>\n<p class=\"font-weight-bold m-font-weight-bold article-content article-content-width !bg-background\">Pepe, onko Pauliinalle helppo keksi\u00e4 joululahjoja?<\/p>\n<p class=\"article-content article-content-width !bg-background\">\u2013 Ei. Me tehd\u00e4\u00e4n usein niin, ett\u00e4 ostetaan itsellemme mieleiset joululahjat jo etuk\u00e4teen ja annamme ne sitten toisillemme, Pepe paljastaa.<\/p>\n<p class=\"article-content article-content-width !bg-background\">\u2013 Sukat ja kalsarit olisivat kyll\u00e4 olleet kova sana. T\u00e4n\u00e4kin vuonna.<\/p>\n<p>                <img decoding=\"async\" src=\"https:\/\/www.europesays.com\/fi\/wp-content\/uploads\/2025\/12\/2030585.webp\" width=\"576\" height=\"720\" alt=\"Pauliina ja Pepe ovat olleet pitk\u00e4\u00e4n yhdess\u00e4.\" loading=\"lazy\" \/>            <\/p>\n<p>\n            Pauliina ja Pepe ovat olleet pitk\u00e4\u00e4n yhdess\u00e4.<br \/>\n            Matti Matikainen\n        <\/p>\n<p>Pepe taas pukkina<\/p>\n<p class=\"article-content article-content-width !bg-background\">Hieman yll\u00e4tt\u00e4en Pepe ei aio lainkaan laulaa luikauttaa joulun kunniaksi. Ei, vaikka h\u00e4n heitti hiljattain satumaisen kauniin joulukiertueenkin.<\/p>\n<p class=\"article-content article-content-width !bg-background\">Ilmeisesti on niin, ett\u00e4 herrasmies saa laulaa ty\u00f6kseen ihan riitt\u00e4v\u00e4sti?<\/p>\n<p class=\"article-content article-content-width !bg-background\">\u2013 M\u00e4 luulen, ett\u00e4 joudun olemaan t\u00e4n\u00e4 vuonna joulupukki. Tosin skidit ei mene kyll\u00e4 koskaan siihen halpaan. Ne keksii heti, ett\u00e4 se olen m\u00e4.<\/p>\n<p>        <a itemprop=\"url\" href=\"https:\/\/www.seiska.fi\/kotimaa\/herttinen-pauliina-visurilta-intiimi-paljastus-pepe-willbergista-kokonaan-ilman\/1884112\" rel=\"nofollow noopener\" target=\"_blank\"><\/p>\n<p>\nSuoraa puhetta Seiskalle\n<\/p>\n<p class=\"section-date\">\n        <strong class=\"article-section\" data-section=\"kotimaa\"><br \/>\n            kotimaa<br \/>\n        <\/strong><br \/>\n        2.8. 11:00\n    <\/p>\n<p>Herttinen! Pauliina Visurilta intiimi paljastus Pepe Willbergist\u00e4: \u201dKokonaan ilman\u201d\n    <\/p>\n<p itemprop=\"description\" class=\"subtitle \">\n    Laulajalegenda raottaa Seiskalle harvinaisesti yksityisel\u00e4m\u00e4ns\u00e4 verhoa.\n<\/p>\n<p>        <\/a><\/p>\n","protected":false},"excerpt":{"rendered":"Seiskan arkisto &amp; Adobe Stock Kolarikohussa marinoitunut Pepe matkusti kauas pohjoiseen. Kansan kestosuosikki , 79 on takanaan vauhdikas&hellip;\n","protected":false},"author":2,"featured_media":124877,"comment_status":"","ping_status":"","sticky":false,"template":"","format":"standard","meta":{"footnotes":""},"categories":[136],"tags":[19434,407,137,33,31,30,5856,19964,408,1750,5372,7198,667,5159,1478,6424,8933,8931,32,109,7193],"class_list":{"0":"post-124876","1":"post","2":"type-post","3":"status-publish","4":"format-standard","5":"has-post-thumbnail","7":"category-julkkikset","8":"tag-akaslompolo","9":"tag-celebrities","10":"tag-entertainment","11":"tag-fi","12":"tag-finland","13":"tag-finnish","14":"tag-joulu","15":"tag-joulunvietto","16":"tag-julkkikset","17":"tag-kohu","18":"tag-kolari","19":"tag-lansi-lappi","20":"tag-lappi","21":"tag-laulaja","22":"tag-matkailu","23":"tag-mokki","24":"tag-pauliina-visuri","25":"tag-pepe-willberg","26":"tag-suomi","27":"tag-viihde","28":"tag-yllas"},"share_on_mastodon":{"url":"https:\/\/pubeurope.com\/@fi\/115775106373481613","error":""},"_links":{"self":[{"href":"https:\/\/www.europesays.com\/fi\/wp-json\/wp\/v2\/posts\/124876","targetHints":{"allow":["GET"]}}],"collection":[{"href":"https:\/\/www.europesays.com\/fi\/wp-json\/wp\/v2\/posts"}],"about":[{"href":"https:\/\/www.europesays.com\/fi\/wp-json\/wp\/v2\/types\/post"}],"author":[{"embeddable":true,"href":"https:\/\/www.europesays.com\/fi\/wp-json\/wp\/v2\/users\/2"}],"replies":[{"embeddable":true,"href":"https:\/\/www.europesays.com\/fi\/wp-json\/wp\/v2\/comments?post=124876"}],"version-history":[{"count":0,"href":"https:\/\/www.europesays.com\/fi\/wp-json\/wp\/v2\/posts\/124876\/revisions"}],"wp:featuredmedia":[{"embeddable":true,"href":"https:\/\/www.europesays.com\/fi\/wp-json\/wp\/v2\/media\/124877"}],"wp:attachment":[{"href":"https:\/\/www.europesays.com\/fi\/wp-json\/wp\/v2\/media?parent=124876"}],"wp:term":[{"taxonomy":"category","embeddable":true,"href":"https:\/\/www.europesays.com\/fi\/wp-json\/wp\/v2\/categories?post=124876"},{"taxonomy":"post_tag","embeddable":true,"href":"https:\/\/www.europesays.com\/fi\/wp-json\/wp\/v2\/tags?post=124876"}],"curies":[{"name":"wp","href":"https:\/\/api.w.org\/{rel}","templated":true}]}}