{"id":124888,"date":"2025-12-24T15:03:12","date_gmt":"2025-12-24T15:03:12","guid":{"rendered":"https:\/\/www.europesays.com\/fi\/124888\/"},"modified":"2025-12-24T15:03:12","modified_gmt":"2025-12-24T15:03:12","slug":"lapissa-harvinainen-saailmio-lentokoneet-pyorivat-ympyraa-kittilan-taivaalla","status":"publish","type":"post","link":"https:\/\/www.europesays.com\/fi\/124888\/","title":{"rendered":"Lapissa harvinainen s\u00e4\u00e4ilmi\u00f6 \u2013 Lentokoneet py\u00f6riv\u00e4t ympyr\u00e4\u00e4 Kittil\u00e4n taivaalla"},"content":{"rendered":"<p>Ilmatieteen laitoksen meteorologin Juha Jantusen mukaan j\u00e4\u00e4t\u00e4v\u00e4 vesisade voi kymmenen asteen pakkasessa tehd\u00e4 \u201dt\u00e4yden luistinradan\u201d.<\/p>\n<p><img decoding=\"async\" class=\"image image-show image-preview\" src=\"https:\/\/www.europesays.com\/fi\/wp-content\/uploads\/2025\/12\/89f4d606e34f91280a2e7ebe5f2b106b5b475ef4d292db8bdc7a21229e917f8b.jpg\" alt=\"\"\/><img decoding=\"async\" class=\"image image-show\" src=\"https:\/\/www.europesays.com\/fi\/wp-content\/uploads\/2025\/12\/1766588590_762_89f4d606e34f91280a2e7ebe5f2b106b5b475ef4d292db8bdc7a21229e917f8b.jpg\" alt=\"\"\/><\/p>\n<p>Useat Kittil\u00e4\u00e4n saapumassa olleet lennot laskeutuivat my\u00f6h\u00e4ss\u00e4 jouluaaton iltap\u00e4iv\u00e4n\u00e4. Kuvituskuva. Kai Tirkkonen<\/p>\n<p class=\"paragraph\">Lapissa on reippaasta pakkasesta huolimatta satanut j\u00e4\u00e4t\u00e4v\u00e4\u00e4 vett\u00e4 jouluaattona. J\u00e4\u00e4t\u00e4v\u00e4ss\u00e4 sateessa vesipisarat ovat alle nolla-asteisia ja j\u00e4\u00e4tyv\u00e4t v\u00e4litt\u00f6m\u00e4sti osuessaan maahan.<\/p>\n<p class=\"paragraph\">Ilmatieteen laitoksen p\u00e4ivyst\u00e4v\u00e4n meteorologin <strong>Juha Jantusen<\/strong> mukaan j\u00e4\u00e4t\u00e4v\u00e4\u00e4 vett\u00e4 on satanut iltap\u00e4iv\u00e4ll\u00e4 Pohjois- ja Keski-Lapissa paikoittain jopa kaksi millimetri\u00e4.<\/p>\n<p class=\"paragraph\">\u2013 Jos sit\u00e4 tulee tuollainen millimetri tai kaksi, niin jossain \u201310 asteen l\u00e4mp\u00f6tilassa se saattaa tehd\u00e4 kyll\u00e4 ihan t\u00e4yden luistinradan, Jantunen sanoo.<\/p>\n<p class=\"paragraph\">Finavian verkkosivujen mukaan useat Kittil\u00e4n lentoasemalle iltap\u00e4iv\u00e4ll\u00e4 saapuneet lentokoneet laskeutuivat aikataulustaan my\u00f6h\u00e4ss\u00e4. Lentoliikennett\u00e4 seuraavassa Flightradar24-palvelussa n\u00e4kyy, kuinka lentokoneet py\u00f6riv\u00e4t lentoaseman l\u00e4heisyydess\u00e4 ennen laskeutumistaan.<\/p>\n<p class=\"paragraph\">Juttu jatkuu kuvan j\u00e4lkeen.<\/p>\n<p>Lentokoneet kaartelivat iltap\u00e4iv\u00e4ll\u00e4 Kittil\u00e4n lentoaseman l\u00e4hist\u00f6ll\u00e4 ennen laskeutumistaan. Kuvakaappaus Flightradar24-palvelusta<\/p>\n<p class=\"paragraph\">Iltalehti ei tavoittanut lennonvarmistuksesta vastaavan Fintrafficin edustajaa kommentoimaan, johtuiko lentojen my\u00f6h\u00e4styminen j\u00e4\u00e4t\u00e4v\u00e4st\u00e4 sateesta.<\/p>\n<p class=\"paragraph\">Ilmatieteen laitoksen Jantunen arvelee, ett\u00e4 j\u00e4\u00e4t\u00e4v\u00e4 sade voi hyvinkin aiheuttaa viiv\u00e4styksi\u00e4 lentoliikenteeseen.<\/p>\n<p class=\"paragraph\">\u2013 Kyll\u00e4 juuri tuon tyyppinen saattaa viiv\u00e4styksi\u00e4 aiheuttaa, Jantunen sanoo.<\/p>\n<p class=\"paragraph\">Kittil\u00e4ss\u00e4 oli jouluaattona iltap\u00e4iv\u00e4ll\u00e4 l\u00e4hes kymmenen astetta pakkasta. Jantusen mukaan j\u00e4\u00e4t\u00e4v\u00e4 sade niin alhaisessa l\u00e4mp\u00f6tilassa on ep\u00e4tavallista, joskaan ei aivan tavatonta.<\/p>\n<p class=\"paragraph\">\u2013 Se on harvinaista, mutta kyll\u00e4 n\u00e4it\u00e4 t\u00e4m\u00e4ntyyppisi\u00e4 tilanteita on ihan joka talvi.<\/p>\n<p class=\"paragraph\">Iltap\u00e4iv\u00e4n edetess\u00e4 sateet ovat siirtyneet it\u00e4\u00e4 kohti. Lappiin onkin annettu iltakahdeksaan asti voimassa oleva liikennetiedote, jossa varoitetaan ajokelin olevan paikoin huono j\u00e4\u00e4t\u00e4v\u00e4n vesisateen vuoksi.<\/p>\n<p><a href=\"https:\/\/www.iltalehti.fi\/parassaa?storeCampaign=ArticleBottomBanner\" rel=\"nofollow noopener\" target=\"_blank\"><img decoding=\"async\" src=\"https:\/\/www.europesays.com\/fi\/wp-content\/uploads\/2025\/08\/d0fd7860228df4fdd5fd0367e49d769aa09b08189080ddc5ccdd8c31ad63aca9.png\" alt=\"IL Paras S\u00e4\u00e4 - S\u00e4\u00e4tiedot ja s\u00e4\u00e4ennusteet\"\/><\/a><\/p>\n","protected":false},"excerpt":{"rendered":"Ilmatieteen laitoksen meteorologin Juha Jantusen mukaan j\u00e4\u00e4t\u00e4v\u00e4 vesisade voi kymmenen asteen pakkasessa tehd\u00e4 \u201dt\u00e4yden luistinradan\u201d. Useat Kittil\u00e4\u00e4n saapumassa&hellip;\n","protected":false},"author":2,"featured_media":124889,"comment_status":"","ping_status":"","sticky":false,"template":"","format":"standard","meta":{"footnotes":""},"categories":[12],"tags":[35,22,23,26,27,33,31,30,17,713,24,25,121,28,29,715,15,18,21,710,714,32,19,20,16],"class_list":{"0":"post-124888","1":"post","2":"type-post","3":"status-publish","4":"format-standard","5":"has-post-thumbnail","7":"category-suomi","8":"tag-24h","9":"tag-breaking-news","10":"tag-breakingnews","11":"tag-featured-news","12":"tag-featurednews","13":"tag-fi","14":"tag-finland","15":"tag-finnish","16":"tag-headlines","17":"tag-lampotila-saa","18":"tag-latest-news","19":"tag-latestnews","20":"tag-liikenne-ja-kuljetus","21":"tag-main-news","22":"tag-mainnews","23":"tag-meteorologia","24":"tag-news","25":"tag-otsikot","26":"tag-paauutiset","27":"tag-saa","28":"tag-saaennustus","29":"tag-suomi","30":"tag-top-stories","31":"tag-topstories","32":"tag-uutiset"},"share_on_mastodon":{"url":"https:\/\/pubeurope.com\/@fi\/115775157564132021","error":""},"_links":{"self":[{"href":"https:\/\/www.europesays.com\/fi\/wp-json\/wp\/v2\/posts\/124888","targetHints":{"allow":["GET"]}}],"collection":[{"href":"https:\/\/www.europesays.com\/fi\/wp-json\/wp\/v2\/posts"}],"about":[{"href":"https:\/\/www.europesays.com\/fi\/wp-json\/wp\/v2\/types\/post"}],"author":[{"embeddable":true,"href":"https:\/\/www.europesays.com\/fi\/wp-json\/wp\/v2\/users\/2"}],"replies":[{"embeddable":true,"href":"https:\/\/www.europesays.com\/fi\/wp-json\/wp\/v2\/comments?post=124888"}],"version-history":[{"count":0,"href":"https:\/\/www.europesays.com\/fi\/wp-json\/wp\/v2\/posts\/124888\/revisions"}],"wp:featuredmedia":[{"embeddable":true,"href":"https:\/\/www.europesays.com\/fi\/wp-json\/wp\/v2\/media\/124889"}],"wp:attachment":[{"href":"https:\/\/www.europesays.com\/fi\/wp-json\/wp\/v2\/media?parent=124888"}],"wp:term":[{"taxonomy":"category","embeddable":true,"href":"https:\/\/www.europesays.com\/fi\/wp-json\/wp\/v2\/categories?post=124888"},{"taxonomy":"post_tag","embeddable":true,"href":"https:\/\/www.europesays.com\/fi\/wp-json\/wp\/v2\/tags?post=124888"}],"curies":[{"name":"wp","href":"https:\/\/api.w.org\/{rel}","templated":true}]}}