{"id":124894,"date":"2025-12-24T15:22:09","date_gmt":"2025-12-24T15:22:09","guid":{"rendered":"https:\/\/www.europesays.com\/fi\/124894\/"},"modified":"2025-12-24T15:22:09","modified_gmt":"2025-12-24T15:22:09","slug":"mikali-viimevuotinen-joker-folie-a-deux-kiinnostaa-huomenna-ilmestyy-youtubeen-nahtavaa","status":"publish","type":"post","link":"https:\/\/www.europesays.com\/fi\/124894\/","title":{"rendered":"Mik\u00e4li viimevuotinen Joker: Folie \u00e0 Deux kiinnostaa, huomenna ilmestyy Youtubeen n\u00e4ht\u00e4v\u00e4\u00e4"},"content":{"rendered":"<p>Satuitko pit\u00e4m\u00e4\u00e4n viime vuonna ilmestuneen Joker: Folie \u00e0 Deux -elokuvan musiikista? Ent\u00e4 pid\u00e4tk\u00f6 leffassa n\u00e4ytelleen Lady Gagan s\u00e4veltaiteesta? Mik\u00e4li ny\u00f6kyttelet n\u00e4iden kysymysten \u00e4\u00e4rell\u00e4, kallista nyt korvasi. Gaga nimitt\u00e4in kertoo, ett\u00e4 artistin Youtube-kanavalle ilmestyy jouluaattona kiinnostavaa n\u00e4ht\u00e4v\u00e4\u00e4.<\/p>\n<p>Gaga tarjoaa yleis\u00f6lle aattona uuden konserttielokuvan n\u00e4ht\u00e4v\u00e4ksi. Teoksen nimi on Lady Gaga in Harlequin Live: One Night Only, ja Gaga esitt\u00e4\u00e4 siin\u00e4 vuoden 2024 Harlequin-albuminsa kokonaisuudessaan. T\u00e4m\u00e4 levy tehtiin er\u00e4\u00e4nlaiseksi \u201dkumppanilevyksi\u201d Joker: Folie \u00e0 Deux\u2019lle, ja sill\u00e4 on mukana my\u00f6s elokuvasta tuttuja s\u00e4velmi\u00e4. Konsertti taltioitiin 30. syyskuuta 2024 Los Angelesin Belasco Theatressa. Katso Gagan p\u00e4ivitys alempaa: <\/p>\n<blockquote class=\"instagram-media\" data-instgrm-captioned=\"\" data-instgrm-permalink=\"https:\/\/www.instagram.com\/p\/DSkv1UyDxsT\/?utm_source=ig_embed&amp;utm_campaign=loading\" data-instgrm-version=\"14\" style=\" background:#FFF; border:0; border-radius:3px; box-shadow:0 0 1px 0 rgba(0,0,0,0.5),0 1px 10px 0 rgba(0,0,0,0.15); margin: 1px; max-width:540px; min-width:326px; padding:0; width:99.375%; width:-webkit-calc(100% - 2px); width:calc(100% - 2px);\">\n<\/blockquote>\n<p>Lue my\u00f6s: <a href=\"https:\/\/www.episodi.fi\/uutiskirje\/?uutiskirjemainos=tekstilinkkimainos\" title=\"Tilaa Episodin uutiskirje ja voit voittaa leffalippuja! Nappaa tv-vinkit suoraan s\u00e4hk\u00f6postiin t\u00e4st\u00e4.\" class=\"underline-custom !font-montserrat !font-bold !underline-offset-4 !decoration-4 !decoration-episodi-blue !text-md\" rel=\"nofollow noopener\" target=\"_blank\">Tilaa Episodin uutiskirje ja voit voittaa leffalippuja! Nappaa katseluvinkit suoraan s\u00e4hk\u00f6postiin t\u00e4st\u00e4.<\/a><\/p>\n<p>\t\t\t<script async src=\"\/\/www.instagram.com\/embed.js\"><\/script><\/p>\n","protected":false},"excerpt":{"rendered":"Satuitko pit\u00e4m\u00e4\u00e4n viime vuonna ilmestuneen Joker: Folie \u00e0 Deux -elokuvan musiikista? Ent\u00e4 pid\u00e4tk\u00f6 leffassa n\u00e4ytelleen Lady Gagan s\u00e4veltaiteesta?&hellip;\n","protected":false},"author":2,"featured_media":124895,"comment_status":"","ping_status":"","sticky":false,"template":"","format":"standard","meta":{"footnotes":""},"categories":[131],"tags":[155,137,33,173,31,30,18328,2070,172,32,109],"class_list":{"0":"post-124894","1":"post","2":"type-post","3":"status-publish","4":"format-standard","5":"has-post-thumbnail","7":"category-elokuvat","8":"tag-elokuvat","9":"tag-entertainment","10":"tag-fi","11":"tag-film","12":"tag-finland","13":"tag-finnish","14":"tag-joker-folie-a-deux","15":"tag-lady-gaga","16":"tag-movies","17":"tag-suomi","18":"tag-viihde"},"share_on_mastodon":{"url":"https:\/\/pubeurope.com\/@fi\/115775231953837993","error":""},"_links":{"self":[{"href":"https:\/\/www.europesays.com\/fi\/wp-json\/wp\/v2\/posts\/124894","targetHints":{"allow":["GET"]}}],"collection":[{"href":"https:\/\/www.europesays.com\/fi\/wp-json\/wp\/v2\/posts"}],"about":[{"href":"https:\/\/www.europesays.com\/fi\/wp-json\/wp\/v2\/types\/post"}],"author":[{"embeddable":true,"href":"https:\/\/www.europesays.com\/fi\/wp-json\/wp\/v2\/users\/2"}],"replies":[{"embeddable":true,"href":"https:\/\/www.europesays.com\/fi\/wp-json\/wp\/v2\/comments?post=124894"}],"version-history":[{"count":0,"href":"https:\/\/www.europesays.com\/fi\/wp-json\/wp\/v2\/posts\/124894\/revisions"}],"wp:featuredmedia":[{"embeddable":true,"href":"https:\/\/www.europesays.com\/fi\/wp-json\/wp\/v2\/media\/124895"}],"wp:attachment":[{"href":"https:\/\/www.europesays.com\/fi\/wp-json\/wp\/v2\/media?parent=124894"}],"wp:term":[{"taxonomy":"category","embeddable":true,"href":"https:\/\/www.europesays.com\/fi\/wp-json\/wp\/v2\/categories?post=124894"},{"taxonomy":"post_tag","embeddable":true,"href":"https:\/\/www.europesays.com\/fi\/wp-json\/wp\/v2\/tags?post=124894"}],"curies":[{"name":"wp","href":"https:\/\/api.w.org\/{rel}","templated":true}]}}