{"id":124915,"date":"2025-12-24T15:55:26","date_gmt":"2025-12-24T15:55:26","guid":{"rendered":"https:\/\/www.europesays.com\/fi\/124915\/"},"modified":"2025-12-24T15:55:26","modified_gmt":"2025-12-24T15:55:26","slug":"gavlen-olkipukki-selvisi-aattoon-asti-tihutoilta-saastyttiin-joulun-alla-uutisia-lyhyesti","status":"publish","type":"post","link":"https:\/\/www.europesays.com\/fi\/124915\/","title":{"rendered":"G\u00e4vlen olkipukki selvisi aattoon asti \u2013 tihut\u00f6ilt\u00e4 s\u00e4\u00e4styttiin joulun alla | Uutisia lyhyesti"},"content":{"rendered":"<p class=\"aw-1gybjub aw-1p7kakr kEtdKx cEmitX yle__article__paragraph\">G\u00e4vlen pukkia seurataan joulun aikaan tarkasti Ruotsissa ja muissa pohjoismaissa.<\/p>\n<p class=\"aw-1gybjub aw-1p7kakr kEtdKx cEmitX yle__article__paragraph\"><a class=\"aw-iao6s4 iHOxEa yle__article__link\" href=\"https:\/\/www.visitgavle.se\/en\/gavle-goat\" role=\"link\" rel=\"nofollow noopener\" target=\"_blank\">Visit G\u00e4vle-matkailusivustolla <\/a>pukin vaiheita voi seurata reaaliajassa.<\/p>\n<p class=\"aw-1gybjub aw-1p7kakr kEtdKx cEmitX yle__article__paragraph\">Jouluinen pukki on G\u00e4vlen alueen tunnetuin talvin\u00e4ht\u00e4vyys. Sen vaiheista julkaistaan lehdist\u00f6tiedotteita ja jaetaan somepostauksia.<\/p>\n<p class=\"aw-1gybjub aw-1p7kakr kEtdKx cEmitX yle__article__paragraph\">Pukki pystytettiin kaupungin keskustaan marraskuun lopussa. Se on katsellut kaupunkia joka joulu vuodesta 1966.<\/p>\n<p class=\"aw-1gybjub aw-1p7kakr kEtdKx cEmitX yle__article__paragraph\">Pukki on selviytymiskisan voittaja jo toista vuotta per\u00e4kk\u00e4in. <a class=\"aw-iao6s4 iHOxEa yle__article__link\" href=\"https:\/\/yle.fi\/a\/74-20066611\" role=\"link\" rel=\"nofollow noopener\" target=\"_blank\">Vuonna 2023<\/a> naakat s\u00f6iv\u00e4t G\u00e4vlen olkipukin rangaksi.<\/p>\n<p class=\"aw-1gybjub aw-1p7kakr kEtdKx cEmitX yle__article__paragraph\">Viimeksi pukki paloi poroksi vuonna 2021.<\/p>\n","protected":false},"excerpt":{"rendered":"G\u00e4vlen pukkia seurataan joulun aikaan tarkasti Ruotsissa ja muissa pohjoismaissa. Visit G\u00e4vle-matkailusivustolla pukin vaiheita voi seurata reaaliajassa. Jouluinen&hellip;\n","protected":false},"author":2,"featured_media":124916,"comment_status":"","ping_status":"","sticky":false,"template":"","format":"standard","meta":{"footnotes":""},"categories":[14],"tags":[22,23,26,27,33,31,30,15854,19701,17,17695,24,25,28,29,1478,15,19702,18,21,32,19,20,56,16,59,60,61],"class_list":{"0":"post-124915","1":"post","2":"type-post","3":"status-publish","4":"format-standard","5":"has-post-thumbnail","7":"category-ulkomaat","8":"tag-breaking-news","9":"tag-breakingnews","10":"tag-featured-news","11":"tag-featurednews","12":"tag-fi","13":"tag-finland","14":"tag-finnish","15":"tag-gavle","16":"tag-gavlen-pukki","17":"tag-headlines","18":"tag-jouluperinteet","19":"tag-latest-news","20":"tag-latestnews","21":"tag-main-news","22":"tag-mainnews","23":"tag-matkailu","24":"tag-news","25":"tag-olkipukki","26":"tag-otsikot","27":"tag-paauutiset","28":"tag-suomi","29":"tag-top-stories","30":"tag-topstories","31":"tag-ulkomaat","32":"tag-uutiset","33":"tag-world","34":"tag-world-news","35":"tag-worldnews"},"share_on_mastodon":{"url":"https:\/\/pubeurope.com\/@fi\/115775361717573767","error":""},"_links":{"self":[{"href":"https:\/\/www.europesays.com\/fi\/wp-json\/wp\/v2\/posts\/124915","targetHints":{"allow":["GET"]}}],"collection":[{"href":"https:\/\/www.europesays.com\/fi\/wp-json\/wp\/v2\/posts"}],"about":[{"href":"https:\/\/www.europesays.com\/fi\/wp-json\/wp\/v2\/types\/post"}],"author":[{"embeddable":true,"href":"https:\/\/www.europesays.com\/fi\/wp-json\/wp\/v2\/users\/2"}],"replies":[{"embeddable":true,"href":"https:\/\/www.europesays.com\/fi\/wp-json\/wp\/v2\/comments?post=124915"}],"version-history":[{"count":0,"href":"https:\/\/www.europesays.com\/fi\/wp-json\/wp\/v2\/posts\/124915\/revisions"}],"wp:featuredmedia":[{"embeddable":true,"href":"https:\/\/www.europesays.com\/fi\/wp-json\/wp\/v2\/media\/124916"}],"wp:attachment":[{"href":"https:\/\/www.europesays.com\/fi\/wp-json\/wp\/v2\/media?parent=124915"}],"wp:term":[{"taxonomy":"category","embeddable":true,"href":"https:\/\/www.europesays.com\/fi\/wp-json\/wp\/v2\/categories?post=124915"},{"taxonomy":"post_tag","embeddable":true,"href":"https:\/\/www.europesays.com\/fi\/wp-json\/wp\/v2\/tags?post=124915"}],"curies":[{"name":"wp","href":"https:\/\/api.w.org\/{rel}","templated":true}]}}