{"id":124917,"date":"2025-12-24T15:57:18","date_gmt":"2025-12-24T15:57:18","guid":{"rendered":"https:\/\/www.europesays.com\/fi\/124917\/"},"modified":"2025-12-24T15:57:18","modified_gmt":"2025-12-24T15:57:18","slug":"cnn-myontaa-joulupukki-on-suomesta","status":"publish","type":"post","link":"https:\/\/www.europesays.com\/fi\/124917\/","title":{"rendered":"CNN my\u00f6nt\u00e4\u00e4: Joulupukki on Suomesta"},"content":{"rendered":"<p>Yhdysvaltalaismedia julkaisi videon, jossa joulupukki l\u00e4htee matkaan Suomesta. <\/p>\n<p><img decoding=\"async\" class=\"image image-show image-preview\" src=\"https:\/\/www.europesays.com\/fi\/wp-content\/uploads\/2025\/12\/c3c6610d4827121169e8e60d011111662fd1874d6568e9e612e085c9a3cfc539.jpg\" alt=\"\"\/><img decoding=\"async\" class=\"image image-show\" src=\"https:\/\/www.europesays.com\/fi\/wp-content\/uploads\/2025\/12\/1766591838_132_c3c6610d4827121169e8e60d011111662fd1874d6568e9e612e085c9a3cfc539.jpg\" alt=\"\"\/><\/p>\n<p>Jouluturismi kukoistaa Rovaniemell\u00e4.  Kaisa Siren<\/p>\n<p class=\"paragraph\">Iso yhdysvaltalaismedia <a href=\"https:\/\/edition.cnn.com\/2025\/12\/24\/world\/video\/santa-finland-rdr-122412aseg2-cnni-world-fast\" rel=\"noopener nofollow\" target=\"_blank\">CNN<\/a> uutisoi joulupukin matkan alkaneen Suomesta.<\/p>\n<p class=\"paragraph\">\u201dSanta sets off from Finland for Christmas\u201d, kuuluu median sivuilla julkaistun videon otsikko.<\/p>\n<p class=\"paragraph\">Videolla n\u00e4kyy, kuinka joulupukki taluttaa poroa ja ajaa reke\u00e4\u00e4n poron kanssa talvisessa maisemassa. Video on kreditoitu Suomea matkailumaana markkinoivalla Visit Finlandille.<\/p>\n<p class=\"paragraph\">\u2013 Valmistelut ovat virallisesti alkaneet joulupukin pitk\u00e4\u00e4 matkaa varten joulun alla. H\u00e4net n\u00e4htiin virallisessa kotikyl\u00e4ss\u00e4\u00e4n napapiirill\u00e4 laittamassa kuntoon reke\u00e4\u00e4n ja porojaan, kun h\u00e4n valmistautuu jakamaan lahjoja lapsille ymp\u00e4ri maailman, videolla kerrotaan.<\/p>\n<p>CNN kertoi joulupukin matkan alkaneen.  Kuvakaappaus CNN<\/p>\n<p class=\"paragraph\">CNN kertoo, ett\u00e4 joulupukin kyl\u00e4 on my\u00f6s t\u00e4ynn\u00e4 tuhansia turisteja, jotka haluavat kokea joulun taian.<\/p>\n<p class=\"paragraph\">Yhdysvalloissa monet ajattelevat perinteisesti, ett\u00e4 joulupukki asuu Korvatunturin sijaan pohjoisnavalla. Talousmedia <a href=\"https:\/\/www.businessinsider.com\/what-the-north-pole-looks-like-photos-2018-12\" target=\"_blank\" rel=\"noopener nofollow\">Business Insider<\/a> kyll\u00e4kin nostaa vuonna 2018 julkaistussa jutussaan esiin, ett\u00e4 pohjoisnapa olisi ehk\u00e4 huonoin mahdollinen paikka py\u00f6ritt\u00e4\u00e4 leluverstasta.<\/p>\n<p class=\"paragraph\">Suomen markkinointi joulupukin kotimaana on onnistunut jo niin hyvin, ett\u00e4 se aiheuttaa isoja ongelmia Lapissa. Esimerkiksi Airbnb-vuokraus pahentaa asuntopulaan Rovaniemell\u00e4. Vaikka turisteille myyd\u00e4\u00e4n esimerkiksi revontulienkatselua rajuilla hinnoilla, Rovaniemen saavat verotulot ovat <a href=\"https:\/\/www.iltalehti.fi\/kotimaa\/0028a49e-466c-4b20-8267-09abe31f8dc6\" rel=\"nofollow noopener\" target=\"_blank\">pienentyneet<\/a>.<\/p>\n<p class=\"paragraph\">Englanninkielinen verkkomedia <a href=\"https:\/\/europeancorrespondent.com\/en\/r\/santas-village-is-overcrowded\" target=\"_blank\" rel=\"noopener nofollow\">The European Correspondent<\/a> nostaa joulupukkibuumin k\u00e4\u00e4nt\u00f6puolta koskevassa jutussaan esiin my\u00f6s saamelaisen kulttuurin hyv\u00e4ksik\u00e4ytt\u00e4misen ja v\u00e4\u00e4r\u00e4nlaisen esitt\u00e4misen Lapin turismissa. Saamelaisk\u00e4r\u00e4j\u00e4t on julkaissut englanninkielisen <a href=\"https:\/\/samediggi.fi\/en\/areas-of-expertise\/livelihoods-justice-and-environment\/ethical-guidelines-for-sami-tourism\/\" target=\"_blank\" rel=\"noopener nofollow\">oppaan<\/a> siit\u00e4, miten saamelaiskulttuuriin liittyv\u00e4\u00e4 turismia voidaan harjoittaa vastuullisesti.<\/p>\n<p class=\"paragraph\">Aivan t\u00e4ysin Suomen markkinointi ei n\u00e4yt\u00e4 kuitenkaan onnistuneen. Iso australialainen uutismedia <a href=\"https:\/\/www.youtube.com\/watch?v=ifkFThUNH5I\" target=\"_blank\" rel=\"noopener nofollow\">7News<\/a> nimitt\u00e4in jakaa samaa videokuvaa saatteella, jonka mukaan joulupukki l\u00e4hti matkaan pohjoisnavalta.<\/p>\n","protected":false},"excerpt":{"rendered":"Yhdysvaltalaismedia julkaisi videon, jossa joulupukki l\u00e4htee matkaan Suomesta. Jouluturismi kukoistaa Rovaniemell\u00e4. Kaisa Siren Iso yhdysvaltalaismedia CNN uutisoi joulupukin&hellip;\n","protected":false},"author":2,"featured_media":124918,"comment_status":"","ping_status":"","sticky":false,"template":"","format":"standard","meta":{"footnotes":""},"categories":[12],"tags":[35,22,23,26,27,33,31,30,17,3674,14442,4355,24,25,28,29,923,15,18,21,32,19,20,2793,16],"class_list":{"0":"post-124917","1":"post","2":"type-post","3":"status-publish","4":"format-standard","5":"has-post-thumbnail","7":"category-suomi","8":"tag-24h","9":"tag-breaking-news","10":"tag-breakingnews","11":"tag-featured-news","12":"tag-featurednews","13":"tag-fi","14":"tag-finland","15":"tag-finnish","16":"tag-headlines","17":"tag-juhla-ja-vapaapaivat","18":"tag-kansalliset-ja-kansainvaliset-juhlapaivat","19":"tag-lapin-maakunta","20":"tag-latest-news","21":"tag-latestnews","22":"tag-main-news","23":"tag-mainnews","24":"tag-matkustaminen","25":"tag-news","26":"tag-otsikot","27":"tag-paauutiset","28":"tag-suomi","29":"tag-top-stories","30":"tag-topstories","31":"tag-turismi","32":"tag-uutiset"},"share_on_mastodon":{"url":"https:\/\/pubeurope.com\/@fi\/115775370287960908","error":""},"_links":{"self":[{"href":"https:\/\/www.europesays.com\/fi\/wp-json\/wp\/v2\/posts\/124917","targetHints":{"allow":["GET"]}}],"collection":[{"href":"https:\/\/www.europesays.com\/fi\/wp-json\/wp\/v2\/posts"}],"about":[{"href":"https:\/\/www.europesays.com\/fi\/wp-json\/wp\/v2\/types\/post"}],"author":[{"embeddable":true,"href":"https:\/\/www.europesays.com\/fi\/wp-json\/wp\/v2\/users\/2"}],"replies":[{"embeddable":true,"href":"https:\/\/www.europesays.com\/fi\/wp-json\/wp\/v2\/comments?post=124917"}],"version-history":[{"count":0,"href":"https:\/\/www.europesays.com\/fi\/wp-json\/wp\/v2\/posts\/124917\/revisions"}],"wp:featuredmedia":[{"embeddable":true,"href":"https:\/\/www.europesays.com\/fi\/wp-json\/wp\/v2\/media\/124918"}],"wp:attachment":[{"href":"https:\/\/www.europesays.com\/fi\/wp-json\/wp\/v2\/media?parent=124917"}],"wp:term":[{"taxonomy":"category","embeddable":true,"href":"https:\/\/www.europesays.com\/fi\/wp-json\/wp\/v2\/categories?post=124917"},{"taxonomy":"post_tag","embeddable":true,"href":"https:\/\/www.europesays.com\/fi\/wp-json\/wp\/v2\/tags?post=124917"}],"curies":[{"name":"wp","href":"https:\/\/api.w.org\/{rel}","templated":true}]}}