{"id":124925,"date":"2025-12-24T16:19:10","date_gmt":"2025-12-24T16:19:10","guid":{"rendered":"https:\/\/www.europesays.com\/fi\/124925\/"},"modified":"2025-12-24T16:19:10","modified_gmt":"2025-12-24T16:19:10","slug":"sabina-sarkka-herkistyi-kyyneliin-tama-koskettava-kysymys-hanelle-esitettiin","status":"publish","type":"post","link":"https:\/\/www.europesays.com\/fi\/124925\/","title":{"rendered":"Sabina S\u00e4rkk\u00e4 herkistyi kyyneliin &#8211; t\u00e4m\u00e4 koskettava kysymys h\u00e4nelle esitettiin"},"content":{"rendered":"<p>Sara Sieppi ojentaa kaksikon houstaamassa<a href=\"https:\/\/podimo.com\/fi\/shows\/sieppi-ja-sarkka\" rel=\"nofollow noopener\" target=\"_blank\"> podcastissa <\/a>paketin jos toisenkin podisiskolleen Sabina S\u00e4rk\u00e4lle.<\/p>\n<p>Toisessa paketissa ei ole mit\u00e4\u00e4n fyysist\u00e4, vaan kysymys.<\/p>\n<p>-M\u00e4 alan kohta itkee, Sara itse tunteilee.<\/p>\n<p>Sabina \u00e4llistyy ja on otettu. Paketin sis\u00e4ll\u00e4 on polaroid-kuva, jossa on teksti. H\u00e4n lukee siin\u00e4 olevan kysymyksen kuulijoille \u00e4\u00e4neen:<\/p>\n<p>-Tuletko kummiksi?<\/p>\n<p>Vastausta ei tarvitse paljon odotella.<\/p>\n<p>-Tuun! Totta kai! Ihanaa! Emm\u00e4 kest\u00e4!<\/p>\n<p>Molemmilla on tunteet pinnassa, kuten arvata saattaa.<\/p>\n<p>-T\u00e4\u00e4 on unelmien t\u00e4yttymys, Sara hehkuttaa.<\/p>\n<p>Kaksikon yst\u00e4vyys on kest\u00e4nyt pitk\u00e4\u00e4n, ja vaikka julkisuudessa joskus kerrottiin my\u00f6s siihen liittyvist\u00e4 haasteista, mik\u00e4\u00e4n yst\u00e4vyys ei ole vahvempi kuin koeteltu yst\u00e4vyys.<\/p>\n<p>Vauvamasu kasvaa vauhdilla<\/p>\n<p>Saran ja Pyryn lapsen laskettu aika on kev\u00e4\u00e4ll\u00e4. Sara on esiintynyt jo muutamaan otteeseen vauvamasukuvissaan, ja raskaus on kaikesta p\u00e4\u00e4tellen edennyt ihanan paksusti.<\/p>\n<p>Voit katsoa kuvia Sarasta n\u00e4iden linkkien takaa:<\/p>\n<p>Lue my\u00f6s: <a href=\"https:\/\/www.como.fi\/uutiset\/sara-siepista-tulee-aiti-katso-vauvamasukuva\/\" title=\"Sara Siepist\u00e4 tulee \u00e4iti \u2013 katso vauvamasukuva!\" class=\"underline-custom !font-montserrat !font-bold !underline-offset-4 !decoration-4 !decoration-red-600 !text-md\" rel=\"nofollow noopener\" target=\"_blank\">Sara Siepist\u00e4 tulee \u00e4iti \u2013 katso vauvamasukuva!<\/a><\/p>\n<p>Lue my\u00f6s: <a href=\"https:\/\/www.como.fi\/uutiset\/josses-miten-ihana-ja-iso-vauvamasu-sara-sieppi\/\" title=\"J\u00f6sses miten ihana ja iso vauvamasu, Sara Sieppi\" class=\"underline-custom !font-montserrat !font-bold !underline-offset-4 !decoration-4 !decoration-red-600 !text-md\" rel=\"nofollow noopener\" target=\"_blank\">J\u00f6sses miten ihana ja iso vauvamasu, Sara Sieppi<\/a><\/p>\n<p>Lue my\u00f6s: <a href=\"https:\/\/www.como.fi\/uutiset\/hillitonta-sara-siepin-vauvamasu-kasvaa-vauhdilla\/\" title=\"Hillit\u00f6nt\u00e4! Sara Siepin vauvamasu kasvaa vauhdilla!\" class=\"underline-custom !font-montserrat !font-bold !underline-offset-4 !decoration-4 !decoration-red-600 !text-md\" rel=\"nofollow noopener\" target=\"_blank\">Hillit\u00f6nt\u00e4! Sara Siepin vauvamasu kasvaa vauhdilla!<\/a><\/p>\n<p>P\u00e4\u00e4set n\u00e4kem\u00e4\u00e4n koskettavan tilanteen alta tai jos upotus ei n\u00e4y, <strong><a href=\"https:\/\/www.instagram.com\/p\/DSo4ZfJkXCN\/\" rel=\"nofollow noopener\" target=\"_blank\">niin sitten t\u00e4st\u00e4.<\/a><\/strong><\/p>\n<p>Lue my\u00f6s: <a href=\"https:\/\/www.como.fi\/tilaa-comon-uutiskirje\/\" title=\"Tilaa Comon uutiskirje ja tied\u00e4t mist\u00e4 kahvitauolla puhutaan! Nappaa kotimaan tv-vinkit ja puheenaiheet suoraan s\u00e4hk\u00f6postiin t\u00e4st\u00e4.\" class=\"underline-custom !font-montserrat !font-bold !underline-offset-4 !decoration-4 !decoration-red-600 !text-md\" rel=\"nofollow noopener\" target=\"_blank\">Tilaa Comon uutiskirje ja tied\u00e4t mist\u00e4 kahvitauolla puhutaan! Nappaa kotimaan tv-vinkit ja puheenaiheet suoraan s\u00e4hk\u00f6postiin t\u00e4st\u00e4.<\/a><\/p>\n<p>\t\t\t\t<script async src=\"\/\/www.instagram.com\/embed.js\"><\/script><\/p>\n","protected":false},"excerpt":{"rendered":"Sara Sieppi ojentaa kaksikon houstaamassa podcastissa paketin jos toisenkin podisiskolleen Sabina S\u00e4rk\u00e4lle. Toisessa paketissa ei ole mit\u00e4\u00e4n fyysist\u00e4,&hellip;\n","protected":false},"author":2,"featured_media":124926,"comment_status":"","ping_status":"","sticky":false,"template":"","format":"standard","meta":{"footnotes":""},"categories":[130],"tags":[137,33,31,30,4900,3423,32,109],"class_list":{"0":"post-124925","1":"post","2":"type-post","3":"status-publish","4":"format-standard","5":"has-post-thumbnail","7":"category-viihde","8":"tag-entertainment","9":"tag-fi","10":"tag-finland","11":"tag-finnish","12":"tag-sabina-su00e4rkku00e4","13":"tag-sara-sieppi","14":"tag-suomi","15":"tag-viihde"},"share_on_mastodon":{"url":"https:\/\/pubeurope.com\/@fi\/115775456040599686","error":""},"_links":{"self":[{"href":"https:\/\/www.europesays.com\/fi\/wp-json\/wp\/v2\/posts\/124925","targetHints":{"allow":["GET"]}}],"collection":[{"href":"https:\/\/www.europesays.com\/fi\/wp-json\/wp\/v2\/posts"}],"about":[{"href":"https:\/\/www.europesays.com\/fi\/wp-json\/wp\/v2\/types\/post"}],"author":[{"embeddable":true,"href":"https:\/\/www.europesays.com\/fi\/wp-json\/wp\/v2\/users\/2"}],"replies":[{"embeddable":true,"href":"https:\/\/www.europesays.com\/fi\/wp-json\/wp\/v2\/comments?post=124925"}],"version-history":[{"count":0,"href":"https:\/\/www.europesays.com\/fi\/wp-json\/wp\/v2\/posts\/124925\/revisions"}],"wp:featuredmedia":[{"embeddable":true,"href":"https:\/\/www.europesays.com\/fi\/wp-json\/wp\/v2\/media\/124926"}],"wp:attachment":[{"href":"https:\/\/www.europesays.com\/fi\/wp-json\/wp\/v2\/media?parent=124925"}],"wp:term":[{"taxonomy":"category","embeddable":true,"href":"https:\/\/www.europesays.com\/fi\/wp-json\/wp\/v2\/categories?post=124925"},{"taxonomy":"post_tag","embeddable":true,"href":"https:\/\/www.europesays.com\/fi\/wp-json\/wp\/v2\/tags?post=124925"}],"curies":[{"name":"wp","href":"https:\/\/api.w.org\/{rel}","templated":true}]}}