{"id":124939,"date":"2025-12-24T16:46:14","date_gmt":"2025-12-24T16:46:14","guid":{"rendered":"https:\/\/www.europesays.com\/fi\/124939\/"},"modified":"2025-12-24T16:46:14","modified_gmt":"2025-12-24T16:46:14","slug":"kuningas-charles-ohitti-prinsessa-annen-hovin-ahkerimpana-yllattava-tieto","status":"publish","type":"post","link":"https:\/\/www.europesays.com\/fi\/124939\/","title":{"rendered":"Kuningas Charles ohitti prinsessa Annen hovin ahkerimpana &#8211; Yll\u00e4tt\u00e4v\u00e4 tieto"},"content":{"rendered":"<p>            Chris Jackson\/WPA Pool\/Shutterstock\/All Over Press\n        <\/p>\n<p class=\"subtitle \">Prinsessa Anne joutui luopumaan paikastaan hovin ahkerimpana.<\/p>\n<p class=\"article-content article-content-width !bg-background\">Jo vuosien ajan, joka joulu, Britannian kuninkaallinen perhe on julkaissut\u00a0Court Circular\u00a0-listauksen. Tiedotteessa luetellaan ty\u00f6skentelevien kuninkaallisten kuninkaalliset ty\u00f6teht\u00e4v\u00e4t.<\/p>\n<p class=\"font-weight-bold m-font-weight-bold article-content article-content-width !bg-background\">Arkistovideo: He ovat Euroopan rikkaimmat kunkut<\/p>\n<p class=\"article-content article-content-width !bg-background\">Jo vuosien ajan samaisella listalla on k\u00e4ynyt ilmi, ett\u00e4 prinsessa, 75, on ollut koko hovin ahkerin ty\u00f6ntekij\u00e4. Tilastoista uutisoi muun muassa <a href=\"https:\/\/www.hellomagazine.com\/royalty\/874535\/king-charles-crowned-hardest-working-royal-2025\/\" target=\"_blank\" rel=\"nofollow noopener\">Hello!<\/a>-lehti.<\/p>\n<p class=\"article-content article-content-width !bg-background\">T\u00e4n\u00e4 vuonna palkintopalli on kuitenkin kiepsahtanut p\u00e4\u00e4laelleen, kun Annen ykk\u00f6ssijan vei itse kuningas.<\/p>\n<p class=\"article-content article-content-width !bg-background\">Sy\u00f6p\u00e4hoidoistaan \u2013 ja 77 vuoden i\u00e4st\u00e4\u00e4n \u2013 huolimatta kuningas Charles ehti tekem\u00e4\u00e4n kaikkiaan 532 kuninkaallista teht\u00e4v\u00e4\u00e4 viimeisen vuoden aikana.<\/p>\n<p class=\"article-content article-content-width !bg-background\">Kuninkaan ty\u00f6reissut sijoittuivat Britteinsaaren lis\u00e4ksi my\u00f6s ulkomaille Puolaan, Kanadaan, Italiaan ja Vatikaaniin.<\/p>\n<p class=\"article-content article-content-width !bg-background\">Annelle ty\u00f6teht\u00e4vi\u00e4 kertyi toki kunnioitettava m\u00e4\u00e4r\u00e4, vain 50 ty\u00f6keikkaa v\u00e4hemm\u00e4n kuin veljelleen. H\u00e4n vieraili Etel\u00e4-Afrikassa, Ukrainassa presidentti\u00a0luona, Australiassa ja Singaporessa.<\/p>\n<p>        <a itemprop=\"url\" href=\"https:\/\/www.seiska.fi\/kuninkaalliset\/prinssi-william-ja-prinsessa-catherine-suuri-uutinen\/1995290\" rel=\"nofollow noopener\" target=\"_blank\"><\/p>\n<p>\nPrinssi William ja prinsessa Catherine:\n<\/p>\n<p class=\"section-date\">\n        <strong class=\"article-section\" data-section=\"kuninkaalliset\"><br \/>\n            kuninkaalliset<br \/>\n        <\/strong><br \/>\n        18.11. 09:26\n    <\/p>\n<p>Prinssi William ja prinsessa Catherine: suuri uutinen\n    <\/p>\n<p itemprop=\"description\" class=\"subtitle \">\n    William ja Kate palaavat rakastettuun tilaisuuteen tauon j\u00e4lkeen.\n<\/p>\n<p>        <\/a><\/p>\n<p>                <img decoding=\"async\" src=\"https:\/\/www.europesays.com\/fi\/wp-content\/uploads\/2025\/12\/2030889.webp\" width=\"576\" height=\"322\" alt=\"Princess Royal on ollut ahkera ty\u00f6ntekij\u00e4 l\u00e4pi el\u00e4m\u00e4ns\u00e4.\" loading=\"lazy\" \/>            <\/p>\n<p>\n            Princess Royal on ollut ahkera ty\u00f6ntekij\u00e4 l\u00e4pi el\u00e4m\u00e4ns\u00e4.<br \/>\n            TOM WHITE \/ POOL \/ AOP\n        <\/p>\n<p>Muukin perhe ahkeroi<\/p>\n<p class=\"article-content article-content-width !bg-background\">Ahkeria olivat niin ik\u00e4\u00e4n Edinburghin herttuapari, prinssi\u00a0ja herttuatar. Edward hoiti 313 ty\u00f6teht\u00e4v\u00e4\u00e4, ja Sophielle niit\u00e4 kertyi 235. He vierailivat muun muassa Nepalissa ja Japanissa.<\/p>\n<p class=\"article-content article-content-width !bg-background\">Viidenneksi ahkerin kuninkaallinen oli kuningatar. H\u00e4n suoritti 228 edustusteht\u00e4v\u00e4\u00e4.<\/p>\n<p class=\"article-content article-content-width !bg-background\">Prinssi\u00a0puolestaan teki 202 virallista ty\u00f6teht\u00e4v\u00e4\u00e4, joista osa sijoittui muun muassa Viroon, Monacoon, Brasiliaan ja Vatikaaniin.<\/p>\n<p class=\"article-content article-content-width !bg-background\">Prinsessa\u00a0puolestaan palasi vasta vuosi sitten t\u00f6ihin sy\u00f6p\u00e4hoitojensa j\u00e4lkeen, ja h\u00e4nen ty\u00f6teht\u00e4v\u00e4m\u00e4\u00e4r\u00e4ns\u00e4 on pysynyt maltillisena toipumisen helpottamiseksi. H\u00e4n tiedotti alkuvuodesta sy\u00f6p\u00e4ns\u00e4 olevan remissiossa.<\/p>\n<p class=\"article-content article-content-width !bg-background\">Prinsessalle kertyi 69 ty\u00f6teht\u00e4v\u00e4\u00e4.\u00a0<\/p>\n<p class=\"article-content article-content-width !bg-background\">Teht\u00e4viin laskettiin kaikki ennen 18. joulukuuta tehdyt edustusteht\u00e4v\u00e4t.<\/p>\n<p>        <a itemprop=\"url\" href=\"https:\/\/www.seiska.fi\/kuninkaalliset\/prinssi-william-paljastus-prinsessa-catherinen-syovasta\/1989061\" rel=\"nofollow noopener\" target=\"_blank\"><\/p>\n<p>\nPrinssi avoimena:\n<\/p>\n<p class=\"section-date\">\n        <strong class=\"article-section\" data-section=\"kuninkaalliset\"><br \/>\n            kuninkaalliset<br \/>\n        <\/strong><br \/>\n        11.11. 10:27\n    <\/p>\n<p>Prinssi William: Paljastus prinsessa Catherinen sy\u00f6v\u00e4st\u00e4\n    <\/p>\n<p itemprop=\"description\" class=\"subtitle \">\n    Catherinen sy\u00f6p\u00e4hoidot s\u00e4ik\u00e4yttiv\u00e4t.\n<\/p>\n<p>        <\/a><\/p>\n","protected":false},"excerpt":{"rendered":"Chris Jackson\/WPA Pool\/Shutterstock\/All Over Press Prinsessa Anne joutui luopumaan paikastaan hovin ahkerimpana. Jo vuosien ajan, joka joulu, Britannian&hellip;\n","protected":false},"author":2,"featured_media":124940,"comment_status":"","ping_status":"","sticky":false,"template":"","format":"standard","meta":{"footnotes":""},"categories":[130],"tags":[1418,137,33,31,30,15250,4197,22276,212,22277,4200,6467,1724,32,9945,109],"class_list":{"0":"post-124939","1":"post","2":"type-post","3":"status-publish","4":"format-standard","5":"has-post-thumbnail","7":"category-viihde","8":"tag-britannian-kuninkaallinen-perhe","9":"tag-entertainment","10":"tag-fi","11":"tag-finland","12":"tag-finnish","13":"tag-herttuatar-sophie","14":"tag-kuningas-charles","15":"tag-kuninkaalliset-tyotehtavat","16":"tag-lifestyle","17":"tag-prinsessa-anne","18":"tag-prinsessa-catherine","19":"tag-prinssi-edward","20":"tag-prinssi-william","21":"tag-suomi","22":"tag-syopahoidot","23":"tag-viihde"},"share_on_mastodon":{"url":"https:\/\/pubeurope.com\/@fi\/115775562708504175","error":""},"_links":{"self":[{"href":"https:\/\/www.europesays.com\/fi\/wp-json\/wp\/v2\/posts\/124939","targetHints":{"allow":["GET"]}}],"collection":[{"href":"https:\/\/www.europesays.com\/fi\/wp-json\/wp\/v2\/posts"}],"about":[{"href":"https:\/\/www.europesays.com\/fi\/wp-json\/wp\/v2\/types\/post"}],"author":[{"embeddable":true,"href":"https:\/\/www.europesays.com\/fi\/wp-json\/wp\/v2\/users\/2"}],"replies":[{"embeddable":true,"href":"https:\/\/www.europesays.com\/fi\/wp-json\/wp\/v2\/comments?post=124939"}],"version-history":[{"count":0,"href":"https:\/\/www.europesays.com\/fi\/wp-json\/wp\/v2\/posts\/124939\/revisions"}],"wp:featuredmedia":[{"embeddable":true,"href":"https:\/\/www.europesays.com\/fi\/wp-json\/wp\/v2\/media\/124940"}],"wp:attachment":[{"href":"https:\/\/www.europesays.com\/fi\/wp-json\/wp\/v2\/media?parent=124939"}],"wp:term":[{"taxonomy":"category","embeddable":true,"href":"https:\/\/www.europesays.com\/fi\/wp-json\/wp\/v2\/categories?post=124939"},{"taxonomy":"post_tag","embeddable":true,"href":"https:\/\/www.europesays.com\/fi\/wp-json\/wp\/v2\/tags?post=124939"}],"curies":[{"name":"wp","href":"https:\/\/api.w.org\/{rel}","templated":true}]}}