{"id":124943,"date":"2025-12-24T16:50:11","date_gmt":"2025-12-24T16:50:11","guid":{"rendered":"https:\/\/www.europesays.com\/fi\/124943\/"},"modified":"2025-12-24T16:50:11","modified_gmt":"2025-12-24T16:50:11","slug":"raportti-nain-venaja-hyokkaisi-viroon","status":"publish","type":"post","link":"https:\/\/www.europesays.com\/fi\/124943\/","title":{"rendered":"Raportti: N\u00e4in Ven\u00e4j\u00e4 hy\u00f6kk\u00e4isi Viroon"},"content":{"rendered":"<p>Viroa on pidetty Ven\u00e4j\u00e4n yhten\u00e4 mahdollisena kohteena Ukrainan j\u00e4lkeen.<\/p>\n<p><img decoding=\"async\" class=\"image image-show image-preview\" src=\"https:\/\/www.europesays.com\/fi\/wp-content\/uploads\/2025\/12\/7c51260199d091f2e61904bccb131b74081918024e1f8a34dd2d099c447a747e.jpg\" alt=\"\"\/><img decoding=\"async\" class=\"image image-show\" src=\"https:\/\/www.europesays.com\/fi\/wp-content\/uploads\/2025\/12\/1766595011_934_7c51260199d091f2e61904bccb131b74081918024e1f8a34dd2d099c447a747e.jpg\" alt=\"\"\/><\/p>\n<p>Ajatushautomo ECFR:n raportin piirt\u00e4m\u00e4ss\u00e4 skenaariossa tunnuksettomat vihre\u00e4t miehet voisivat ylitt\u00e4\u00e4 rajan Viroon Ivangorodista kaaosta aiheuttavan hybridioperaation p\u00e4\u00e4tteeksi. Henri K\u00e4rkk\u00e4inen<\/p>\n<p class=\"paragraph\">Kaliningrad, <a href=\"https:\/\/www.iltalehti.fi\/politiikka\/a592b628-2cec-41d8-b538-0b267cffd5b2\" rel=\"nofollow noopener\" target=\"_blank\">Suwalkin k\u00e4yt\u00e4v\u00e4<\/a> ja Manner-Ven\u00e4j\u00e4 erist\u00e4v\u00e4t Viron maantieteellisesti muusta Euroopasta, mik\u00e4 tekee Virosta yhden Naton hankalimmin puolustettavista alueista. Sen lis\u00e4ksi Virossa on merkitt\u00e4v\u00e4 ven\u00e4j\u00e4nkielinen v\u00e4hemmist\u00f6, mik\u00e4 tekee siit\u00e4 alttiin vaikuttamisoperaatioille.<\/p>\n<p class=\"paragraph\">Ajatushautomo European Council on Foreign Relations (ECFR) arvioi Ven\u00e4j\u00e4n uhkaa Virolle juuri julkaistussa <a href=\"https:\/\/ecfr.eu\/publication\/the-bear-in-the-baltics-reassessing-the-russian-threat-in-estonia\/\" target=\"_blank\" rel=\"noopener nofollow\">raportissaan<\/a>.<\/p>\n<p class=\"paragraph\">Raportissa nostetaan esiin kaksi mahdollista skenaariota siit\u00e4, milt\u00e4 Ven\u00e4j\u00e4n hy\u00f6kk\u00e4ys Viroon voisi n\u00e4ytt\u00e4\u00e4.<\/p>\n<p>Kaksi skenaariota<\/p>\n<p class=\"paragraph\">Ensimm\u00e4inen skenaario on \u201dsuoranainen konventionaalinen hy\u00f6kk\u00e4ys\u201d.<\/p>\n<p class=\"paragraph\">Siin\u00e4 Ven\u00e4j\u00e4n tavoitteena voisi olla Narvan nopea valtaaminen tai hy\u00f6kk\u00e4ys kohti Tallinnaa. T\u00e4llaisella operaatiolla Ven\u00e4j\u00e4 voisi yritt\u00e4\u00e4 osoittaa Naton 5. artiklan toimimattomuuden tai saavuttaa aluevaltauksia ja pakottaa Naton neuvottelup\u00f6yt\u00e4\u00e4n.<\/p>\n<p class=\"paragraph\">Toinen, raportin mukaan uskottavampi skenaario on \u201dsis\u00e4\u00e4n ja ulos -hybridioperaatio\u201d.<\/p>\n<p class=\"paragraph\">Se voisi olla nopea ja helposti kiistett\u00e4v\u00e4 operaatio, jossa hy\u00f6dynnett\u00e4isiin paikallisia sijaistoimijoita, kybersabotaasia ja rajattuja tunkeutumisia rajan yli.<\/p>\n<p class=\"paragraph\">T\u00e4llaisen hybridioperaation tavoitteena olisi pikemmin aiheuttaa poliittista h\u00e4mmennyst\u00e4 kuin saavuttaa varsinaisia aluevaltauksia. Ep\u00e4m\u00e4\u00e4r\u00e4isell\u00e4 hybriditoiminnalla Ven\u00e4j\u00e4 voi testata ja hidastaa Naton p\u00e4\u00e4t\u00f6ksentekokyky\u00e4 ja osoittaa l\u00e4nnen kyvytt\u00f6myys ja ep\u00e4yhten\u00e4isyys.<\/p>\n<p class=\"paragraph\">Informaatiokampanjansa Ven\u00e4j\u00e4 voisi yritt\u00e4\u00e4 kohdentaa erityisesti It\u00e4-Virumaahan syytt\u00e4m\u00e4ll\u00e4 Viroa ven\u00e4j\u00e4nkielisen v\u00e4est\u00f6n syrjimisest\u00e4. It\u00e4-Virumaa on Ven\u00e4j\u00e4n vastaisen rajan maakunta, jossa sijaitsee rajakaupunki Narva. Siell\u00e4 masinoidut tai oikeat ven\u00e4j\u00e4mieliset ryhm\u00e4t voisivat j\u00e4rjest\u00e4\u00e4 mielenosoituksia tai mellakoita.<\/p>\n<p class=\"paragraph\">Voimaverkkoon tai julkisiin palveluihin kohdistetuilla kyberhy\u00f6kk\u00e4yksill\u00e4 voidaan lis\u00e4t\u00e4 kaaosta entisest\u00e4\u00e4n, jolloin Ven\u00e4j\u00e4 voisi suorittaa rajattuja sotilaallisia toimia. Siin\u00e4 vaiheessa sotilastiedustelupalvelu GRU:n johtamat paikalliset ryhmittym\u00e4t voisivat yritt\u00e4\u00e4 vallata hallinnollisia rakennuksia, poliisiasemia tai siltoja ja tunnuksettomat miehet ylitt\u00e4\u00e4 rajan tarkoituksenaan \u201dpuolustaa Ven\u00e4j\u00e4n kansalaisia\u201d.<\/p>\n<p class=\"paragraph\">Raportin mukaan t\u00e4llainen operaatio kest\u00e4isi alle 48 tuntia \u2013 riitt\u00e4v\u00e4n kauan kaaoksen aiheuttamiseksi mutta riitt\u00e4v\u00e4n lyhyen aikaa avoimen sodan v\u00e4ltt\u00e4miseksi.<\/p>\n<p class=\"paragraph\">Vastaavia informaatio- ja kybervaikuttamisen keinoja Ven\u00e4j\u00e4 k\u00e4ytti vuonna 2014 It\u00e4-Ukrainassa ennen kuin tunnuksettomat \u201dpienet vihre\u00e4t miehet\u201d ilmestyiv\u00e4t miehitt\u00e4m\u00e4\u00e4n t\u00e4rkeit\u00e4 kohteita Krimill\u00e4.<\/p>\n<p class=\"paragraph\">My\u00f6s Viron rajalla havaittiin <a href=\"https:\/\/www.iltalehti.fi\/ulkomaat\/da37f5f9-5ac4-44de-9453-c1abce870a94\" rel=\"nofollow noopener\" target=\"_blank\">lokakuussa 2025<\/a> tunnuksettomia aseistautuneita joukkoja.<\/p>\n<p>Heikentynyt Ven\u00e4j\u00e4 ja vahvistunut Viro<\/p>\n<p class=\"paragraph\">Ven\u00e4j\u00e4 on kuitenkin heikentynyt Ukrainassa liikaa, jotta onnistuminen n\u00e4in korkean riskin operaatioissa olisi mahdollista. Raportin mukaan Ven\u00e4j\u00e4lt\u00e4 kest\u00e4isi Ukrainan sodan p\u00e4\u00e4ttymisen j\u00e4lkeen 5\u201310 vuotta valmistautua kuvattuun hy\u00f6kk\u00e4ykseen.<\/p>\n<p class=\"paragraph\">Samaan aikaan Viro on vahvistanut sotilaallista voimaansa asehankinnoilla. Viron puolustuksen keskeisiksi pilareiksi mainitaan tykist\u00f6, droonitorjunta ja kokonaismaanpuolustus, joka perustuu reserviin, laajaan maanpuolustustahtoon ja vapaaehtoiseen maanpuolustusj\u00e4rjest\u00f6 Kaitseliitiin. Raportin mukaan Viron puolustus ei ole en\u00e4\u00e4 t\u00e4ysin Naton ja Yhdysvaltain avun varassa.<\/p>\n<p class=\"paragraph\">Lis\u00e4ksi Viro on harjoitellut kuvatunlaisia skenaarioita varten, ja Nato seuraa Ven\u00e4j\u00e4n liikkeit\u00e4 tarkkaan.<\/p>\n<p class=\"paragraph\">Raportista kertoi ensin Suomessa <a href=\"https:\/\/www.verkkouutiset.fi\/a\/venajan-iskusuunnitelma-viroon-tallainen-olisi-kremlin-todennakoisin-hyokkays\/#723d1786\" target=\"_blank\" rel=\"noopener nofollow\">Verkkouutiset<\/a>.<\/p>\n","protected":false},"excerpt":{"rendered":"Viroa on pidetty Ven\u00e4j\u00e4n yhten\u00e4 mahdollisena kohteena Ukrainan j\u00e4lkeen. Ajatushautomo ECFR:n raportin piirt\u00e4m\u00e4ss\u00e4 skenaariossa tunnuksettomat vihre\u00e4t miehet voisivat&hellip;\n","protected":false},"author":2,"featured_media":124944,"comment_status":"","ping_status":"","sticky":false,"template":"","format":"standard","meta":{"footnotes":""},"categories":[14],"tags":[35,802,22,23,26,27,33,31,30,17,24,25,803,28,29,15,18,21,637,2535,32,19,20,2534,56,16,59,60,61],"class_list":{"0":"post-124943","1":"post","2":"type-post","3":"status-publish","4":"format-standard","5":"has-post-thumbnail","7":"category-ulkomaat","8":"tag-24h","9":"tag-armeijat-ja-aseelliset-joukot","10":"tag-breaking-news","11":"tag-breakingnews","12":"tag-featured-news","13":"tag-featurednews","14":"tag-fi","15":"tag-finland","16":"tag-finnish","17":"tag-headlines","18":"tag-latest-news","19":"tag-latestnews","20":"tag-levottomuudet-ja-sodat","21":"tag-main-news","22":"tag-mainnews","23":"tag-news","24":"tag-otsikot","25":"tag-paauutiset","26":"tag-politiikka","27":"tag-puolustuspolitiikka","28":"tag-suomi","29":"tag-top-stories","30":"tag-topstories","31":"tag-turvallisuuspolitiikka","32":"tag-ulkomaat","33":"tag-uutiset","34":"tag-world","35":"tag-world-news","36":"tag-worldnews"},"share_on_mastodon":{"url":"https:\/\/pubeurope.com\/@fi\/115775578480421150","error":""},"_links":{"self":[{"href":"https:\/\/www.europesays.com\/fi\/wp-json\/wp\/v2\/posts\/124943","targetHints":{"allow":["GET"]}}],"collection":[{"href":"https:\/\/www.europesays.com\/fi\/wp-json\/wp\/v2\/posts"}],"about":[{"href":"https:\/\/www.europesays.com\/fi\/wp-json\/wp\/v2\/types\/post"}],"author":[{"embeddable":true,"href":"https:\/\/www.europesays.com\/fi\/wp-json\/wp\/v2\/users\/2"}],"replies":[{"embeddable":true,"href":"https:\/\/www.europesays.com\/fi\/wp-json\/wp\/v2\/comments?post=124943"}],"version-history":[{"count":0,"href":"https:\/\/www.europesays.com\/fi\/wp-json\/wp\/v2\/posts\/124943\/revisions"}],"wp:featuredmedia":[{"embeddable":true,"href":"https:\/\/www.europesays.com\/fi\/wp-json\/wp\/v2\/media\/124944"}],"wp:attachment":[{"href":"https:\/\/www.europesays.com\/fi\/wp-json\/wp\/v2\/media?parent=124943"}],"wp:term":[{"taxonomy":"category","embeddable":true,"href":"https:\/\/www.europesays.com\/fi\/wp-json\/wp\/v2\/categories?post=124943"},{"taxonomy":"post_tag","embeddable":true,"href":"https:\/\/www.europesays.com\/fi\/wp-json\/wp\/v2\/tags?post=124943"}],"curies":[{"name":"wp","href":"https:\/\/api.w.org\/{rel}","templated":true}]}}